{"id":37430,"date":"2007-02-27T19:54:53","date_gmt":"2007-02-27T19:54:53","guid":{"rendered":"http:\/\/diariodominicano.ddns.net\/?p=37430"},"modified":"2007-02-27T19:54:53","modified_gmt":"2007-02-27T19:54:53","slug":"el-tiro-rapido-427","status":"publish","type":"post","link":"https:\/\/diariodominicano.com\/?p=37430","title":{"rendered":"EL TIRO RAPIDO"},"content":{"rendered":"<p><body><\/p>\n<h1 align=\"center\" class=\"titulogrande1\"><em>EL TIRO RAPIDO<\/em><\/h1>\n<p>&#13;<\/p>\n<p align=\"center\"><span class=\"textopq1\">de<\/span><br \/>&#13;<br \/>\n  <br \/>&#13;<br \/>\n    <span class=\"textogrande\"><em>Mario  Rivadulla<\/em><\/span><\/p>\n<p>&#13;<\/p>\n<p align=\"justify\" class=\"text1noticias\">El tema de las zonas francas  est\u00e0 tan caliente que es preciso regresar a \u00e8l.<\/p>\n<p>&#13;<\/p>\n<p align=\"justify\" class=\"text1noticias\">El pasado mi\u00e8rcoles  precisamente,\u00a0 ADOZONA, entidad que  representa a ese sector, despleg\u00f3 un comunicado en la prensa escrita\u00a0 planteando su situaci\u00f2n y reclamando la ayuda  oficial para salir de su actual impasse que ha provocado el cierre o reducci\u00f3n  de operaciones de empresas del sector textil, y la consiguiente cesaci\u00f3n en sus  puestos de trabajo de miles de obreros.<\/p>\n<p>&#13;<\/p>\n<p align=\"justify\" class=\"text1noticias\">Las dos medidas propuestas por  ADOZONA para el rescate del sector son: agilizar la entrada en vigencia del  Tratado de Libre Comercio con los Estados Unidos y Centroam\u00e9rica, y la  depreciaci\u00f3n progresiva del peso en relaci\u00f2n con el d\u00f2lar hasta llegar a una  tasa que, aunque no se menciona de manera expresa, se tiene entendido que  estar\u00eca en el orden de 40 a  41 por d\u00f3lar en vez de los 33\/34 en que se ha mantenido pr\u00e1cticamente desde el  mismo arribo al poder de la actual administraci\u00f3n.<\/p>\n<p>&#13;<\/p>\n<p align=\"justify\" class=\"text1noticias\">Sobre lo primero, parece haber  consenso, o al menos, no existe manifiesta oposici\u00f2n.\u00a0 De hecho, con el acuerdo a que se ha llegado  con la empresa Chevron Texaco, es de esperar que no surjan m\u00e0s inconvenientes  para su entrada en vigencia.<\/p>\n<p>&#13;<\/p>\n<p align=\"justify\" class=\"text1noticias\">Pero en cuanto a lo segundo es  otro cantar.\u00a0 <\/p>\n<p>&#13;<\/p>\n<p align=\"justify\" class=\"text1noticias\">Las actuales autoridades  monetarias y el gobierno han resistido los persistentes reclamos del sector  zonfranquero para que aumente la tasa del d\u00f2lar.\u00a0 De hecho, el principal logro econ\u00f2mico que se  atribuye a la presente administraci\u00f3n es haber mantenido la estabilidad macroecon\u00f3mica  con una tasa de cambio que se ha mantenido en el rango de entre 33 y 34. Tal  parece ser la realidad del mercado.\u00a0\u00a0 Ni  que decir que esta estabilidad es esencial para el mejor desenvolvimiento de la  econom\u00eca y de los negocios,\u00a0 que durante  los dos \u00faltimos a\u00f1os del Presidente Mej\u00eca acusaron el m\u00e0s err\u00e1tico  comportamiento siempre hacia el alza, llegando a alcanzar el nivel de 58 por  uno.<\/p>\n<p>&#13;<\/p>\n<p align=\"justify\" class=\"text1noticias\">Hemos dicho y sostenido que las  zonas francas, cuyo modelo en su concepci\u00f3n original est\u00e0 agotado e  inexorablemente cercano a desaparecer, debe recibir respaldo del gobierno para  contribuir a su reconversi\u00f3n en unidades de producci\u00f3n eficientes y  competitivas, sobre todo por raz\u00f3n de los empleos que genera.\u00a0 Pero las f\u00f2rmulas de ayuda tienen que ser  creativas y en modo alguno conspirar contra el resto del pa\u00ecs.<\/p>\n<p>&#13;<\/p>\n<p align=\"justify\" class=\"text1noticias\">Quienes sostienen que para  sobrevivir las zonas francas precisan de un peso m\u00e0s devaluado, silencian las  consecuencias que esto tendr\u00eda para la econom\u00eca general y c\u00f2mo influir\u00eca de  manera negativa sobre el ya bien sobrecargado costo de la vida.<\/p>\n<p>&#13;<\/p>\n<p align=\"justify\" class=\"text1noticias\">Con un d\u00f2lar a 40 o 41 pesos en  vez de a la tasa actual&#8230;\u00bfno se desequilibrar\u00eca el prespuesto de la naci\u00f2n  afectando todas sus diversas partidas, incluyendo educaci\u00f3n, salud, obras  p\u00f9blicas y planes sociales? \u00bfno tendr\u00eda el gobierno que utilizar m\u00e0s pesos para  comprar los d\u00f3lares necesarios a fin de pagar el servicio de la cuantiosa deuda  externa?\u00a0 \u00bfno habr\u00eca que emplear tambi\u00e8n  muchos m\u00e0s pesos para pagar la factura petrolera?\u00a0 Y de igual modo, \u00bfpara pagar todas las importaciones  de bienes, maquinarias y servicios?\u00a0 <\/p>\n<p>&#13;<\/p>\n<p align=\"justify\" class=\"text1noticias\">Y si esto es as\u00ec&#8230; \u00bfno se  afectar\u00ecan los costos de producci\u00f3n y operaci\u00f3n locales de todas las  actividades industriales y comerciales? \u00bfno habr\u00eca que pagar m\u00e0s cara todav\u00eca  la electricidad? \u00bfy los combustibles? \u00bfy el transporte? \u00bfy el gas? \u00bfy los  alimentos? \u00bfy los fertilizantes e insumos para la agricultura?<\/p>\n<p>&#13;<\/p>\n<p align=\"justify\" class=\"text1noticias\">\u00bfNo afectar\u00eca esto de manera  general y significativa el costo de la vida?\u00a0  \u00bfPudiera la inmensa mayor\u00eca de la\u00a0gente resistir m\u00e0s agobios sobre su ya bastante lesionada econom\u00eca  dom\u00e8stica?\u00a0 \u00bfC\u00f2mo mantener un m\u00ednimo de  estabilidad social, al margen de estallidos de c\u00f2lera y desesperados actos de  sublevaci\u00f3n? \u00bfSe imaginan el costo social y pol\u00edtico y el riesgo institucional  que todo esto conllevar\u00eca a una poblaci\u00f3n que est\u00e0 pagando las consecuencias de  toda una serie de situaciones de las que no es responsable sino v\u00ecctima?<\/p>\n<p>&#13;<\/p>\n<p align=\"justify\" class=\"text1noticias\">Ojal\u00e0 las voces de enjundiosos  economistas y representativos de las zonas francas que abogan con tanta  determinaci\u00f3n por una mayor devaluaci\u00f3n del peso, pudieran arrojar luz sobre  estos preocupantes aspectos. <br \/>&#13;<br \/>\n  <br \/>&#13;<br \/>\nDemostrar que estamos equivocados y proveer  tranquilidad a quienes, por el contrario, creemos que depreciar el peso como  tabla de salvaci\u00f3n de las zonas francas, comportar\u00eca los m\u00e0s graves riesgos y  perjuicios para el resto del pa\u00ecs.<\/p>\n<p>&#13;<\/p>\n<p align=\"justify\" class=\"text1noticias\">Si estamos errados,\u00a0 que se nos demuestre. <\/p>\n<p>&#13;<\/p>\n<h6> 2007-02-27 19:54:53 <\/h6>\n<p><!--\n<link rel=\"stylesheet\" href=\"css\/bootstrap.min.css\">\n\n\n<ul class=\"pagination\">\n\t    \n\t\n\n<li >\n\t<a href='?page_no=13193'>Previous<\/a>\n\t<\/li>\n\n\n       \n    \n\n<li><a href='?page_no=1'>1<\/a><\/li>\n\n\n\n<li><a href='?page_no=2'>2<\/a><\/li>\n\n\n\n<li><a>...<\/a><\/li>\n\n\n\n<li><a href='?page_no=13192'>13192<\/a><\/li>\n\n\n\n<li><a href='?page_no=13193'>13193<\/a><\/li>\n\n\n\n<li class='active'><a>13194<\/a><\/li>\n\n\n\n<li><a href='?page_no=13195'>13195<\/a><\/li>\n\n\n\n<li><a href='?page_no=13196'>13196<\/a><\/li>\n\n\n\n<li><a>...<\/a><\/li>\n\n\n\n<li><a href='?page_no=13611'>13611<\/a><\/li>\n\n\n\n<li><a href='?page_no=13612'>13612<\/a><\/li>\n\n    \n\t\n\n<li >\n\t<a href='?page_no=13195'>Next<\/a>\n\t<\/li>\n\n\n    \n\n<li><a href='?page_no=13612'>Last &rsaquo;&rsaquo;<\/a><\/li>\n\n<\/ul>\n\n\n--><br \/>\n<\/body><\/p>\n","protected":false},"excerpt":{"rendered":"<p>EL TIRO RAPIDO &#13; de&#13; &#13; Mario Rivadulla &#13; El tema de las zonas francas est\u00e0 tan caliente que es preciso regresar a \u00e8l. &#13; El pasado mi\u00e8rcoles precisamente,\u00a0 ADOZONA, entidad que representa a ese sector, despleg\u00f3 un comunicado en la prensa escrita\u00a0 planteando su situaci\u00f2n y reclamando la ayuda oficial para salir de su [&hellip;]<\/p>\n","protected":false},"author":3,"featured_media":0,"comment_status":"open","ping_status":"open","sticky":false,"template":"","format":"standard","meta":{"footnotes":""},"categories":[16],"tags":[],"class_list":["post-37430","post","type-post","status-publish","format-standard","hentry","category-opiniones"],"_links":{"self":[{"href":"https:\/\/diariodominicano.com\/index.php?rest_route=\/wp\/v2\/posts\/37430","targetHints":{"allow":["GET"]}}],"collection":[{"href":"https:\/\/diariodominicano.com\/index.php?rest_route=\/wp\/v2\/posts"}],"about":[{"href":"https:\/\/diariodominicano.com\/index.php?rest_route=\/wp\/v2\/types\/post"}],"author":[{"embeddable":true,"href":"https:\/\/diariodominicano.com\/index.php?rest_route=\/wp\/v2\/users\/3"}],"replies":[{"embeddable":true,"href":"https:\/\/diariodominicano.com\/index.php?rest_route=%2Fwp%2Fv2%2Fcomments&post=37430"}],"version-history":[{"count":0,"href":"https:\/\/diariodominicano.com\/index.php?rest_route=\/wp\/v2\/posts\/37430\/revisions"}],"wp:attachment":[{"href":"https:\/\/diariodominicano.com\/index.php?rest_route=%2Fwp%2Fv2%2Fmedia&parent=37430"}],"wp:term":[{"taxonomy":"category","embeddable":true,"href":"https:\/\/diariodominicano.com\/index.php?rest_route=%2Fwp%2Fv2%2Fcategories&post=37430"},{"taxonomy":"post_tag","embeddable":true,"href":"https:\/\/diariodominicano.com\/index.php?rest_route=%2Fwp%2Fv2%2Ftags&post=37430"}],"curies":[{"name":"wp","href":"https:\/\/api.w.org\/{rel}","templated":true}]}}