{"id":37428,"date":"2007-03-01T13:47:41","date_gmt":"2007-03-01T13:47:41","guid":{"rendered":"http:\/\/diariodominicano.ddns.net\/?p=37428"},"modified":"2007-03-01T13:47:41","modified_gmt":"2007-03-01T13:47:41","slug":"las-principales-en-teledebate-116","status":"publish","type":"post","link":"https:\/\/diariodominicano.com\/?p=37428","title":{"rendered":"LAS PRINCIPALES EN TELEDEBATE"},"content":{"rendered":"<p><body><\/p>\n<p><span class=\"titulogrande1\"><em>LAS PRINCIPALES EN TELEDEBATE\u00a0\u00a0\u00a0<\/em><\/span><br \/> &#13;<br \/>\n  <br \/>&#13;<br \/>\n  <span class=\"linksnoticias\"><em>Lunes<\/em><\/span>  <span class=\"textopq1\">26,02,07<\/span><\/p>\n<p>&#13;<\/p>\n<p align=\"justify\"><em><strong>EXPECTATIVA DE CAMBIOS.<\/strong><\/em>\u00a0  <span class=\"text1noticias\">En la antesala del aniversario de la independencia, hay creada una gran  expectaci\u00f3n en los c\u00edrculos pol\u00edticos por el discurso del Presidente Leonel  Fern\u00e1ndez ma\u00f1ana ante la   Asamblea Nacional.\u00a0  Pero m\u00e0s que por las medidas de gobierno frente a temas tan puntuales  como la seguridad ciudadana, la crisis el\u00e9ctrica, el tema de las zonas francas  y el transporte p\u00f9blico la atenci\u00f3n se centra en la posibilidad de cambios en  el equipo de gobierno.<\/span><\/p>\n<p>&#13;<\/p>\n<p align=\"justify\" class=\"text1noticias\"><em><strong>LOS DANILISTAS EN ASCUAS.<\/strong><\/em>\u00a0 \u00bfIncidir\u00e0 la campa\u00f1a interna de Danilo Medina  en la remoci\u00f3n de funcionarios que apoyan las aspiraciones de \u00e8ste?\u00a0 Salvo algunas remociones menores en la planta  baja de la administraci\u00f3n, el mandatario se ha mostrado flexible y tolerante  con los seguidores de Medina.\u00a0<br \/>&#13;<br \/>\n  <br \/>  &#13;<br \/>\nPero&#8230;\u00bfmantendr\u00e0 esa misma postura frente al agresivo discurso asumido  por su ex Secretario de la   Presidencia censurando las pol\u00edticas oficiales?\u00a0 Los danilistas est\u00e0n en ascuas.<\/p>\n<p>&#13;<\/p>\n<p align=\"justify\" class=\"text1noticias\"><em><strong>IMPOTENTES&#8230;PERO  EFICIENTES.\u00a0 <\/strong><\/em>Por robar, est\u00e0n robando  hasta a los muertos en los cementerios.\u00a0  En Cristo Redentor inclusive han sido exhumados cad\u00e1veres sin la menor  autorizaci\u00f3n para cambiarlos de sitio.\u00a0 Al  parecer despu\u00e8s de las cinco de la tarde, en ese campo santo puede ocurrir cualquier  cosa. Las autoridades del mismo se confiesan impotentes para controlar la  situaci\u00f2n.\u00a0 Eso s\u00ec&#8230;a la hora del cobro  de derechos de enterramiento el nivel de eficiencia es al ciento por ciento.<\/p>\n<p>&#13;<\/p>\n<p align=\"justify\" class=\"text1noticias\"><em><strong>UNA VIEJA ESTAFA CONTRA LAS  ASEGURADORAS.<\/strong><\/em>\u00a0 Grave, grav\u00edsima la  situaci\u00f2n denunciada por el empresario de seguros Bienvenido Corominas Pep\u00ecn  sobre la alianza c\u00f3mplice entre abogados, m\u00e8dicos legistas y agentes policiales  para estafar al sector asegurador reportando falsos accidentes de tr\u00e0nsito y  abultando la gravedad de las lesiones de las v\u00ecctimas y los da\u00f1os de los  veh\u00edculos.\u00a0 Es una vieja, viciosa y  abusadas estafa pero que al parecer ha adquirido niveles m\u00e0s escandalosos en  los \u00faltimos tiempos.<\/p>\n<p>&#13;<\/p>\n<p align=\"justify\" class=\"text1noticias\"><em><strong>TAMBIEN PRODUCIMOS  CULTURA.<\/strong><\/em>\u00a0 Por ah\u00ec viene ya caminando a  paso raudo el m\u00e0s importante evento cultural del pa\u00ecs.\u00a0 Es la D\u00e9cima Feria Internacional del Libro, la  monumental fiesta de art\u00edstica y cultural que podremos disfrutar durante dos  semanas. Cada a\u00f1o, la Feria  supera a la anterior.\u00a0 Presenta m\u00e0s  actividades, atracciones y escritores de renombre, recibe mayor cantidad de  p\u00f9blico y gana en prestigio. Buena oportunidad para recordar que no solo  producimos excelentes peloteros y bachateros.<\/p>\n<p>&#13;<\/p>\n<p align=\"justify\" class=\"text1noticias\"><em><strong>LOS DELITOS COMPROBADOS&#8230;\u00bfNO  SE PERSIGUEN DE OFICIO?<\/strong><\/em> \u00bfEntonces si la v\u00ecctima de un atraco por temor a  represalias o porque le devuelven parte o la totalidad de lo robado retira o  desiste de poner la querella contra los malhechores, la fiscal\u00eca manda a \u00e8stos  para su casa aunque se trate de un delito comprobado para que sigan cometiendo  fechor\u00edas?\u00a0 Pero y la admisi\u00f3n del hecho  delictivo \u00bfno obliga a perseguirlo de oficio?\u00a0<br \/>&#13;<br \/>\n  <br \/>  &#13;<br \/>\nPor lo visto, el \u00f9nico hoyo en la Justicia no es el que ve el magistrado Luciano  Pichardo en el C\u00f3digo Procesal&#8230;\u00bfQu\u00e8 dice a esto el Procurador General de la Rep\u00f9blica?<\/p>\n<p>&#13;<\/p>\n<p align=\"justify\" class=\"text1noticias\"><em><strong>USO IRREVERENTE DE LOS S\u00cdMBOLOS  PATRIOS.\u00a0<\/strong><\/em> El uso de s\u00edmbolos y valores  patrios para anuncios comerciales es una pr\u00e0ctica irreverente y cada vez m\u00e0s  utilizada.\u00a0 No hace mucho, un atleta  exhib\u00eca unos shorts que eran una reproducci\u00f3n de la bandera nacional.\u00a0 Y ahora una marca de leche en polvo,\u00a0 saca un anuncio sugestivo donde dice que los  padres de la patria necesitaron de salud, coraz\u00f3n y fortaleza. El mensaje  subliminal es que esos requisitos los aporta la leche en cuesti\u00f3n.\u00a0 Por favor&#8230;!un poco m\u00e0s de respeto!<\/p>\n<p>&#13;<\/p>\n<p align=\"justify\" class=\"text1noticias\"><em><strong>QUE MIREN LA VIGA EN SU OJO.<\/strong><\/em> \u00bfEntonces  inmigrantes indocumentados en los Estados Unidos son llevados a prisi\u00f3n donde  pueden permanecer d\u00ecas, meses y hasta a\u00f1os, separados de sus familias e hijos  menores?\u00a0 Y todav\u00eca tienen la cachaza algunas  ONGs de acusarnos por maltrato a los indocumentados haitianos que aqu\u00ec son  posiblemente un mill\u00f2n o m\u00e0s y critican cuando las autoridades deportan unos  pocos cientos. Eso se llama ver la paja en ojo ajeno y no la viga en el propio.<\/p>\n<p>&#13;<\/p>\n<p align=\"justify\" class=\"text1noticias\"><em><strong>CUMBRE ANTIDROGAS.<\/strong><\/em>\u00a0 Interesante el anuncio de que para el 15 de  Marzo habr\u00e0 una cumbre en el pa\u00ecs donde las autoridades colombianas y  dominicanas analizar\u00e0n el tema de las drogas y buscar\u00e0n caminos de acci\u00f2n  conjunta para prevenir y enfrentar el narcotr\u00e1fico.\u00a0 Cierto que al igual que la delincuencia, el  problema tiene ra\u00edces\u00a0 variadas  incluyendo marginalidad social, pero esa realidad no excluye el adoptar las  obligadas medidas de las autoridades de orden p\u00f9blico para ponerle freno.<\/p>\n<p>&#13;<\/p>\n<p align=\"justify\" class=\"text1noticias\"><em><strong>SANCION PARA EL  CONTRABANDO.\u00a0 <\/strong><\/em>Los contrabandistas no  descansan. Pero tampoco el celo de Aduanas. <br \/>&#13;<br \/>\n  <br \/>&#13;<br \/>\nEn lo que va de a\u00f1o, ha ocupado 312  furgones de mercanc\u00ecas no declaradas o consignadas falsamente con un valor  global de 825 millones de pesos.\u00a0 A las  multas y recargos por parte de la autoridad arancelaria debiera sumarse tambi\u00e8n  la penal en los tribunales de justicia.\u00a0  Parece sin embargo que en \u00e8stos hay poca disposici\u00f2n a sancionar ese  delito que es tan grave como cualquier otro acto de corrupci\u00f2n. <\/p>\n<p>&#13;<\/p>\n<p align=\"justify\" class=\"text1noticias\"><em><strong>LA TUERCA ROMPE LA ROSCA.<\/strong><\/em> El nuevo aumento  del impuesto selectivo a la cerveza y al ron provoc\u00f2 una baja significativa en  las ventas de ambos durante el pasado enero y de seguro en febrero no debe  haber mejorado esa situaci\u00f2n. Ahora se reporta que con la subida de los  impuestos a los hidrocarburos, la recaudaci\u00f3n por este concepto se redujo en  relaci\u00f2n al 2006. Moraleja: no se puede apretar demasiado la tuerca para que no  rompa la rosca.<\/p>\n<p>&#13;<\/p>\n<p align=\"justify\" class=\"text1noticias\"><em><strong>\u00a1QUE CELEBRACI\u00d3N DEL DIA DE LA PATRIA!<\/strong><\/em> Y como que est\u00e0  fuerte eso de que se haya levantado la prohibici\u00f2n del horario nocturno y  autorizado la bebentina sin l\u00ecmite de tiempo con motivo del 27 de Febrero.\u00a0 <br \/>&#13;<br \/>\n  <br \/>&#13;<br \/>\n\u00bfEntonces as\u00ec es como instamos a la  ciudadan\u00eca a que celebre la m\u00e0s importante\u00a0  fecha patri\u00f3tica?\u00a0 \u00bfA qui\u00e8n se le  habr\u00e0 ocurrido la infortunada idea?\u00a0 Y  despu\u00e8s nos quejamos de la p\u00e8rdida de valores.<\/p>\n<p>&#13;<\/p>\n<p align=\"justify\" class=\"text1noticias\"><em><strong>EL MEJOR PASQU\u00cdN ELECTORAL DEL  GOBIERNO.<\/strong><\/em>\u00a0 Todo parece indicar que la  gente de Las Praderas, El Mill\u00f2n, La Castellana y sectores aleda\u00f1os a la N\u00fa\u00f1ez de C\u00e1ceres van a  celebrar pronto la inauguraci\u00f3n del hermoso parque que se ha levantado donde  antes exist\u00eca un pantano pestilente y contaminante, que era un atentado a la  vista, al olfato y la salud.\u00a0 Obras como  \u00e8sa son las que reclaman otros barrios y comunidades para mejorar su  empobrecido entorno y disminuir un poco su arrabalizaci\u00f2n y son el mejor  pasqu\u00edn electoral que puede exhibir un gobierno para tratar de mantenerse en el  poder.<\/p>\n<p>&#13;<\/p>\n<h6> 2007-03-01 13:47:41 <\/h6>\n<p><!--\n<link rel=\"stylesheet\" href=\"css\/bootstrap.min.css\">\n\n\n<ul class=\"pagination\">\n\t    \n\t\n\n<li >\n\t<a href='?page_no=13191'>Previous<\/a>\n\t<\/li>\n\n\n       \n    \n\n<li><a href='?page_no=1'>1<\/a><\/li>\n\n\n\n<li><a href='?page_no=2'>2<\/a><\/li>\n\n\n\n<li><a>...<\/a><\/li>\n\n\n\n<li><a href='?page_no=13190'>13190<\/a><\/li>\n\n\n\n<li><a href='?page_no=13191'>13191<\/a><\/li>\n\n\n\n<li class='active'><a>13192<\/a><\/li>\n\n\n\n<li><a href='?page_no=13193'>13193<\/a><\/li>\n\n\n\n<li><a href='?page_no=13194'>13194<\/a><\/li>\n\n\n\n<li><a>...<\/a><\/li>\n\n\n\n<li><a href='?page_no=13611'>13611<\/a><\/li>\n\n\n\n<li><a href='?page_no=13612'>13612<\/a><\/li>\n\n    \n\t\n\n<li >\n\t<a href='?page_no=13193'>Next<\/a>\n\t<\/li>\n\n\n    \n\n<li><a href='?page_no=13612'>Last &rsaquo;&rsaquo;<\/a><\/li>\n\n<\/ul>\n\n\n--><br \/>\n<\/body><\/p>\n","protected":false},"excerpt":{"rendered":"<p>LAS PRINCIPALES EN TELEDEBATE\u00a0\u00a0\u00a0 &#13; &#13; Lunes 26,02,07 &#13; EXPECTATIVA DE CAMBIOS.\u00a0 En la antesala del aniversario de la independencia, hay creada una gran expectaci\u00f3n en los c\u00edrculos pol\u00edticos por el discurso del Presidente Leonel Fern\u00e1ndez ma\u00f1ana ante la Asamblea Nacional.\u00a0 Pero m\u00e0s que por las medidas de gobierno frente a temas tan puntuales como [&hellip;]<\/p>\n","protected":false},"author":3,"featured_media":0,"comment_status":"open","ping_status":"open","sticky":false,"template":"","format":"standard","meta":{"footnotes":""},"categories":[16],"tags":[],"class_list":["post-37428","post","type-post","status-publish","format-standard","hentry","category-opiniones"],"_links":{"self":[{"href":"https:\/\/diariodominicano.com\/index.php?rest_route=\/wp\/v2\/posts\/37428","targetHints":{"allow":["GET"]}}],"collection":[{"href":"https:\/\/diariodominicano.com\/index.php?rest_route=\/wp\/v2\/posts"}],"about":[{"href":"https:\/\/diariodominicano.com\/index.php?rest_route=\/wp\/v2\/types\/post"}],"author":[{"embeddable":true,"href":"https:\/\/diariodominicano.com\/index.php?rest_route=\/wp\/v2\/users\/3"}],"replies":[{"embeddable":true,"href":"https:\/\/diariodominicano.com\/index.php?rest_route=%2Fwp%2Fv2%2Fcomments&post=37428"}],"version-history":[{"count":0,"href":"https:\/\/diariodominicano.com\/index.php?rest_route=\/wp\/v2\/posts\/37428\/revisions"}],"wp:attachment":[{"href":"https:\/\/diariodominicano.com\/index.php?rest_route=%2Fwp%2Fv2%2Fmedia&parent=37428"}],"wp:term":[{"taxonomy":"category","embeddable":true,"href":"https:\/\/diariodominicano.com\/index.php?rest_route=%2Fwp%2Fv2%2Fcategories&post=37428"},{"taxonomy":"post_tag","embeddable":true,"href":"https:\/\/diariodominicano.com\/index.php?rest_route=%2Fwp%2Fv2%2Ftags&post=37428"}],"curies":[{"name":"wp","href":"https:\/\/api.w.org\/{rel}","templated":true}]}}