{"id":37427,"date":"2007-03-01T13:53:20","date_gmt":"2007-03-01T13:53:20","guid":{"rendered":"http:\/\/diariodominicano.ddns.net\/?p=37427"},"modified":"2007-03-01T13:53:20","modified_gmt":"2007-03-01T13:53:20","slug":"el-tiro-rapido-426","status":"publish","type":"post","link":"https:\/\/diariodominicano.com\/?p=37427","title":{"rendered":"EL TIRO RAPIDO"},"content":{"rendered":"<p><body><\/p>\n<p><span class=\"titulogrande1\"><em>EL TIRO RAPIDO<\/em><\/span><br \/>&#13;<br \/>\n  <br \/>&#13;<br \/>\n    <span class=\"textopq1\">de<\/span><br \/>&#13;<br \/>\n  <br \/>&#13;<br \/>\n  <span class=\"textogrande\"><em>Mario  Rivadulla<\/em><\/span><\/p>\n<p>&#13;<\/p>\n<p align=\"justify\" class=\"text1noticias\">Pensamos que en buena ley, ser\u00eca injusto negarle m\u00e8ritos a  la gesti\u00f3n del actual jefe de la Polic\u00eca Nacional.\u00a0  Al mayor general Santana P\u00e0ez se le reconoce estar desplegando esfuerzos  significativos por mejorar las condiciones, la actuaci\u00f3n y la imagen del cuerpo  de orden p\u00f9blico. No ha sido en vano: algunos avances de innegable importancia  se\u00a0 han\u00a0  cosechado en su mando.\u00a0 Pero  precisamente por ello mismo,\u00a0 es  necesario llamar su atenci\u00f3n sobre quejas y denuncias que ponen en riesgo su  gesti\u00f3n, y espec\u00ecficamente el llamado Plan Barrio Seguro.<\/p>\n<p>&#13;<\/p>\n<p align=\"justify\" class=\"text1noticias\">Por un lado,\u00a0 est\u00e0n los reclamos para  una implementaci\u00f2n m\u00e0s amplia y palpable de las medidas complementarias que  necesariamente tienen que acompa\u00f1ar la labor de prevenci\u00f3n y represi\u00f3n  policial.\u00a0 La mejor\u00eca en salud,  educaci\u00f3n, generaci\u00f3n de empleos, deportes, integraci\u00f2n familiar y valores  ciudadanos entre otros, no ha satisfecho ni las promesas de las autoridades ni  las expectativas que generaron.\u00a0 Sin esos  programas de aplicaci\u00f3n inmediata y con proyecci\u00f3n al mediano y largo plazos,  no existe la menor posibilidad de garantizar un clima de sosiego y seguridad  estables en los barrios que cubre el Plan de Seguridad Democr\u00e1tica.\u00a0 <\/p>\n<p>&#13;<\/p>\n<p align=\"justify\" class=\"text1noticias\">Pero a esa situaci\u00f2n se suma tambi\u00e8n el deterioro que se denuncia en la  disciplina y en las actuaciones cuestionables de no pocos agentes que  participan en la ejecuci\u00f3n del mismo. Las acusaciones y quejas coinciden desde  distintos litorales barriales y se dejan escuchar a trav\u00e8s de diferentes voces  representativas de los mismos.<\/p>\n<p>&#13;<\/p>\n<p align=\"justify\" class=\"text1noticias\">La semana pasada el cura p\u00e1rroco de San Mart\u00edn de Porres, en la populosa  barriada de Guachupita, dijo por lo claro que agentes destacados en la zona se  involucran con bandas de antisociales y de microtraficantes de drogas. A la  complicidad con los maleantes, se suman las detenciones arbitrarias y el cobro  de peaje para liberar a gente inocente.\u00a0  No es un hecho aislado.\u00a0 La caja  de resonancia no ha dejado de sonar y lo hace cada vez con mayor fuerza.<\/p>\n<p>&#13;<\/p>\n<p align=\"justify\" class=\"text1noticias\">De los barrios de la parte Norte de la capital llega el mismo preocupante  mensaje:\u00a0 la autoridad vestida con el  ropaje de la delincuencia de la que est\u00e0 supuesta a proteger a la gente. Igual  ocurre en el extendido sector de Buenos Aires donde el sentido de desprotecci\u00f3n  ha borrado la palabra sosiego del diccionario cotidiano del atemorizado  vecindario.\u00a0\u00a0 Y desde la ciudad de los 30  caballeros, el presidente de AMAPROSAN agrega la preocupaci\u00f2n por los apagones  y el incremento de la criminalidad a la provocada por el cierre de las empresas  de zona franca y los masivos despidos de su plantilla laboral.<\/p>\n<p>&#13;<\/p>\n<p align=\"justify\" class=\"text1noticias\">Sin ir m\u00e0s lejos en los propios predios de la Fiscal\u00eca del Distrito  Nacional, su alarmado titular propone que los ayudantes fiscales puedan auditar  el comportamiento de los agentes de la uniformada, debido a la cantidad  creciente de acciones ilegales y abusivas atribuidas a algunos de \u00e8stos.\u00a0 <\/p>\n<p>&#13;<\/p>\n<p align=\"justify\" class=\"text1noticias\">Cierto que el Jefe de la Polic\u00eca Nacional ha puesto un empe\u00f1o manifiesto  en limpiar la instituci\u00f3n de elementos indeseables.\u00a0 En d\u00ecas recientes,\u00a0 se divulg\u00f2 la informaci\u00f2n de que bajo su  mando, han sido dados de baja bastante m\u00e0s de seiscientos oficiales y agentes  del cuerpo por faltas graves.\u00a0 No pocos  han sido remitidos a la justicia ordinaria.\u00a0  Pero lamentablemente, los males, vicios y corruptelas en el seno de la  instituci\u00f3n vienen de muy atr\u00e0s, se encuentran profundamente arraigados y  extendidos y forman numerosos bolsones de elementos cuestionables que al amparo  del uniforme cometen todo g\u00e8nero de fechor\u00edas y abusos.<\/p>\n<p>&#13;<\/p>\n<p align=\"justify\" class=\"text1noticias\">Limpiar esa costra purulenta, extirpar toda la perversidad y el vandalismo  que contamina la instituci\u00f3n\u00a0 y que,  repetimos, viene de muy atr\u00e0s, no es tarea f\u00e0cil.\u00a0 A ella tendr\u00e0 que dedicar mayores empe\u00f1os la  jefatura de Santana P\u00e0ez.\u00a0 Porque no se  puede tener el enemigo dentro de la propia casa.\u00a0 Ni conquistar el necesario\u00a0 apoyo y sobre todo colaboraci\u00f3n efectiva de  la ciudadan\u00eca indispensable para que el cuerpo de orden p\u00f9blico pueda realizar  sus labores con la m\u00e1xima eficiencia,\u00a0\u00a0  si no se crea un v\u00ecnculo de confianza con la sociedad fundamentado en  las actuaciones transparentes de sus miembros.<\/p>\n<p>&#13;<\/p>\n<p align=\"justify\" class=\"text1noticias\">La conclusi\u00f3n y el mensaje a transmitir es que todav\u00eca queda mucho trecho  por andar y mucho follaje que remover para limpiar el cuerpo policial de  elementos indeseables, asociados a delincuentes y delincuentes ellos  mismos.\u00a0\u00a0 Y que para lograrlo, a m\u00e0s de  buenas intenciones, se precisa mejorar sustancialmente las condiciones de vida  de los agentes de la uniformada para que pueda llevarse a sus filas a elementos  de val\u00eca en disposici\u00f3n y capacidad de hacer una carrera policial basada en el  m\u00e0s estricto cumplimiento del deber y en el firme compromiso de servir de  garante a la seguridad ciudadana.<\/p>\n<p>&#13;<\/p>\n<h6> 2007-03-01 13:53:20 <\/h6>\n<p><!--\n<link rel=\"stylesheet\" href=\"css\/bootstrap.min.css\">\n\n\n<ul class=\"pagination\">\n\t    \n\t\n\n<li >\n\t<a href='?page_no=13190'>Previous<\/a>\n\t<\/li>\n\n\n       \n    \n\n<li><a href='?page_no=1'>1<\/a><\/li>\n\n\n\n<li><a href='?page_no=2'>2<\/a><\/li>\n\n\n\n<li><a>...<\/a><\/li>\n\n\n\n<li><a href='?page_no=13189'>13189<\/a><\/li>\n\n\n\n<li><a href='?page_no=13190'>13190<\/a><\/li>\n\n\n\n<li class='active'><a>13191<\/a><\/li>\n\n\n\n<li><a href='?page_no=13192'>13192<\/a><\/li>\n\n\n\n<li><a href='?page_no=13193'>13193<\/a><\/li>\n\n\n\n<li><a>...<\/a><\/li>\n\n\n\n<li><a href='?page_no=13611'>13611<\/a><\/li>\n\n\n\n<li><a href='?page_no=13612'>13612<\/a><\/li>\n\n    \n\t\n\n<li >\n\t<a href='?page_no=13192'>Next<\/a>\n\t<\/li>\n\n\n    \n\n<li><a href='?page_no=13612'>Last &rsaquo;&rsaquo;<\/a><\/li>\n\n<\/ul>\n\n\n--><br \/>\n<\/body><\/p>\n","protected":false},"excerpt":{"rendered":"<p>EL TIRO RAPIDO&#13; &#13; de&#13; &#13; Mario Rivadulla &#13; Pensamos que en buena ley, ser\u00eca injusto negarle m\u00e8ritos a la gesti\u00f3n del actual jefe de la Polic\u00eca Nacional.\u00a0 Al mayor general Santana P\u00e0ez se le reconoce estar desplegando esfuerzos significativos por mejorar las condiciones, la actuaci\u00f3n y la imagen del cuerpo de orden p\u00f9blico. No [&hellip;]<\/p>\n","protected":false},"author":3,"featured_media":0,"comment_status":"open","ping_status":"open","sticky":false,"template":"","format":"standard","meta":{"footnotes":""},"categories":[16],"tags":[],"class_list":["post-37427","post","type-post","status-publish","format-standard","hentry","category-opiniones"],"_links":{"self":[{"href":"https:\/\/diariodominicano.com\/index.php?rest_route=\/wp\/v2\/posts\/37427","targetHints":{"allow":["GET"]}}],"collection":[{"href":"https:\/\/diariodominicano.com\/index.php?rest_route=\/wp\/v2\/posts"}],"about":[{"href":"https:\/\/diariodominicano.com\/index.php?rest_route=\/wp\/v2\/types\/post"}],"author":[{"embeddable":true,"href":"https:\/\/diariodominicano.com\/index.php?rest_route=\/wp\/v2\/users\/3"}],"replies":[{"embeddable":true,"href":"https:\/\/diariodominicano.com\/index.php?rest_route=%2Fwp%2Fv2%2Fcomments&post=37427"}],"version-history":[{"count":0,"href":"https:\/\/diariodominicano.com\/index.php?rest_route=\/wp\/v2\/posts\/37427\/revisions"}],"wp:attachment":[{"href":"https:\/\/diariodominicano.com\/index.php?rest_route=%2Fwp%2Fv2%2Fmedia&parent=37427"}],"wp:term":[{"taxonomy":"category","embeddable":true,"href":"https:\/\/diariodominicano.com\/index.php?rest_route=%2Fwp%2Fv2%2Fcategories&post=37427"},{"taxonomy":"post_tag","embeddable":true,"href":"https:\/\/diariodominicano.com\/index.php?rest_route=%2Fwp%2Fv2%2Ftags&post=37427"}],"curies":[{"name":"wp","href":"https:\/\/api.w.org\/{rel}","templated":true}]}}