{"id":37424,"date":"2007-03-02T13:21:23","date_gmt":"2007-03-02T13:21:23","guid":{"rendered":"http:\/\/diariodominicano.ddns.net\/?p=37424"},"modified":"2007-03-02T13:21:23","modified_gmt":"2007-03-02T13:21:23","slug":"preguntas-sobre-el-discurso-presidencial-para-no-convertirse-en-vendedor-de-ilusiones","status":"publish","type":"post","link":"https:\/\/diariodominicano.com\/?p=37424","title":{"rendered":"Preguntas sobre el discurso presidencial para no convertirse en vendedor de ilusiones"},"content":{"rendered":"<p><body><\/p>\n<p align=\"justify\" class=\"titulogrande1\"><em>Preguntas sobre el discurso presidencial para no convertirse en vendedor de ilusiones<\/em><\/p>\n<p>&#13;<\/p>\n<p><span class=\"linksnoticias\"><em>Por <\/em><\/span><span class=\"textogrande\"><em>Guillermo Caram<\/em><\/span><\/p>\n<p>&#13;<\/p>\n<p align=\"justify\" class=\"text1noticias\">Napole\u00f3n Bonaparte critic\u00f3 a los pol\u00edticos que se limitan a  ser vendedores de ilusiones, dando \u00e9l mismo testimonio de lo contrario: fue  un realizador que trascendi\u00f3 las fronteras de Francia y su \u00e9poca.<\/p>\n<p>&#13;<\/p>\n<p align=\"justify\" class=\"text1noticias\">Traemos esto a colaci\u00f3n luego del discurso del Presidente  Fern\u00e1ndez ante la \u00a0reuni\u00f3n conjunto del  Congreso Nacional el pasado 27\/02\/07.<\/p>\n<p>&#13;<\/p>\n<p align=\"justify\" class=\"text1noticias\">Para que ese discurso no se convierta en una pieza t\u00edpica de  un vendedor de ilusiones debe disipar muchas dudas que el mismo concitara  en relaci\u00f3n con \u00a0las informaciones  emanadas del propio gobierno y los criterios y deberes del \u00a0buen comportamiento gubernamental<\/p>\n<p>&#13;<\/p>\n<p align=\"justify\" class=\"text1noticias\">1. El  Presidente sigue mostrando su euforia por un crecimiento econ\u00f3mico que \u00a0sus propios funcionarios e instituciones  invalidan al advertir, cada vez que \u00a0lo  citan, que se basan en una \u201cnueva metodolog\u00eda\u201d; una de cuyas \u00a0caracter\u00edsticas es que mide el presente sin  revisar el pasado. Una cifra que \u00a0a pesar  de la costosa propaganda que lleva a cabo el Banco Central se torna \u00a0cada vez menos efectiva puesto que en lugar de  convencer a la ciudadan\u00eda, es \u00a0tomada  como burla y objeto de chistes que se expresan en las caricaturas de los diarios. El Presidente deber\u00eda hacer  indagar \u00e9stas informaciones para \u00a0validar  y antes de seguir us\u00e1ndolas y cuestionarse, especialmente ahora que \u00a0se ha puesto como meta reducir a un d\u00edgito el  desempleo, \u00bfPor que el ritmo \u00a0de  crecimiento del empleo en los dos \u00faltimos dos a\u00f1os, como acaba de publicar el Banco Central, es la mitad del de  la producci\u00f3n? \u00bfNo es esto una \u00a0se\u00f1al  cuestionable de \u00e9ste crecimiento o al menos que el modelo de \u00a0crecimiento no est\u00e1 produciendo los efectos  deseados?<\/p>\n<p>&#13;<\/p>\n<p align=\"justify\" class=\"text1noticias\">2. El  Presidente se mostr\u00f3 satisfecho con el cr\u00e9dito cuando s\u00f3lo el 8% se \u00a0dirige a la agricultura e industria, y otro  tanto a la construcci\u00f3n; mientras el 55% va al comercio y al consumo. \u00bfes posible  mostrar satisfacci\u00f3n ante esta realidad?<\/p>\n<p>&#13;<\/p>\n<p align=\"justify\" class=\"text1noticias\">3.El Presidente se inscribi\u00f3, al sustentarse en cifras de  determinados tipos de establecimientos en la \u201ceconom\u00eda de supermercados\u201d  \u00bfEs esto razonable en una naci\u00f3n de colmados, colmadones, pulper\u00edas y  bodegas?<\/p>\n<p>&#13;<\/p>\n<p align=\"justify\" class=\"text1noticias\">4.El Presidente inform\u00f3 de sus gestiones sobre la vigencia  del DR CAFTA como sin darse que es por su gobierno \u2013 por sus impuestos a  los autom\u00f3viles \u00a0seg\u00fan su valor  contenidos en la rectificaci\u00f3n fiscal, por sus resoluciones \u00a0monop\u00f3licas en el sector transporta, al  pretender comprar aviones militares \u00a0grado  a grado, etc \u2013\u00a0 que se posterga la  entrada en vigencia de dicho \u00a0acuerdo.  \u00bfNo constituyen esas gestiones ante funcionarios del gobierno \u00a0norteamericano para indagar lo que sus  funcionarios le ocasionan, una manifestaci\u00f3n  de desconocimiento de lo que su gobierno tiene entre manos? \u00a0\u00bfNo\u00a0 ridiculiza  la investidura que ostenta cuando asume roles que no le \u00a0corresponden ante funcionarios de jerarqu\u00eda  inferior a su hom\u00f3logo norteamericano?.<\/p>\n<p>&#13;<\/p>\n<p align=\"justify\" class=\"text1noticias\">5.El Presidente anuncia obras mediante concesiones  supeditadas a un ley que \u00a0propondr\u00e1; en  un aparente desconocimiento de que la   Ley 340 \u2013 06 que \u00e9l \u00a0mismo  propici\u00f3, modific\u00f3 para adaptarla al DR CAFTA y aprob\u00f3 en Agosto \u00a0pasado \u2013 y sobre la cual record\u00f3 en su  discurso que hab\u00eda emitido un decreto \u00a0puente  &#8211; contiene disposiciones al respecto consagradas en todo un Titulo, 6 \u00a0cap\u00edtulos, 10 art\u00edculos y 19 p\u00e1ginas. \u00bfEs que  el gobierno no est\u00e1 conciente \u00a0de las  leyes que propone y\/o aprueba? \u00bfAcaso no jur\u00f3 cumplir y hacer cumplir \u00a0las leyes vigentes?<\/p>\n<p>&#13;<\/p>\n<p align=\"justify\" class=\"text1noticias\">6. El Presidente anunci\u00f3 un Fondo de Garant\u00eda para auxiliar  en el rescate de las zonas francas. \u00bfEs esto lo que necesitan las zonas  francas o es mas bien superar las amenazas a la competitividad, de costos, que  estas empresas est\u00e1n sintiendo? Teniendo en cuenta que este sector fue  concebido como fuente de inversi\u00f3n privada y extranjera \u00bfes razonable  auxiliarlo con cr\u00e9dito bajo condiciones diferentes a los dem\u00e1s sectores,  modalidad que, dicho sea de paso, tendr\u00e1 repercusiones distorsionantes  puesto que implica un tratamiento privilegiado a un sector que originar\u00e1 la  reacci\u00f3n de otros? El Fondo ni resuelve el problema, ni satisface a los  empresarios y lo que hace es brindarle la excusa al gobierno por no hacer lo que  tiene que hacer para que estas empresas entre en competitividad: mejorar y  reducir el\u00a0 precio de la energ\u00eda, proporcionar alivio tributario a  dichas empresas, evitar el castigo de monopolios en servicios como el  transporte y desviar las amenazas de aumentos de costos laborales.<\/p>\n<p>&#13;<\/p>\n<p align=\"justify\" class=\"text1noticias\">7. A prop\u00f3sito  del sector el\u00e9ctrico, la gran omisi\u00f3n del discurso presidencial. \u00bfPor qu\u00e9 no inform\u00f3 como han avanzado las  renegociaciones de contratos, pomposamente anunciadas durante el pasado mes de  diciembre y en \u00a0otras ocasiones,  incluyendo en discursos pasados por el propio Presidente? <\/p>\n<p>&#13;<\/p>\n<p align=\"justify\" class=\"text1noticias\">\u00bfPor qu\u00e9 no se limita a cumplir la ley que \u00e9l mismo  propici\u00f3, la 340 \u2013 06, sobre compras al mejor postor en materia de precios de  energ\u00eda, que es, dicho sea de paso, lo que consigna la Ley de electricidad que el  mismo <br \/>&#13;<br \/>\n  propuso en su pasada gesti\u00f3n ? \u00bfPor qu\u00e9 no se limita a cumplir  dicha ley que \u00a0da un plazo de una a\u00f1o  para dejar definitivamente derogados todos los contratos de compras de bienes y servicios que sean opuestos  a las licitaciones?<\/p>\n<p>&#13;<\/p>\n<p align=\"justify\" class=\"text1noticias\">8. El Presidente anunci\u00f3 la inversi\u00f3n en viviendas de los  fondos de pensiones, con lo cual cae en la peligrosa tentaci\u00f3n  gubernamental de tocar recursos que no pertenecen al erario p\u00fablico. \u00bfNo se da  cuenta que esos recursos no son del gobierno sino que pertenecen a los  depositantes como prevenci\u00f3n para la vejez y sus enfermedades? \u00bfNo se da  cuenta que con ello \u00a0da un mal ejemplo a  los administradores de esos fondos para que mal utilicen \u00a0o mal inviertan el dinero que muchos  dominicanos ahorran en el presente para \u00a0su futuro?\u00bfNo se da cuenta que \u00e9ste funesto  precedente expone a las AFPs a \u00a0riesgos  similares a los que dieron origen a la crisis bancaria del 2003 que \u00a0el mismo critica con insistencia, incluyendo  en este mismo discurso?<\/p>\n<p>&#13;<\/p>\n<p align=\"justify\" class=\"text1noticias\">9. El Presidente cree que bastan leyes para hacer la  revoluci\u00f3n o reformar el Estado. Si el DEPRECO no bast\u00f3 para frenar la corrupci\u00f3n  \u00bflo har\u00e1 la Comisi\u00f3n de \u00c9tica? \u00bfAcaso las abultadas cifras de  inversiones que cit\u00f3 no est\u00e1n afectadas, adem\u00e1s de la inflaci\u00f3n que su gobierno  encubre, en sobre costos insinuadores?<\/p>\n<p>&#13;<\/p>\n<p align=\"justify\" class=\"text1noticias\">10. Y finalmente \u00bfQue  trascendencia tiene\u00a0 cambiarle de nombre  a Finanzas \u00a0para ponerle el que ten\u00eda en  nuestra primera constituci\u00f3n de 1844 que en su \u00a0Art. 109 numeral 3 establece la Secretar\u00eda de Hacienda  y Comercio?\u00a0 Si es \u00a0as\u00ed\u00a0 las  revoluci\u00f3n silenciosas, en lugar de la naci\u00f3n encaminarse hacia \u00a0delante, como se\u00f1al\u00f3 al culminar su discurso,  lo que estamos es \u00a0retrocediendo al punto  de partida de la nacionalidad dominicana.<\/p>\n<p>&#13;<\/p>\n<h6> 2007-03-02 13:21:23 <\/h6>\n<p><!--\n<link rel=\"stylesheet\" href=\"css\/bootstrap.min.css\">\n\n\n<ul class=\"pagination\">\n\t    \n\t\n\n<li >\n\t<a href='?page_no=13188'>Previous<\/a>\n\t<\/li>\n\n\n       \n    \n\n<li><a href='?page_no=1'>1<\/a><\/li>\n\n\n\n<li><a href='?page_no=2'>2<\/a><\/li>\n\n\n\n<li><a>...<\/a><\/li>\n\n\n\n<li><a href='?page_no=13187'>13187<\/a><\/li>\n\n\n\n<li><a href='?page_no=13188'>13188<\/a><\/li>\n\n\n\n<li class='active'><a>13189<\/a><\/li>\n\n\n\n<li><a href='?page_no=13190'>13190<\/a><\/li>\n\n\n\n<li><a href='?page_no=13191'>13191<\/a><\/li>\n\n\n\n<li><a>...<\/a><\/li>\n\n\n\n<li><a href='?page_no=13611'>13611<\/a><\/li>\n\n\n\n<li><a href='?page_no=13612'>13612<\/a><\/li>\n\n    \n\t\n\n<li >\n\t<a href='?page_no=13190'>Next<\/a>\n\t<\/li>\n\n\n    \n\n<li><a href='?page_no=13612'>Last &rsaquo;&rsaquo;<\/a><\/li>\n\n<\/ul>\n\n\n--><br \/>\n<\/body><\/p>\n","protected":false},"excerpt":{"rendered":"<p>Preguntas sobre el discurso presidencial para no convertirse en vendedor de ilusiones &#13; Por Guillermo Caram &#13; Napole\u00f3n Bonaparte critic\u00f3 a los pol\u00edticos que se limitan a ser vendedores de ilusiones, dando \u00e9l mismo testimonio de lo contrario: fue un realizador que trascendi\u00f3 las fronteras de Francia y su \u00e9poca. &#13; Traemos esto a colaci\u00f3n [&hellip;]<\/p>\n","protected":false},"author":3,"featured_media":0,"comment_status":"open","ping_status":"open","sticky":false,"template":"","format":"standard","meta":{"footnotes":""},"categories":[16],"tags":[],"class_list":["post-37424","post","type-post","status-publish","format-standard","hentry","category-opiniones"],"_links":{"self":[{"href":"https:\/\/diariodominicano.com\/index.php?rest_route=\/wp\/v2\/posts\/37424","targetHints":{"allow":["GET"]}}],"collection":[{"href":"https:\/\/diariodominicano.com\/index.php?rest_route=\/wp\/v2\/posts"}],"about":[{"href":"https:\/\/diariodominicano.com\/index.php?rest_route=\/wp\/v2\/types\/post"}],"author":[{"embeddable":true,"href":"https:\/\/diariodominicano.com\/index.php?rest_route=\/wp\/v2\/users\/3"}],"replies":[{"embeddable":true,"href":"https:\/\/diariodominicano.com\/index.php?rest_route=%2Fwp%2Fv2%2Fcomments&post=37424"}],"version-history":[{"count":0,"href":"https:\/\/diariodominicano.com\/index.php?rest_route=\/wp\/v2\/posts\/37424\/revisions"}],"wp:attachment":[{"href":"https:\/\/diariodominicano.com\/index.php?rest_route=%2Fwp%2Fv2%2Fmedia&parent=37424"}],"wp:term":[{"taxonomy":"category","embeddable":true,"href":"https:\/\/diariodominicano.com\/index.php?rest_route=%2Fwp%2Fv2%2Fcategories&post=37424"},{"taxonomy":"post_tag","embeddable":true,"href":"https:\/\/diariodominicano.com\/index.php?rest_route=%2Fwp%2Fv2%2Ftags&post=37424"}],"curies":[{"name":"wp","href":"https:\/\/api.w.org\/{rel}","templated":true}]}}