{"id":37423,"date":"2007-03-05T13:31:17","date_gmt":"2007-03-05T13:31:17","guid":{"rendered":"http:\/\/diariodominicano.ddns.net\/?p=37423"},"modified":"2007-03-05T13:31:17","modified_gmt":"2007-03-05T13:31:17","slug":"factor-chavez","status":"publish","type":"post","link":"https:\/\/diariodominicano.com\/?p=37423","title":{"rendered":"Factor Ch\u00e1vez"},"content":{"rendered":"<p><body><\/p>\n<p class=\"titulogrande1\"><strong>Factor Ch\u00e1vez<\/strong> <\/p>\n<p>&#13;<\/p>\n<p><span class=\"linksnoticias\"><em>Por <\/em><\/span><span class=\"textogrande\"><em>Jos\u00e9 Reyes Mart\u00ednez <\/em><\/span><\/p>\n<p>&#13;<\/p>\n<p align=\"justify\" class=\"text1noticias\">Satisface al pa\u00eds la oportuna declaraci\u00f3n del  Embajador de Venezuela, Francisco Belisario Landis, al referirse a las falsas  versiones de que el presidente Hugo Ch\u00e1vez podr\u00eda influenciar en las elecciones  de 2008.<br \/>&#13;<br \/>\n  <br \/>&#13;<br \/>\n  Al referirse a la insensata  versi\u00f3n, dijo que:\u00bbExpreso mi estupor y profunda preocupaci\u00f3n con lo  publicado por un medio de comunicaci\u00f3n social dominicano en su edici\u00f3n del d\u00eda  26 de febrero de 2007\u201d.<br \/>&#13;<br \/>\n  <br \/>&#13;<br \/>\nEl diario de esa fecha, dice Landis, \u201cdestaca como informaci\u00f3n relevante  (amplio reportaje) la probabilidad de que el Presidente venezolano Hugo Ch\u00e1vez  Fr\u00edas, est\u00e9 moviendo sus hilos en la Rep\u00fablica Dominicana  de cara a la contienda presidencial que tendr\u00e1 lugar durante el a\u00f1o 2008\u201d.<\/p>\n<p>&#13;<\/p>\n<p align=\"justify\" class=\"text1noticias\">Indignado por tal informaci\u00f3n, dijo tambi\u00e9n  que: \u201cEn mi condici\u00f3n de Embajador de la Rep\u00fablica Bolivariana  de Venezuela acreditado ante el Honorable Estado dominicano, rechazo tal  insinuaci\u00f3n, toda vez que la referida informaci\u00f3n desecha la verdad verdadera y  se interna en un mundo de conjeturas y juicios especulativos\u201d. <\/p>\n<p>&#13;<\/p>\n<p align=\"justify\" class=\"text1noticias\">Y que han sido, \u201cdeliberadamente difundidos  con la preconcebida intenci\u00f3n de introducir el \u00abfactor Ch\u00e1vez\u00bb dentro  del proceso pre-electoral que actualmente vive la sociedad dominicana, para  provocar as\u00ed una controversial pol\u00e9mica medi\u00e1tica con alcance internacional\u201d,  dijo el diplom\u00e1tico en otra parte de una carta enviada a los medios.<\/p>\n<p>&#13;<\/p>\n<p align=\"justify\" class=\"text1noticias\">Con evidente raz\u00f3n, sostiene que el Estado  venezolano, en su relaci\u00f3n bilateral con la Rep\u00fablica Dominicana,  siempre ha sido respetuoso del principio de independencia, soberana y libre  autodeterminaci\u00f3n de los pueblos. <\/p>\n<p>&#13;<\/p>\n<p align=\"justify\" class=\"text1noticias\">Por ello, dice el diplom\u00e1tico, \u201cjam\u00e1s y nunca  ha intervenido ni intervendr\u00e1, en forma alguna, en sus asuntos internos, dentro  de los cuales est\u00e1 obviamente el tema electoral\u201d.<\/p>\n<p>&#13;<\/p>\n<p align=\"justify\" class=\"text1noticias\">En este momento, es evidente que el factor  Ch\u00e1vez s\u00f3lo tiene presencia en la Republica Dominicana,  a trav\u00e9s del solidario acuerdo bilateral Petrocaribe, que coadyuva con nuestras  necesarias posibilidades de desarrollo.<\/p>\n<p>&#13;<\/p>\n<p align=\"justify\" class=\"text1noticias\">El acuerdo, adem\u00e1s de una pol\u00edtica crediticia  favorable para el pa\u00eds, busca contribuir a la seguridad energ\u00e9tica, al  desarrollo socioecon\u00f3mico y a la integraci\u00f3n de los pa\u00edses del Caribe, mediante  el empleo libre y soberano de los recursos energ\u00e9ticos. <\/p>\n<p>&#13;<\/p>\n<p align=\"justify\" class=\"text1noticias\">La iniciativa del Presidente de Venezuela,  Petrocaribe, nace como una entidad con la capacidad para asegurar la  coordinaci\u00f3n y articulaci\u00f3n de las pol\u00edticas de energ\u00edas, que incluyen petr\u00f3leo  y sus derivados.<\/p>\n<p>&#13;<\/p>\n<p align=\"justify\" class=\"text1noticias\">Adem\u00e1s, gas, electricidad y su uso eficiente,  cooperaci\u00f3n tecnol\u00f3gica, as\u00ed como la capacitaci\u00f3n de recursos humanos y  desarrollo de infraestructuras energ\u00e9tica. Tambi\u00e9n favorece la integraci\u00f3n de  la regi\u00f3n, vital para construir el dilatado y tortuoso proceso desarrollo de  nuestras naciones.<\/p>\n<p>&#13;<\/p>\n<p align=\"justify\" class=\"text1noticias\">La loable iniciativa de Petrocaribe, se  origina en nuestros pa\u00edses, en el contexto de la creciente formaci\u00f3n de  poderosos bloques regionales que ocupan posiciones hegem\u00f3nicas en la din\u00e1mica  de la econom\u00eda mundial.<\/p>\n<p>&#13;<\/p>\n<p align=\"justify\" class=\"text1noticias\">En consecuencia, no se trata de influenciar  en el tema electoral, sino que las relaciones y los acuerdos entre ambas  naciones, se centran en las evidentes contribuciones que en el orden  energ\u00e9tico-econ\u00f3mico realiza el presidente Ch\u00e1vez, a los esfuerzos de  desarrollo de la   Rep\u00fablica Dominicana.<br \/>&#13;<br \/>\n  <br \/>&#13;<br \/>\n    <em><strong>El autor es periodista<br \/>&#13;<br \/>\n    <\/strong><\/em><br \/>&#13;<br \/>\n    <em><strong>jr_reyes_16@hotmail.com<\/strong><\/em><\/p>\n<p>&#13;<\/p>\n<h6> 2007-03-05 13:31:17 <\/h6>\n<p><!--\n<link rel=\"stylesheet\" href=\"css\/bootstrap.min.css\">\n\n\n<ul class=\"pagination\">\n\t    \n\t\n\n<li >\n\t<a href='?page_no=13187'>Previous<\/a>\n\t<\/li>\n\n\n       \n    \n\n<li><a href='?page_no=1'>1<\/a><\/li>\n\n\n\n<li><a href='?page_no=2'>2<\/a><\/li>\n\n\n\n<li><a>...<\/a><\/li>\n\n\n\n<li><a href='?page_no=13186'>13186<\/a><\/li>\n\n\n\n<li><a href='?page_no=13187'>13187<\/a><\/li>\n\n\n\n<li class='active'><a>13188<\/a><\/li>\n\n\n\n<li><a href='?page_no=13189'>13189<\/a><\/li>\n\n\n\n<li><a href='?page_no=13190'>13190<\/a><\/li>\n\n\n\n<li><a>...<\/a><\/li>\n\n\n\n<li><a href='?page_no=13611'>13611<\/a><\/li>\n\n\n\n<li><a href='?page_no=13612'>13612<\/a><\/li>\n\n    \n\t\n\n<li >\n\t<a href='?page_no=13189'>Next<\/a>\n\t<\/li>\n\n\n    \n\n<li><a href='?page_no=13612'>Last &rsaquo;&rsaquo;<\/a><\/li>\n\n<\/ul>\n\n\n--><br \/>\n<\/body><\/p>\n","protected":false},"excerpt":{"rendered":"<p>Factor Ch\u00e1vez &#13; Por Jos\u00e9 Reyes Mart\u00ednez &#13; Satisface al pa\u00eds la oportuna declaraci\u00f3n del Embajador de Venezuela, Francisco Belisario Landis, al referirse a las falsas versiones de que el presidente Hugo Ch\u00e1vez podr\u00eda influenciar en las elecciones de 2008.&#13; &#13; Al referirse a la insensata versi\u00f3n, dijo que:\u00bbExpreso mi estupor y profunda preocupaci\u00f3n con [&hellip;]<\/p>\n","protected":false},"author":3,"featured_media":0,"comment_status":"open","ping_status":"open","sticky":false,"template":"","format":"standard","meta":{"footnotes":""},"categories":[16],"tags":[],"class_list":["post-37423","post","type-post","status-publish","format-standard","hentry","category-opiniones"],"_links":{"self":[{"href":"https:\/\/diariodominicano.com\/index.php?rest_route=\/wp\/v2\/posts\/37423","targetHints":{"allow":["GET"]}}],"collection":[{"href":"https:\/\/diariodominicano.com\/index.php?rest_route=\/wp\/v2\/posts"}],"about":[{"href":"https:\/\/diariodominicano.com\/index.php?rest_route=\/wp\/v2\/types\/post"}],"author":[{"embeddable":true,"href":"https:\/\/diariodominicano.com\/index.php?rest_route=\/wp\/v2\/users\/3"}],"replies":[{"embeddable":true,"href":"https:\/\/diariodominicano.com\/index.php?rest_route=%2Fwp%2Fv2%2Fcomments&post=37423"}],"version-history":[{"count":0,"href":"https:\/\/diariodominicano.com\/index.php?rest_route=\/wp\/v2\/posts\/37423\/revisions"}],"wp:attachment":[{"href":"https:\/\/diariodominicano.com\/index.php?rest_route=%2Fwp%2Fv2%2Fmedia&parent=37423"}],"wp:term":[{"taxonomy":"category","embeddable":true,"href":"https:\/\/diariodominicano.com\/index.php?rest_route=%2Fwp%2Fv2%2Fcategories&post=37423"},{"taxonomy":"post_tag","embeddable":true,"href":"https:\/\/diariodominicano.com\/index.php?rest_route=%2Fwp%2Fv2%2Ftags&post=37423"}],"curies":[{"name":"wp","href":"https:\/\/api.w.org\/{rel}","templated":true}]}}