{"id":37421,"date":"2007-03-06T22:37:27","date_gmt":"2007-03-06T22:37:27","guid":{"rendered":"http:\/\/diariodominicano.ddns.net\/?p=37421"},"modified":"2007-03-06T22:37:27","modified_gmt":"2007-03-06T22:37:27","slug":"las-principales-en-teledebate-115","status":"publish","type":"post","link":"https:\/\/diariodominicano.com\/?p=37421","title":{"rendered":"LAS PRINCIPALES EN TELEDEBATE"},"content":{"rendered":"<p><body><\/p>\n<p><span class=\"titulogrande1\"><em>LAS PRINCIPALES EN TELEDEBATE<\/em><\/span><br \/>&#13;<br \/>\n  <br \/>&#13;<br \/>\n    <span class=\"textopq1\"><em>Viernes<\/em><\/span> <span class=\"linksnoticias\"><em>2,03,07<\/em><\/span><\/p>\n<p>&#13;<\/p>\n<p align=\"justify\"><em><strong>UN DISCURSO POLEMICO.<\/strong><\/em><span class=\"text1noticias\"> El discurso del Presidente Fern\u00e1ndez  ha dado mucho agua que beber y todo parece indicar que en los pr\u00f3ximos d\u00ecas  seguir\u00e0 siendo tema de an\u00e1lisis y pol\u00e9mica.\u00a0  Sus seguidores lo califican de una gran pieza oratoria. Inclusive as\u00ec lo  calific\u00f2 el ex Secretario de la   Presidencia y hoy su opositor por la candidatura  presidencial, Danilo Medina.\u00a0 En cambio,  sus opositores lo tachan de pol\u00edtico, reeleccionista y hasta de vendedor de  ilusiones.<\/span><\/p>\n<p>&#13;<\/p>\n<p align=\"justify\" class=\"text1noticias\"><em><strong>UN ARGUMENTO HABIL.<\/strong><\/em> Por cierto,  el mandatario al hablar de las ventas del comercio utiliz\u00f2 un argumento muy  h\u00e1bil como fue el de hacer p\u00f9blico el testimonio que en ese sentido le  confiaron figuras y firmas emblem\u00e1ticas del sector. El que Pep\u00ecn Corripio y Mario  Lamas por un lado y los principales supermercados y tiendas m\u00e0s conocidas hayan  reportado aumentos en sus ventas en los \u00faltimos meses del pasado a\u00f1o no es un  argumento f\u00e0cil de rebatir.<\/p>\n<p>&#13;<\/p>\n<p align=\"justify\" class=\"text1noticias\"><em><strong>DE CUMPLIMIENTO INMEDIATO, <\/strong><\/em>La  pieza presidencial mostr\u00f2 aspectos positivos de cumplimiento inmediato como son  el aumento de las pensiones a envejecientes y fondo de mil 500 millones de  pesos a las empresas textiles y de calzado de zonas francas,\u00a0 como aval,\u00a0  para que puedan solicitar pr\u00e8stamos garantizados al Banco de Reservas  para su reconversi\u00f3n dentro del marco de la competitividad del Tratado de Libre  Comercio.<\/p>\n<p>&#13;<\/p>\n<p align=\"justify\" class=\"text1noticias\"><em><strong>ENTRA EN VIGENCIA EL TLC.<\/strong><\/em> La  entrada en vigencia de \u00e8ste anunciada en el d\u00eca de ayer por el propio gobierno  norteamericano despeja inc\u00f3gnitas en relaci\u00f2n con la alegada actitud de  resistencia del gobierno frente al mismo.\u00a0  Tambi\u00e8n satisface una de los dos reclamos p\u00f9blicos de la Asociaci\u00f3n Dominicana  de Zonas Francas.\u00a0 El otro, el de  aumentar progresivamente la tasa del d\u00f2lar,\u00a0  parece definitivamente descartado.\u00a0  As\u00ec lo di\u00f2 a entender el discurso del mandatario que exhibe como logro  principal de su gesti\u00f3n el mantenimiento de la estabilidad macroecon\u00f3mica y de  la tasa del d\u00f2lar.<br \/>&#13;<br \/>\n  \u00a0<br \/>&#13;<br \/>\n<em><strong>A LA PRUEBA DEL TIEMPO&#8230;Y  LOS RECURSOS.<\/strong><\/em>Las promesas contenidas en la exposici\u00f3n del mandatario sobre  las\u00a0 futuras acciones de su gobierno en  la ejecuci\u00f3n de su programa de obras p\u00f9blicas y en apoyo del sector tur\u00edstico,  la ampliaci\u00f3n de los planes sociales para combatir la pobreza y otros\u00a0 quedar\u00e0n referidos a los 18 meses que le  restan de su actual gesti\u00f3n y de los recursos de que pueda disponer para su  realizaci\u00f3n.<\/p>\n<p>&#13;<\/p>\n<p align=\"justify\" class=\"text1noticias\"><em><strong>UN PROYECTO PERSONAL.\u00a0<\/strong><\/em> Lo que s\u00ec qued\u00f2 claro en la presentaci\u00f3n del  Presidente Fern\u00e1ndez ante la Asamblea Nacional fue que el tan cuestionado  Metro, cuya inauguraci\u00f3n comprometi\u00f3 para el mes de febrero del 2008,\u00a0 m\u00e0s que con su simple apoyo, es una obra que  ha asumido como propia. Y de igual modo que es inflexible su decisi\u00f2n de  someter la   Reforma Constitucional a la Asamblea Revisora  y no a una Constituyente.<\/p>\n<p>&#13;<\/p>\n<p align=\"justify\" class=\"text1noticias\"><span class=\"titulogrande\"><em><strong>HAIT\u00cd: <\/strong><\/em><\/span><em><strong>VISAS FALSAS.<\/strong><\/em> El  Canciller Carlos Morales Troncoso advierte que se tomar\u00e0n sanciones dr\u00e1sticas  contra los responsables de la expedici\u00f3n de visas falsas en Hait\u00ec. El caso  recuerda el del diputado Radham\u00e8s el Chino Garc\u00eca, quien logr\u00f2 mala fama y  buena fortuna introduciendo chinos de contrabando por la frontera con  agravantes de nocturnidad.\u00a0 El hombre  admiti\u00f2 que el consulado le hab\u00eca proporcionado dos millones de d\u00f3lares en  beneficios. Una buena suma a cambio de pasar unos meses tr\u00e0s las rejas y volver  luego a las mieles de su curul cameral.<\/p>\n<p>&#13;<\/p>\n<p align=\"justify\" class=\"text1noticias\"><em><strong>\u00bfADONDE FUERON A PARAR ESOS  CUARTOS?<\/strong><\/em> Volviendo con las zonas francas&#8230; Muchos se preguntan qu\u00e8 hicieron  los empresarios que hoy piden auxilio con los cuartos largos que se ganaron  cuando el d\u00f2lar se puso a m\u00e0s del 57 por uno.\u00a0  Hay quienes aseguran que en vez de reconvertir sus industrias con vistas  al futuro dedicaron esos dineros a desarrollar otros negocios y en parte  tambi\u00e8n, a darse la mejor vida. Lo que s\u00ec es seguro es que la mayor\u00eca no los  dedic\u00f2 ni a mejorar la condicion de sus trabajadores ni a obras de bien social.<\/p>\n<p>&#13;<\/p>\n<p align=\"justify\" class=\"text1noticias\"><em><strong>PENSIONES A INDOCUMENTADOS. <\/strong><\/em>El  Secretario de Hacienda, Vicente Bengoa, dice que es preciso depurar a unos  siete mil haitianos indocumentados que est\u00e0n cobrando pensiones.\u00a0 Si se trata de gente que ech\u00f2 su vida en los  campos de ca\u00f1a y en otras actividades laborales, sin importar su status legal,  es de toda justicia que reciban sus pensiones.\u00a0  Si no fueron indocumentados para trabajar y cotizar para retiro, tampoco  esto debe ser obst\u00e1culo para que se les alivie su vejez.<\/p>\n<p>&#13;<\/p>\n<p align=\"justify\" class=\"text1noticias\"><em><strong>CRIMEN DE LESA PATRIA. <\/strong><\/em>Otra  situaci\u00f2n bien diferente es la de aquellos que han obtenido la nacionalidad  dominicana en base a documentaci\u00f3n falsificada, sean de la nacionalidad que  sean.\u00a0 Ya comenzaron a rodar las primeras  cabezas en la Junta   Central Electoral. Faltan las oficial\u00ecas.\u00a0 Los culpables deben ser sometidos a la Justicia y debidamente  sancionados por un crimen masivo de lesa patria. En especial aquellos que  proveyeron de nueva identidad a malhechores dominicanos y extranjeros. Eso s\u00ec,  que no se pase por alto a los cabecillas, principales responsables y los que  m\u00e0s deben pagar.<\/p>\n<p>&#13;<\/p>\n<h6> 2007-03-06 22:37:27 <\/h6>\n<p><!--\n<link rel=\"stylesheet\" href=\"css\/bootstrap.min.css\">\n\n\n<ul class=\"pagination\">\n\t    \n\t\n\n<li >\n\t<a href='?page_no=13185'>Previous<\/a>\n\t<\/li>\n\n\n       \n    \n\n<li><a href='?page_no=1'>1<\/a><\/li>\n\n\n\n<li><a href='?page_no=2'>2<\/a><\/li>\n\n\n\n<li><a>...<\/a><\/li>\n\n\n\n<li><a href='?page_no=13184'>13184<\/a><\/li>\n\n\n\n<li><a href='?page_no=13185'>13185<\/a><\/li>\n\n\n\n<li class='active'><a>13186<\/a><\/li>\n\n\n\n<li><a href='?page_no=13187'>13187<\/a><\/li>\n\n\n\n<li><a href='?page_no=13188'>13188<\/a><\/li>\n\n\n\n<li><a>...<\/a><\/li>\n\n\n\n<li><a href='?page_no=13611'>13611<\/a><\/li>\n\n\n\n<li><a href='?page_no=13612'>13612<\/a><\/li>\n\n    \n\t\n\n<li >\n\t<a href='?page_no=13187'>Next<\/a>\n\t<\/li>\n\n\n    \n\n<li><a href='?page_no=13612'>Last &rsaquo;&rsaquo;<\/a><\/li>\n\n<\/ul>\n\n\n--><br \/>\n<\/body><\/p>\n","protected":false},"excerpt":{"rendered":"<p>LAS PRINCIPALES EN TELEDEBATE&#13; &#13; Viernes 2,03,07 &#13; UN DISCURSO POLEMICO. El discurso del Presidente Fern\u00e1ndez ha dado mucho agua que beber y todo parece indicar que en los pr\u00f3ximos d\u00ecas seguir\u00e0 siendo tema de an\u00e1lisis y pol\u00e9mica.\u00a0 Sus seguidores lo califican de una gran pieza oratoria. Inclusive as\u00ec lo calific\u00f2 el ex Secretario de [&hellip;]<\/p>\n","protected":false},"author":3,"featured_media":0,"comment_status":"open","ping_status":"open","sticky":false,"template":"","format":"standard","meta":{"footnotes":""},"categories":[16],"tags":[],"class_list":["post-37421","post","type-post","status-publish","format-standard","hentry","category-opiniones"],"_links":{"self":[{"href":"https:\/\/diariodominicano.com\/index.php?rest_route=\/wp\/v2\/posts\/37421","targetHints":{"allow":["GET"]}}],"collection":[{"href":"https:\/\/diariodominicano.com\/index.php?rest_route=\/wp\/v2\/posts"}],"about":[{"href":"https:\/\/diariodominicano.com\/index.php?rest_route=\/wp\/v2\/types\/post"}],"author":[{"embeddable":true,"href":"https:\/\/diariodominicano.com\/index.php?rest_route=\/wp\/v2\/users\/3"}],"replies":[{"embeddable":true,"href":"https:\/\/diariodominicano.com\/index.php?rest_route=%2Fwp%2Fv2%2Fcomments&post=37421"}],"version-history":[{"count":0,"href":"https:\/\/diariodominicano.com\/index.php?rest_route=\/wp\/v2\/posts\/37421\/revisions"}],"wp:attachment":[{"href":"https:\/\/diariodominicano.com\/index.php?rest_route=%2Fwp%2Fv2%2Fmedia&parent=37421"}],"wp:term":[{"taxonomy":"category","embeddable":true,"href":"https:\/\/diariodominicano.com\/index.php?rest_route=%2Fwp%2Fv2%2Fcategories&post=37421"},{"taxonomy":"post_tag","embeddable":true,"href":"https:\/\/diariodominicano.com\/index.php?rest_route=%2Fwp%2Fv2%2Ftags&post=37421"}],"curies":[{"name":"wp","href":"https:\/\/api.w.org\/{rel}","templated":true}]}}