{"id":37419,"date":"2007-03-06T22:44:36","date_gmt":"2007-03-06T22:44:36","guid":{"rendered":"http:\/\/diariodominicano.ddns.net\/?p=37419"},"modified":"2007-03-06T22:44:36","modified_gmt":"2007-03-06T22:44:36","slug":"codigo-de-la-comunicacion","status":"publish","type":"post","link":"https:\/\/diariodominicano.com\/?p=37419","title":{"rendered":"C\u00f3digo de la Comunicaci\u00f3n"},"content":{"rendered":"<p><body><\/p>\n<p class=\"titulogrande1\"><em><strong>C\u00f3digo  de la Comunicaci\u00f3n <\/strong><\/em><\/p>\n<p>&#13;<\/p>\n<p><span class=\"linksnoticias\"><em>Por<\/em><\/span><strong class=\"textogrande\"><em> H\u00e9ctor Olivo <\/em><\/strong> <\/p>\n<p>&#13;<\/p>\n<p align=\"justify\" class=\"text1noticias\">Transcribiendo uno sus art\u00edculos  expresamos identificaci\u00f3n plena con las propuestas que sintonizan con una  urgente modificaci\u00f3n de la legislaci\u00f3n dominicana sobre la\u00a0 libre expresi\u00f3n y difusi\u00f3n del pensamiento.<\/p>\n<p>&#13;<\/p>\n<p align=\"justify\" class=\"text1noticias\">No es el m\u00e1s ilustrativo,\u00a0 pero su simple lectura habla de los grandes  riesgos que recaen en los responsables de publicaciones y medios electr\u00f3nicos.<\/p>\n<p>&#13;<\/p>\n<p align=\"justify\" class=\"text1noticias\"> Debe ser el desconocimiento de la ley  n\u00famero 6132 del d\u00eda quince del mes de diciembre de mil novecientos sesenta y  dos lo que mantiene en salas de redacciones a j\u00f3venes y veteranos  comunicadores, quienes conf\u00edan en sus abogados y en los tribunales dominicanos,  para no ser triturados por normativas como la que citamos. <br \/>&#13;<br \/>\n\u00a0\u00a0\u00a0\u00a0\u00a0\u00a0\u00a0\u00a0\u00a0\u00a0\u00a0 \u00a0\u00a0 <br \/>&#13;<br \/>\n  <em><strong>Art. 46.- <\/strong>Ser\u00e1n pasibles, como autores principales de las penas  que constituyen la represi\u00f3n de  los cr\u00edmenes y delitos cometidos por la v\u00eda de la prensa, las personas se\u00f1alado  en el orden indicado m\u00e1s adelante: <\/em> <br \/>&#13;<br \/>\n  <br \/>&#13;<br \/>\n  <em>1.- Los directores de publicaciones  o editores cualesquiera que sean sus profesiones o sus denominaciones, y en los  casos previstos en el segundo p\u00e1rrafo del art\u00edculo 4, los substitutos de los  directores. <\/em> <br \/>&#13;<br \/>\n  <br \/>&#13;<br \/>\n  <em>2.-A falta de directores,  substitutos o editores, los autores; <\/em> <br \/>&#13;<br \/>\n  <br \/>&#13;<br \/>\n  <em>3.- A falta de los autores los  impresores;<\/em> <br \/>&#13;<br \/>\n  <br \/>&#13;<br \/>\n  <em>4.-A falta de los  impresores, los vendedores, los distribuidores, los exhibidores de pel\u00edculas,  los locutores los fijadores de carteles.<\/em> <br \/>&#13;<br \/>\n\u00a0\u00a0\u00a0\u00a0\u00a0\u00a0\u00a0\u00a0 <br \/>&#13;<br \/>\nComo se podr\u00e1  deducir cualquiera de los intervinientes en la b\u00fasqueda, redacci\u00f3n, correcci\u00f3n  y publicaci\u00f3n de la informaci\u00f3n son pasibles de las penas que se indica en una  ley harto calificada de obsoleta. <\/p>\n<p>&#13;<\/p>\n<p align=\"justify\" class=\"text1noticias\">La Ley 6132 fue dada por el Consejo de  Estado en 1962 y se mantiene como el primer guandul normando un ejercicio  profesional de llamativas evoluciones. <br \/>&#13;<br \/>\n  <br \/>&#13;<br \/>\n  Surgi\u00f3\u00a0 para la informaci\u00f3n impresa. Luego recibi\u00f3  variaciones para incorporar a las telecomunicaciones.<\/p>\n<p>&#13;<\/p>\n<p align=\"justify\" class=\"text1noticias\">Es\u00a0 una especie de hibrido con muchas\u00a0 incongruencias y totalmente desactualizado.<\/p>\n<p>&#13;<\/p>\n<p align=\"justify\" class=\"text1noticias\"> De 1962 a la fecha ha  evolucionado la radio, no solo logramos el color en la televisi\u00f3n tambi\u00e9n el  desarrollo tecnol\u00f3gico produjo las im\u00e1genes de alta definici\u00f3n y la transmisi\u00f3n  mediante la magia del Internet y las transmisiones satelitales. <\/p>\n<p>&#13;<\/p>\n<p align=\"justify\" class=\"text1noticias\"> Es un imperativo  modernizar la ley 6132 para hacerla m\u00e1s garante de la libertad de expresi\u00f3n y  difusi\u00f3n y consagrar la libertad de  conciencia entre otras conquistas universales. <\/p>\n<p>&#13;<\/p>\n<p align=\"justify\" class=\"text1noticias\"> El imperativo de revisi\u00f3n deben llegar a otra pieza  por igual de anacr\u00f3nica, el Reglamento 824 de Espect\u00e1culos P\u00fablicos y  Radiofon\u00eda. Aunque del 25 de marzo de 1971 y con modificaciones formales en  1974, corresponde a la ley 1951, del 7 de marzo de 1949, en pleno esplendor de  la tiran\u00eda trujillista. <\/p>\n<p>&#13;<\/p>\n<p align=\"justify\" class=\"text1noticias\"> Quien de una forma u otra desenvuelve sus actividades  en los medios de comunicaci\u00f3n, como quien suscribe,\u00a0 siente la urgente necesidad de modificar,  cambiar, transformar estas legislaciones y acogernos a un c\u00f3digo moderno de  comunicaci\u00f3n como lo planteara en su discurso del pasado 27 de febrero el  Presidente de la Rep\u00fablica   Doctor Leonel Fern\u00e1ndez<\/p>\n<p>&#13;<\/p>\n<p align=\"justify\" class=\"text1noticias\"> El derecho a la libertad de expresi\u00f3n es  una garant\u00eda fundamental para asegurar el Estado de Derecho y las instituciones  democr\u00e1ticas de nuestro pa\u00eds. <\/p>\n<p>&#13;<\/p>\n<h6> 2007-03-06 22:44:36 <\/h6>\n<p><!--\n<link rel=\"stylesheet\" href=\"css\/bootstrap.min.css\">\n\n\n<ul class=\"pagination\">\n\t    \n\t\n\n<li >\n\t<a href='?page_no=13183'>Previous<\/a>\n\t<\/li>\n\n\n       \n    \n\n<li><a href='?page_no=1'>1<\/a><\/li>\n\n\n\n<li><a href='?page_no=2'>2<\/a><\/li>\n\n\n\n<li><a>...<\/a><\/li>\n\n\n\n<li><a href='?page_no=13182'>13182<\/a><\/li>\n\n\n\n<li><a href='?page_no=13183'>13183<\/a><\/li>\n\n\n\n<li class='active'><a>13184<\/a><\/li>\n\n\n\n<li><a href='?page_no=13185'>13185<\/a><\/li>\n\n\n\n<li><a href='?page_no=13186'>13186<\/a><\/li>\n\n\n\n<li><a>...<\/a><\/li>\n\n\n\n<li><a href='?page_no=13611'>13611<\/a><\/li>\n\n\n\n<li><a href='?page_no=13612'>13612<\/a><\/li>\n\n    \n\t\n\n<li >\n\t<a href='?page_no=13185'>Next<\/a>\n\t<\/li>\n\n\n    \n\n<li><a href='?page_no=13612'>Last &rsaquo;&rsaquo;<\/a><\/li>\n\n<\/ul>\n\n\n--><br \/>\n<\/body><\/p>\n","protected":false},"excerpt":{"rendered":"<p>C\u00f3digo de la Comunicaci\u00f3n &#13; Por H\u00e9ctor Olivo &#13; Transcribiendo uno sus art\u00edculos expresamos identificaci\u00f3n plena con las propuestas que sintonizan con una urgente modificaci\u00f3n de la legislaci\u00f3n dominicana sobre la\u00a0 libre expresi\u00f3n y difusi\u00f3n del pensamiento. &#13; No es el m\u00e1s ilustrativo,\u00a0 pero su simple lectura habla de los grandes riesgos que recaen en [&hellip;]<\/p>\n","protected":false},"author":3,"featured_media":0,"comment_status":"open","ping_status":"open","sticky":false,"template":"","format":"standard","meta":{"footnotes":""},"categories":[16],"tags":[],"class_list":["post-37419","post","type-post","status-publish","format-standard","hentry","category-opiniones"],"_links":{"self":[{"href":"https:\/\/diariodominicano.com\/index.php?rest_route=\/wp\/v2\/posts\/37419","targetHints":{"allow":["GET"]}}],"collection":[{"href":"https:\/\/diariodominicano.com\/index.php?rest_route=\/wp\/v2\/posts"}],"about":[{"href":"https:\/\/diariodominicano.com\/index.php?rest_route=\/wp\/v2\/types\/post"}],"author":[{"embeddable":true,"href":"https:\/\/diariodominicano.com\/index.php?rest_route=\/wp\/v2\/users\/3"}],"replies":[{"embeddable":true,"href":"https:\/\/diariodominicano.com\/index.php?rest_route=%2Fwp%2Fv2%2Fcomments&post=37419"}],"version-history":[{"count":0,"href":"https:\/\/diariodominicano.com\/index.php?rest_route=\/wp\/v2\/posts\/37419\/revisions"}],"wp:attachment":[{"href":"https:\/\/diariodominicano.com\/index.php?rest_route=%2Fwp%2Fv2%2Fmedia&parent=37419"}],"wp:term":[{"taxonomy":"category","embeddable":true,"href":"https:\/\/diariodominicano.com\/index.php?rest_route=%2Fwp%2Fv2%2Fcategories&post=37419"},{"taxonomy":"post_tag","embeddable":true,"href":"https:\/\/diariodominicano.com\/index.php?rest_route=%2Fwp%2Fv2%2Ftags&post=37419"}],"curies":[{"name":"wp","href":"https:\/\/api.w.org\/{rel}","templated":true}]}}