{"id":374181,"date":"2022-08-07T00:07:32","date_gmt":"2022-08-07T04:07:32","guid":{"rendered":"http:\/\/diariodominicano.com\/?p=374181"},"modified":"2022-08-07T00:08:05","modified_gmt":"2022-08-07T04:08:05","slug":"trasladan-la-universidad-de-santo-domingo-a-la-avenida-alma-mater","status":"publish","type":"post","link":"https:\/\/diariodominicano.com\/?p=374181","title":{"rendered":"Trasladan la Universidad de Santo Domingo a la avenida  Alma Mater"},"content":{"rendered":"\n<p><\/p>\n\n\n\n<p>Por HTN<\/p>\n\n\n\n<p>Diariodominicano.com<\/p>\n\n\n\n<p>Santo Domingo, RD.- El 7 de agosto de 1947,\u00a0 la Universidad de Santo Domingo, fue trasladada a la sede que\u00a0 ocupa en la Alma Mater, en el Distrito Nacional.<\/p>\n\n\n\n<p>El nuevo campo universitario fue construido en la administraci\u00f3n del dictador Rafael Le\u00f3nidas Trujillo Molina.<\/p>\n\n\n\n<p>&nbsp;&nbsp;&nbsp; Hasta el d\u00eda 7 de agosto de 1947, la Universidad de Santo Domingo, funcion\u00f3 en la \u201cCasa del Sacramento\u201d, hoy la sede del Arzobispado de Santo Domingo, en la zona colonial.<\/p>\n\n\n\n<p>&nbsp;&nbsp;&nbsp; La&nbsp; hoy Universidad&nbsp; Aut\u00f3noma de Santo Domingo, fue fundada el 28 de octubre de 1538. Tiene sus or\u00edgenes en el Centro de Estudios Generales Santo Tom\u00e1s de Aquino, el cual fue elevado a la categor\u00eda de Universidad en virtud de la Bula In Apostalatus Culmine, del Papa Paulo III.<\/p>\n\n\n\n<p>&nbsp;&nbsp;&nbsp; La instituci\u00f3n de Educaci\u00f3n&nbsp; era dirigida por los padres dominicos y naci\u00f3 en su Iglesia de la calle Padre Billini, en la Zona&nbsp; Colonial de Santo Domingo.<\/p>\n\n\n\n<p>&nbsp;&nbsp; &nbsp;Cuando termin\u00f3 la dictadura de Trujillo, en el a\u00f1o 1961, la universidad&nbsp; ten\u00eda una poblaci\u00f3n de tres mil estudiantes. En la actualidad la Universidad Aut\u00f3noma&nbsp; de Santo Domingo, tiene una poblaci\u00f3n de m\u00e1s de 100 mil estudiantes.<\/p>\n","protected":false},"excerpt":{"rendered":"<p>Por HTN Diariodominicano.com Santo Domingo, RD.- El 7 de agosto de 1947,\u00a0 la Universidad de Santo Domingo, fue trasladada a la sede que\u00a0 ocupa en la Alma Mater, en el Distrito Nacional. El nuevo campo universitario fue construido en la administraci\u00f3n del dictador Rafael Le\u00f3nidas Trujillo Molina. &nbsp;&nbsp;&nbsp; Hasta el d\u00eda 7 de agosto de [&hellip;]<\/p>\n","protected":false},"author":28,"featured_media":302234,"comment_status":"closed","ping_status":"","sticky":true,"template":"","format":"standard","meta":{"footnotes":""},"categories":[26,27],"tags":[],"class_list":["post-374181","post","type-post","status-publish","format-standard","has-post-thumbnail","hentry","category-efemerides","category-portada"],"_links":{"self":[{"href":"https:\/\/diariodominicano.com\/index.php?rest_route=\/wp\/v2\/posts\/374181","targetHints":{"allow":["GET"]}}],"collection":[{"href":"https:\/\/diariodominicano.com\/index.php?rest_route=\/wp\/v2\/posts"}],"about":[{"href":"https:\/\/diariodominicano.com\/index.php?rest_route=\/wp\/v2\/types\/post"}],"author":[{"embeddable":true,"href":"https:\/\/diariodominicano.com\/index.php?rest_route=\/wp\/v2\/users\/28"}],"replies":[{"embeddable":true,"href":"https:\/\/diariodominicano.com\/index.php?rest_route=%2Fwp%2Fv2%2Fcomments&post=374181"}],"version-history":[{"count":3,"href":"https:\/\/diariodominicano.com\/index.php?rest_route=\/wp\/v2\/posts\/374181\/revisions"}],"predecessor-version":[{"id":374184,"href":"https:\/\/diariodominicano.com\/index.php?rest_route=\/wp\/v2\/posts\/374181\/revisions\/374184"}],"wp:featuredmedia":[{"embeddable":true,"href":"https:\/\/diariodominicano.com\/index.php?rest_route=\/wp\/v2\/media\/302234"}],"wp:attachment":[{"href":"https:\/\/diariodominicano.com\/index.php?rest_route=%2Fwp%2Fv2%2Fmedia&parent=374181"}],"wp:term":[{"taxonomy":"category","embeddable":true,"href":"https:\/\/diariodominicano.com\/index.php?rest_route=%2Fwp%2Fv2%2Fcategories&post=374181"},{"taxonomy":"post_tag","embeddable":true,"href":"https:\/\/diariodominicano.com\/index.php?rest_route=%2Fwp%2Fv2%2Ftags&post=374181"}],"curies":[{"name":"wp","href":"https:\/\/api.w.org\/{rel}","templated":true}]}}