{"id":37418,"date":"2007-03-07T14:21:00","date_gmt":"2007-03-07T14:21:00","guid":{"rendered":"http:\/\/diariodominicano.ddns.net\/?p=37418"},"modified":"2007-03-07T14:21:00","modified_gmt":"2007-03-07T14:21:00","slug":"invitado-en-teledebate-7","status":"publish","type":"post","link":"https:\/\/diariodominicano.com\/?p=37418","title":{"rendered":"INVITADO EN TELEDEBATE"},"content":{"rendered":"<p><body><\/p>\n<p><span class=\"titulogrande1\"><em>INVITADO EN TELEDEBATE<\/em><\/span><br \/>&#13;<br \/>\n  <br \/>&#13;<br \/>\n    <span class=\"linksnoticias\"><em>Dr.<\/em><\/span> <span class=\"textopq1\"><em>Enriquillo Matos,<\/em><\/span><br \/>&#13;<br \/>\n  <br \/>&#13;<br \/>\n  <em><strong>Presidente del Colegio M\u00e8dico Dominicano<\/strong><\/em><\/p>\n<p>&#13;<\/p>\n<p align=\"justify\" class=\"text1noticias\">\u201cEstamos trabajando bajo un nuevo estilo y  filosof\u00eca. En catorce meses no hemos hecho una sola huelga en los hospitales,  sin dejar por ello de dar asistencia y apoyo a todos nuestros miembros en todos  los casos en que ha sido necesario\u201d.<\/p>\n<p>&#13;<\/p>\n<p align=\"justify\" class=\"text1noticias\">\u201cProtagonizamos tan solo un paro de dos  horas porque al cabo de 45 d\u00ecas de di\u00e0logo con el Secretario de Salud, \u00e8ste  hizo caso omiso de nuestras demandas.\u00a0  Fue necesario ese paro para que reconociese que fue ilegal la decisi\u00f2n  de rebajarle el sueldo a los m\u00e8dicos que trasladaron a CONANI y corrigiese esa  situaci\u00f2n\u201d.<\/p>\n<p>&#13;<\/p>\n<p align=\"justify\" class=\"text1noticias\">\u201cEl actual Secretario de Salud es una  excelente persona.\u00a0 Pero ha permitido que  el gobierno le diese un presupuesto insuficiente. Aqu\u00ec apenas dedicamos el 1.8  del PIB a las atenciones de salud, mientras el promedio en Centroam\u00e9rica, cuyos  pa\u00ecses son m\u00e0s pobres que el nuestro, es de 3.8. En el Continente, s\u00f2lo Ecuador  y Hait\u00ed dedican menos recursos a la salud que nosotros\u201d<\/p>\n<p>&#13;<\/p>\n<p align=\"justify\" class=\"text1noticias\">\u201cNo confiamos en que el r\u00e9gimen  contributivo del Seguro Familiar de Salud pueda arrancar en la fecha prevista.  Quedan pocas semanas y hasta ahora, con nosotros, que somos los proveedores de  salud, no se han consensuado nuestros honorarios profesionales. La ley de  Seguridad Social tiene un fallo penoso y es que concentra los poderes de la  misma en el Gobierno, el empresariado y los sindicatos mientras desconoce a los  m\u00e8dicos. Adem\u00e1s, cada uno de esos sectores tiene poder de veto, lo mismo que el  Consejo de Seguridad de las Naciones Unidas.<\/p>\n<p>&#13;<\/p>\n<p align=\"justify\" class=\"text1noticias\">\u201cEl Insituto Dominicano de Seguros Sociales  no ha podido reconvertirse y modernizarse por falta de recursos. M\u00e0s del 60  porciento de las empresas no cotizan y adeudan unos seis mil millones de pesos  al mismo, el gobierno le debe m\u00e0s de tres mil. Esa es la raz\u00f3n de que esa  valiosa instituci\u00f3n est\u00e8 arrastrando una situaci\u00f2n precaria. Tanto el gobierno  como los empresarios y sindicalistas, que se han hecho de verdaderas fortunas a  trav\u00e8s del Instituto, se han puesto de acuerdo para hacerlo desaparecer. Los  m\u00e8dicos no vamos a permitir que eso suceda\u201d. <\/p>\n<p>&#13;<\/p>\n<p align=\"justify\" class=\"text1noticias\">\u201cLa falta de presupuesto hace que m\u00e0s de  mil m\u00e8dicos graduados no hayan podido realizar sus correspondientes  pasant\u00ecas.\u00a0 Por consiguiente, se ven  impedidos de ejercer su profesi\u00f3n.\u00a0 Hemos  hablado del tema con el Secretario de Salud y \u00e8l nos expresa que no puede hacer  nada porque carece de fondos para ello.<\/p>\n<p>&#13;<\/p>\n<h6> 2007-03-07 14:21:00 <\/h6>\n<p><!--\n<link rel=\"stylesheet\" href=\"css\/bootstrap.min.css\">\n\n\n<ul class=\"pagination\">\n\t    \n\t\n\n<li >\n\t<a href='?page_no=13182'>Previous<\/a>\n\t<\/li>\n\n\n       \n    \n\n<li><a href='?page_no=1'>1<\/a><\/li>\n\n\n\n<li><a href='?page_no=2'>2<\/a><\/li>\n\n\n\n<li><a>...<\/a><\/li>\n\n\n\n<li><a href='?page_no=13181'>13181<\/a><\/li>\n\n\n\n<li><a href='?page_no=13182'>13182<\/a><\/li>\n\n\n\n<li class='active'><a>13183<\/a><\/li>\n\n\n\n<li><a href='?page_no=13184'>13184<\/a><\/li>\n\n\n\n<li><a href='?page_no=13185'>13185<\/a><\/li>\n\n\n\n<li><a>...<\/a><\/li>\n\n\n\n<li><a href='?page_no=13611'>13611<\/a><\/li>\n\n\n\n<li><a href='?page_no=13612'>13612<\/a><\/li>\n\n    \n\t\n\n<li >\n\t<a href='?page_no=13184'>Next<\/a>\n\t<\/li>\n\n\n    \n\n<li><a href='?page_no=13612'>Last &rsaquo;&rsaquo;<\/a><\/li>\n\n<\/ul>\n\n\n--><br \/>\n<\/body><\/p>\n","protected":false},"excerpt":{"rendered":"<p>INVITADO EN TELEDEBATE&#13; &#13; Dr. Enriquillo Matos,&#13; &#13; Presidente del Colegio M\u00e8dico Dominicano &#13; \u201cEstamos trabajando bajo un nuevo estilo y filosof\u00eca. En catorce meses no hemos hecho una sola huelga en los hospitales, sin dejar por ello de dar asistencia y apoyo a todos nuestros miembros en todos los casos en que ha sido [&hellip;]<\/p>\n","protected":false},"author":3,"featured_media":0,"comment_status":"open","ping_status":"open","sticky":false,"template":"","format":"standard","meta":{"footnotes":""},"categories":[16],"tags":[],"class_list":["post-37418","post","type-post","status-publish","format-standard","hentry","category-opiniones"],"_links":{"self":[{"href":"https:\/\/diariodominicano.com\/index.php?rest_route=\/wp\/v2\/posts\/37418","targetHints":{"allow":["GET"]}}],"collection":[{"href":"https:\/\/diariodominicano.com\/index.php?rest_route=\/wp\/v2\/posts"}],"about":[{"href":"https:\/\/diariodominicano.com\/index.php?rest_route=\/wp\/v2\/types\/post"}],"author":[{"embeddable":true,"href":"https:\/\/diariodominicano.com\/index.php?rest_route=\/wp\/v2\/users\/3"}],"replies":[{"embeddable":true,"href":"https:\/\/diariodominicano.com\/index.php?rest_route=%2Fwp%2Fv2%2Fcomments&post=37418"}],"version-history":[{"count":0,"href":"https:\/\/diariodominicano.com\/index.php?rest_route=\/wp\/v2\/posts\/37418\/revisions"}],"wp:attachment":[{"href":"https:\/\/diariodominicano.com\/index.php?rest_route=%2Fwp%2Fv2%2Fmedia&parent=37418"}],"wp:term":[{"taxonomy":"category","embeddable":true,"href":"https:\/\/diariodominicano.com\/index.php?rest_route=%2Fwp%2Fv2%2Fcategories&post=37418"},{"taxonomy":"post_tag","embeddable":true,"href":"https:\/\/diariodominicano.com\/index.php?rest_route=%2Fwp%2Fv2%2Ftags&post=37418"}],"curies":[{"name":"wp","href":"https:\/\/api.w.org\/{rel}","templated":true}]}}