{"id":374176,"date":"2022-08-07T00:01:56","date_gmt":"2022-08-07T04:01:56","guid":{"rendered":"http:\/\/diariodominicano.com\/?p=374176"},"modified":"2022-08-07T00:10:18","modified_gmt":"2022-08-07T04:10:18","slug":"trujillo-inauguro-la-carretera-que-a-ciudad-azua-y-a-barahona","status":"publish","type":"post","link":"https:\/\/diariodominicano.com\/?p=374176","title":{"rendered":"Trujillo inaugur\u00f3 la carretera que comunica a ciudad Azua y a Barahona"},"content":{"rendered":"\n<p><strong>Por H\u00e9ctor Tineo Nolasco<\/strong><\/p>\n\n\n\n<p><strong>Diariodominicano.com<\/strong><\/p>\n\n\n\n<p>SANTO DOMINGO, el 7 de agosto de 1938, el dictador General\u00edsimo Rafael Le\u00f3nidas Trujillo Molina, inaugur\u00f3 la carretera Azua-Barahona.<\/p>\n\n\n\n<p>&nbsp;&nbsp;&nbsp;&nbsp;&nbsp; La nueva v\u00eda fue bautizada con el nombre de Enriquillo, en homenaje al&nbsp; Cacique Enriquillo, quien encabez\u00f3&nbsp; un levantamiento contra los colonizadores espa\u00f1oles y&nbsp; se intern\u00f3 con sus hombres en la Sierra de Baoruco.<\/p>\n\n\n\n<p>&nbsp;&nbsp; <strong>El historiador Ram\u00f3n Marrero Aristy, en el volumen III de su obra \u201cLa Rep\u00fablica Dominicana Origen y Destino del Pueblo cristiano m\u00e1s antiguo de Am\u00e9rica\u201d, anota que la carretera Enriquillo fue inaugurada el 7 de agosto de 1938, \u201cen medio del entusiasmo de las provincias m\u00e1s favorecidas, con la asistencia del Presidente\u201d.<\/strong><\/p>\n\n\n\n<p>&nbsp; Ram\u00f3n Marrero Aristy tambi\u00e9n calific\u00f3 de brillante el discurso que pronunci\u00f3 en el acto el dictador Trujillo, quien expres\u00f3:<\/p>\n\n\n\n<p>&nbsp;&nbsp; \u201cLos barahoneros no permitir\u00e1n jam\u00e1s que sobre el lomo de esta carretera se proyecte otra sombra que no sea la del hombre de trabajo, ni brille otra espada que no sea la de la ley, ni vibre otra voz que no sea la del orden, ni se levante otro ruido que no sea el del traj\u00edn constante de los frutos, ni escuche el alma otro rumor que el de vuestras oraciones a la paz\u201d.<\/p>\n\n\n\n<p>&nbsp;&nbsp; Al tratar sobre el programa de construcciones de Trujillo, Marrero Aristy&nbsp; sostiene que \u201cEl aislamiento de las m\u00e1s importantes regiones del pa\u00eds, por la falta de comunicaciones adecuadas, era un factor decisivo en el atraso y pobreza de esas mismas regiones, adem\u00e1s del aspecto negativo en el orden social y cultural\u201d.<\/p>\n\n\n\n<p>&nbsp;&nbsp; Afirma que la dificultad de las comunicaciones&nbsp; hab\u00eda trabado el desarrollo de Barahona, \u201ccuando pod\u00eda convertirse en una de las comunidades&nbsp; m\u00e1s pr\u00f3speras del pa\u00eds, para formar un equilibrio necesario entre Norte y Sur, con saludables efectos sobre la vida pol\u00edtica del pa\u00eds\u201d.<\/p>\n","protected":false},"excerpt":{"rendered":"<p>Por H\u00e9ctor Tineo Nolasco Diariodominicano.com SANTO DOMINGO, el 7 de agosto de 1938, el dictador General\u00edsimo Rafael Le\u00f3nidas Trujillo Molina, inaugur\u00f3 la carretera Azua-Barahona. &nbsp;&nbsp;&nbsp;&nbsp;&nbsp; La nueva v\u00eda fue bautizada con el nombre de Enriquillo, en homenaje al&nbsp; Cacique Enriquillo, quien encabez\u00f3&nbsp; un levantamiento contra los colonizadores espa\u00f1oles y&nbsp; se intern\u00f3 con sus hombres en [&hellip;]<\/p>\n","protected":false},"author":28,"featured_media":271908,"comment_status":"closed","ping_status":"","sticky":true,"template":"","format":"standard","meta":{"footnotes":""},"categories":[26,27],"tags":[],"class_list":["post-374176","post","type-post","status-publish","format-standard","has-post-thumbnail","hentry","category-efemerides","category-portada"],"_links":{"self":[{"href":"https:\/\/diariodominicano.com\/index.php?rest_route=\/wp\/v2\/posts\/374176","targetHints":{"allow":["GET"]}}],"collection":[{"href":"https:\/\/diariodominicano.com\/index.php?rest_route=\/wp\/v2\/posts"}],"about":[{"href":"https:\/\/diariodominicano.com\/index.php?rest_route=\/wp\/v2\/types\/post"}],"author":[{"embeddable":true,"href":"https:\/\/diariodominicano.com\/index.php?rest_route=\/wp\/v2\/users\/28"}],"replies":[{"embeddable":true,"href":"https:\/\/diariodominicano.com\/index.php?rest_route=%2Fwp%2Fv2%2Fcomments&post=374176"}],"version-history":[{"count":5,"href":"https:\/\/diariodominicano.com\/index.php?rest_route=\/wp\/v2\/posts\/374176\/revisions"}],"predecessor-version":[{"id":374186,"href":"https:\/\/diariodominicano.com\/index.php?rest_route=\/wp\/v2\/posts\/374176\/revisions\/374186"}],"wp:featuredmedia":[{"embeddable":true,"href":"https:\/\/diariodominicano.com\/index.php?rest_route=\/wp\/v2\/media\/271908"}],"wp:attachment":[{"href":"https:\/\/diariodominicano.com\/index.php?rest_route=%2Fwp%2Fv2%2Fmedia&parent=374176"}],"wp:term":[{"taxonomy":"category","embeddable":true,"href":"https:\/\/diariodominicano.com\/index.php?rest_route=%2Fwp%2Fv2%2Fcategories&post=374176"},{"taxonomy":"post_tag","embeddable":true,"href":"https:\/\/diariodominicano.com\/index.php?rest_route=%2Fwp%2Fv2%2Ftags&post=374176"}],"curies":[{"name":"wp","href":"https:\/\/api.w.org\/{rel}","templated":true}]}}