{"id":37417,"date":"2007-03-07T14:25:14","date_gmt":"2007-03-07T14:25:14","guid":{"rendered":"http:\/\/diariodominicano.ddns.net\/?p=37417"},"modified":"2007-03-07T14:25:14","modified_gmt":"2007-03-07T14:25:14","slug":"las-principales-en-teledebate-114","status":"publish","type":"post","link":"https:\/\/diariodominicano.com\/?p=37417","title":{"rendered":"LAS PRINCIPALES EN TELEDEBATE"},"content":{"rendered":"<p><body><\/p>\n<p><span class=\"titulogrande1\"><em>LAS PRINCIPALES EN TELEDEBATE<\/em><\/span><br \/>&#13;<br \/>\n  <br \/>&#13;<br \/>\n    <span class=\"linksnoticias\"><em>Lunes<\/em><\/span>  <span class=\"textopq1\"><em>5,03,07<\/em><\/span><\/p>\n<p>&#13;<\/p>\n<p align=\"justify\"><em><strong>COSTO REAL DE LA CANASTA FAMILIAR.<\/strong><\/em>  <span class=\"text1noticias\">Por fin&#8230;\u00bfqu\u00e8 costo de la canasta familiar primar\u00e0 en las negociaciones de  aumento salarial?\u00a0 \u00bfLos m\u00e0s de 18 mil que  toman como referente los sindicatos o los 7 mil 47 que establece el Banco  Central para el llamado primer quintil?\u00a0  Por cierto que la entidad bancaria debiera esclarecer bien el  alcance\u00a0 del t\u00e8rmino \u201cprimer quintil\u201d\u00a0 La mayor\u00eca de la gente desconoce su  significado. <\/span><\/p>\n<p>&#13;<\/p>\n<p align=\"justify\" class=\"text1noticias\"><em><strong>PETROLEO EN ALZA.<\/strong><\/em> El petr\u00f3leo  ha seguido subiendo coloc\u00e1ndose por encima de la barrera de los sesenta y dos  d\u00f3lares y en las \u00f9ltimas 4 \u00f2 5 semanas lo ha hecho de manera consistente el  precio de la gasolina. No obstante ello, nadie parece darse por enterado.\u00a0 No hay manera de que entendamos de una vez y  por todas que es preciso montar un sostenido plan de ahorro energ\u00e9tico.\u00a0 La sociedad civil debiera tomar iniciativa en  este sentido.<\/p>\n<p>&#13;<\/p>\n<p align=\"justify\" class=\"text1noticias\"><em><strong>VEREMOS SI PAGAN. <\/strong><\/em>Bien ha hecho  la fiscal\u00eca en someter a juicio a dos de los m\u00e0s importantes exportadores de  metales bajo la grav\u00edsima acusaci\u00f2n de estar involucrados en el robo de cables  telef\u00f3nicos para apropiarse del cobre y venderlo al exterior.\u00a0\u00a0 \u00bfC\u00f2mo es posible que si no producimos cobre  la exportaci\u00f3n de \u00e8ste haya superado al resto de los metales?\u00a0 El negociazo, m\u00e0s bien el robo descarado,  representa una millonada de d\u00f3lares.\u00a0  Veremos si pagan o se salen con la suya.<\/p>\n<p>&#13;<\/p>\n<p align=\"justify\" class=\"text1noticias\"><em><strong>EL PODER DE LA MAFIA.<\/strong><\/em> El brutal  asesinato de tres parlamentarios salvadore\u00f1os, previamente torturados, por  parte de cuatro agentes policiales guatemaltecos los cuales fueron a su vez  asesinados el mismo d\u00eca y hora en el penal adonde hab\u00ecan sido enviados,  evidencia el tremendo poder de la mafia, posiblemente asociada al narcotr\u00e1fico,  que dispuso estos cr\u00edmenes.\u00a0 Esas mafias  disponen de tanta influencia y tent\u00e1culos que se permiten desafiar la autoridad  de los gobiernos.\u00a0 Estemos atentos no  vaya a ser que aqu\u00ec andemos ya transitando ese mismo camino.<\/p>\n<p>&#13;<\/p>\n<p align=\"justify\" class=\"text1noticias\"><em><strong>EL PLEITO ES POR LA CANTIDAD.\u00a0 <\/strong><\/em>Un dicho muy popular en el  campo del Derecho es que m\u00e0s vale un mal arreglo que un buen pleito. Estos  pueden durar toda la vida.\u00a0 Desde este  punto de vista, hicieron bien las autoridades en transar la demanda interpuesta  contra la AES en  los Estados Unidos a la que no se le daban muchas posibilidades de \u00e8xito.\u00a0 Los cuestionamientos vienen por la cantidad  negociada, menos de 7 millones de d\u00f3lares, que muchos consideran p\u00ecrrica. El  punto debe ser bien esclarecido.<\/p>\n<p>&#13;<\/p>\n<p align=\"justify\" class=\"text1noticias\"><em><strong>\u00bfCUMPLIRA ESTA VEZ?<\/strong><\/em>\u00a0 El Presidente Leonel Fern\u00e1ndez trajo de  Guyana la formal promesa del mandatario azteca Felipe Calder\u00f3n de que  descongelar\u00e0 los 200 millones de d\u00f3lares de cr\u00e8dito blando retenidos por M\u00e8xico  del llamado Pacto de San Jos\u00e8. Es la oncena vez que M\u00e9xico promete y no cumple.  Si esta vez honra el compromiso el gobernante dominicano se anotar\u00e0 un buen  punto en su gesti\u00f3n, en tanto el mariachi estar\u00e0 contribuyendo a fortalecer los  lazos de amistad entre ambas naciones.<\/p>\n<p>&#13;<\/p>\n<p align=\"justify\" class=\"text1noticias\"><em><strong>CON LA MANGA AL CODO.<\/strong><\/em>\u00a0 No es solo a los grandes mafiosos y capos del  narco a los que hay que combatir duramente. Tambi\u00e8n cuentan los peque\u00f1os delincuentes  que cada vez se vuelven m\u00e0s agresivos y peligrosos. Los punzonazos con que  estos atracadores de poca monta dejaron ayer siete personas heridas ti\u00f1endo de  violencia el hermoso Carnaval montado por Cultura es una buena demostraci\u00f3n de  que a ellos tambi\u00e8n hay que entrarles con la manga al codo.<\/p>\n<p>&#13;<\/p>\n<p align=\"justify\" class=\"text1noticias\"><em><strong>GENTE DESESPERADA.\u00a0<\/strong><\/em> Y hablando de delincuencia, en el Residencial  Santo Domingo el vecindario y los comerciantes est\u00e0n al grito con los atracos a  punta de pistola. De vocero de sus amarguras figura el cura de la parroquia  quien reclama la sustituci\u00f2n del capit\u00e1n policial de la zona y aboga porque la  gente se empiece a hacer justicia por propia mano. No es la mejor  recomendaci\u00f3n, pero\u00a0 evidencia\u00a0\u00a0 la desesperaci\u00f3n a que puede llegar la gente  cuando se siente desprotegida.<\/p>\n<p>&#13;<\/p>\n<p align=\"justify\" class=\"text1noticias\"><em><strong>BUENO LO BUENO&#8230;<\/strong><\/em> Por ac\u00e0 est\u00e0  o estuvo un personaje, experto en Derecho Constitucional, quien dej\u00f2 plantada  la inquietud de que si en la reforma de la Carta Magna se cambia  el derecho de nacionalidad del jus solis al jus sanguinis, el pa\u00ecs pudiera ser  condenado por la   Corte Interamericana de Justicia. Si es as\u00ec, si cedemos tanto  espacio de soberania, \u00bfno ser\u00eca mejor entregarle a dicha Corte la redacci\u00f3n de  la nueva Constituci\u00f3n?\u00a0 Bueno, lo bueno.  Pero esto luce demasiado.<\/p>\n<p>&#13;<\/p>\n<p align=\"justify\" class=\"text1noticias\"><em><strong>LA COMPETENCIA CHINA.\u00a0<\/strong><\/em> \u00bfQue la competencia china no afecta las  empresas textileras locales? Ser\u00e0 de chiste. Lean estos datos de Manuel Ferm\u00edn  en su orientador art\u00ecculo \u201cLos chinos atacan\u201d. Debido a ella,\u00a0 en Europa 11 mil 500 empresas han quebrado y  se han perdido 165 mil puestos de trabajo. En M\u00e9xico 144 f\u00e0bricas de juguetes  han cerrado sus puertas y en Costa Rica los textileros han ido a bancarrota  provocando miles de cesant\u00edas.\u00a0 Como  ejemplos, sobran.\u00a0 Mejor de ah\u00ec se da\u00f1a.<\/p>\n<p>&#13;<\/p>\n<p align=\"justify\" class=\"text1noticias\"><em><strong>LOS MENORES A LA ESCUELA.<\/strong><\/em> Los ingenios  Crist\u00f3bal Col\u00f2n y CAEI, ambos del Grupo Vicini, han adoptado una medida muy  en\u00e9rgica en cuanto al trabajo infantil.\u00a0  No solo lo tienen estrictamente prohibido en sus campos ca\u00f1eros.\u00a0 Tambi\u00e8n advierten que no adquirir\u00e1n la  producci\u00f3n de los colonos que utilicen menores en sus labores.\u00a0 Un buen ejemplo a imitar por todos los  sectores de la econom\u00eca.\u00a0 El \u00f9nico lugar  donde deben estar ocupados los menores es en la escuela.<\/p>\n<p>&#13;<\/p>\n<p align=\"justify\" class=\"text1noticias\"><em><strong>UN ACTO IRRESPONSABLE.<\/strong><\/em>\u00a0 Totalmente oportunista, populista y  demag\u00f3gica la declaraci\u00f3n del senador Adriano S\u00e1nchez Roa de que convertir\u00e0 en  proyecto de ley el aumento salarial de un 50 porciento tanto para el sector  p\u00f9blico como privado. En cuanto al primero, las regulaciones del Fondo  Monetario lo impiden. Y en lo tocante al segundo, hay que ser muy irresponsable  para pretender que pueden asumir un incremento de esa naturaleza, mucho menos  frente a la competencia del DR-CAFTA.<\/p>\n<p>&#13;<\/p>\n<p align=\"justify\" class=\"text1noticias\"><em><strong>ANIVERSARIO DE EL DIA.<\/strong><\/em>\u00a0 Hoy est\u00e0 de aniversario El D\u00eca. En apenas  cinco a\u00f1os, el tabloide matutino que circula gratuitamente, se ha posicionado  con fuerza de un importante espacio de simpat\u00eda dentro del p\u00f9blico lector.\u00a0 Felicitaciones a su director Rafael Molina  Morillo, el sub Jos\u00e8 P. Monegro y al resto del personal que hacen un periodismo  de tan alta calidad profesional. Y larga vida a EL DIA.<\/p>\n<p>&#13;<\/p>\n<h6> 2007-03-07 14:25:14 <\/h6>\n<p><!--\n<link rel=\"stylesheet\" href=\"css\/bootstrap.min.css\">\n\n\n<ul class=\"pagination\">\n\t    \n\t\n\n<li >\n\t<a href='?page_no=13181'>Previous<\/a>\n\t<\/li>\n\n\n       \n    \n\n<li><a href='?page_no=1'>1<\/a><\/li>\n\n\n\n<li><a href='?page_no=2'>2<\/a><\/li>\n\n\n\n<li><a>...<\/a><\/li>\n\n\n\n<li><a href='?page_no=13180'>13180<\/a><\/li>\n\n\n\n<li><a href='?page_no=13181'>13181<\/a><\/li>\n\n\n\n<li class='active'><a>13182<\/a><\/li>\n\n\n\n<li><a href='?page_no=13183'>13183<\/a><\/li>\n\n\n\n<li><a href='?page_no=13184'>13184<\/a><\/li>\n\n\n\n<li><a>...<\/a><\/li>\n\n\n\n<li><a href='?page_no=13611'>13611<\/a><\/li>\n\n\n\n<li><a href='?page_no=13612'>13612<\/a><\/li>\n\n    \n\t\n\n<li >\n\t<a href='?page_no=13183'>Next<\/a>\n\t<\/li>\n\n\n    \n\n<li><a href='?page_no=13612'>Last &rsaquo;&rsaquo;<\/a><\/li>\n\n<\/ul>\n\n\n--><br \/>\n<\/body><\/p>\n","protected":false},"excerpt":{"rendered":"<p>LAS PRINCIPALES EN TELEDEBATE&#13; &#13; Lunes 5,03,07 &#13; COSTO REAL DE LA CANASTA FAMILIAR. Por fin&#8230;\u00bfqu\u00e8 costo de la canasta familiar primar\u00e0 en las negociaciones de aumento salarial?\u00a0 \u00bfLos m\u00e0s de 18 mil que toman como referente los sindicatos o los 7 mil 47 que establece el Banco Central para el llamado primer quintil?\u00a0 Por [&hellip;]<\/p>\n","protected":false},"author":3,"featured_media":0,"comment_status":"open","ping_status":"open","sticky":false,"template":"","format":"standard","meta":{"footnotes":""},"categories":[16],"tags":[],"class_list":["post-37417","post","type-post","status-publish","format-standard","hentry","category-opiniones"],"_links":{"self":[{"href":"https:\/\/diariodominicano.com\/index.php?rest_route=\/wp\/v2\/posts\/37417","targetHints":{"allow":["GET"]}}],"collection":[{"href":"https:\/\/diariodominicano.com\/index.php?rest_route=\/wp\/v2\/posts"}],"about":[{"href":"https:\/\/diariodominicano.com\/index.php?rest_route=\/wp\/v2\/types\/post"}],"author":[{"embeddable":true,"href":"https:\/\/diariodominicano.com\/index.php?rest_route=\/wp\/v2\/users\/3"}],"replies":[{"embeddable":true,"href":"https:\/\/diariodominicano.com\/index.php?rest_route=%2Fwp%2Fv2%2Fcomments&post=37417"}],"version-history":[{"count":0,"href":"https:\/\/diariodominicano.com\/index.php?rest_route=\/wp\/v2\/posts\/37417\/revisions"}],"wp:attachment":[{"href":"https:\/\/diariodominicano.com\/index.php?rest_route=%2Fwp%2Fv2%2Fmedia&parent=37417"}],"wp:term":[{"taxonomy":"category","embeddable":true,"href":"https:\/\/diariodominicano.com\/index.php?rest_route=%2Fwp%2Fv2%2Fcategories&post=37417"},{"taxonomy":"post_tag","embeddable":true,"href":"https:\/\/diariodominicano.com\/index.php?rest_route=%2Fwp%2Fv2%2Ftags&post=37417"}],"curies":[{"name":"wp","href":"https:\/\/api.w.org\/{rel}","templated":true}]}}