{"id":37416,"date":"2007-03-07T14:28:17","date_gmt":"2007-03-07T14:28:17","guid":{"rendered":"http:\/\/diariodominicano.ddns.net\/?p=37416"},"modified":"2007-03-07T14:28:17","modified_gmt":"2007-03-07T14:28:17","slug":"el-balaguercito-digital","status":"publish","type":"post","link":"https:\/\/diariodominicano.com\/?p=37416","title":{"rendered":"El Balaguercito digital"},"content":{"rendered":"<p><body><\/p>\n<p align=\"center\" class=\"titulogrande1\"><em><strong>El Balaguercito digital<\/strong><\/em><\/p>\n<p>&#13;<\/p>\n<p align=\"center\"><span class=\"linksnoticias\"><em>Por<\/em><\/span><strong class=\"textogrande\"><em> Narciso Isa Conde<\/em><\/strong><\/p>\n<p>&#13;<\/p>\n<p align=\"justify\" class=\"text1noticias\">Quien lo vio en el carrito  Volkswagen tipo \u201ccepillo\u201d o \u201cescarabajo\u201d.<\/p>\n<p>&#13;<\/p>\n<p align=\"justify\" class=\"text1noticias\">Quien convers\u00f3 con \u00e9l en su  oficinita del envejecido Edificio Diez de la calle El Conde, en el mero centro  comercial de la ciudad primada de Am\u00e9rica.<\/p>\n<p>&#13;<\/p>\n<p align=\"justify\" class=\"text1noticias\">Quien lo ley\u00f3 en la Revista Pol\u00edtica  o en el peri\u00f3dico \u201cVanguardia del Pueblo\u201d, publicaciones fundadas por el Prof.  Juan Bosch.<\/p>\n<p>&#13;<\/p>\n<p align=\"justify\" class=\"text1noticias\">Quien lo escuch\u00f3 hablar de  James Petras como \u201csu profesor\u201d y lo oy\u00f3 en su condici\u00f3n de candidato a la  vicepresidencia de la Rep\u00fablica  acompa\u00f1ando a Bosch en 1994.<\/p>\n<p>&#13;<\/p>\n<p align=\"justify\" class=\"text1noticias\">Quien lo observ\u00f3 cuando se  presentaba como el m\u00e1s democr\u00e1tico y progresista de todos los precandidatos  presidenciales del Partido de la Liberaci\u00f3n Dominicana  (PLD) en la campa\u00f1a de 1996.<\/p>\n<p>&#13;<\/p>\n<p align=\"justify\" class=\"text1noticias\">Confieso que sent\u00eda simpat\u00eda  por \u00e9l, aunque esta comenz\u00f3 a estropearse cuando a ra\u00edz del fraude electoral de  1994 contra Pe\u00f1a G\u00f3mez\u00a0 le plante\u00e9 la  necesidad de tumbar a Balaguer a trav\u00e9s de una huelga general indefinida y  establecer un gobierno provisional con el apoyo de todas las fuerzas  democr\u00e1ticas, liberales, revolucionarias y progresistas.<\/p>\n<p>&#13;<\/p>\n<p align=\"justify\" class=\"text1noticias\">Entonces expres\u00f3 un gran  temor frente a la posibilidad de que las masas tomaran las calles y ante la  seguridad de que los EEUU se opusieran a esa determinaci\u00f3n.<\/p>\n<p>&#13;<\/p>\n<p align=\"justify\" class=\"text1noticias\">Entonces me habl\u00f3 de la  conveniencia de dejar a Balaguer en la presidencia y dejar el congreso anterior  con mayor\u00eda del PLD. Me argument\u00f3 que a su \u201cpartido\u201d hab\u00eda que dejarle lo suyo  y a Balaguer lo de \u00e9l, aunque las elecciones del 1994 hab\u00edan dicho otra cosa:  el PLD hab\u00eda descendido enormemente en comparaci\u00f3n con el auge que tuvo en 1990  y Balaguer hab\u00eda perdido sin discusi\u00f3n alguna.<\/p>\n<p>&#13;<\/p>\n<p align=\"justify\" class=\"text1noticias\">Entonces- y recuerdo hab\u00e9rselo  dicho a mi familia, en presencia de mi madre- pens\u00e9 que de Leonel era un  blandengue y que de \u00e9l no deb\u00edamos esperar cosas buenas.<\/p>\n<p>&#13;<\/p>\n<p align=\"justify\" class=\"text1noticias\">Pero todav\u00eda, sin embargo,  era dif\u00edcil para m\u00ed llegar a la conclusi\u00f3n de que m\u00e1s all\u00e1 de sus finos modales  y su apariencia bonachona, hab\u00eda un \u201cbalaguercito\u201d en su alma y estaba presente  en su coraz\u00f3n su pretensi\u00f3n de \u201cd\u00e9spota ilustrado\u201d, aspirante eterno al poder  desde el poder a cualquier precio.<\/p>\n<p>&#13;<\/p>\n<p align=\"justify\" class=\"text1noticias\">Esto comenz\u00f3 a revelarse en  su primer periodo de gobierno y recuerdo haber escrito sobre la relaci\u00f3n  vampirezca entre ambos personajes y la transfusi\u00f3n de sangre del viejo  personero del crimen y la corrupci\u00f3n al novato que aspiraba a serlo, solo que  adecu\u00e1ndose a la modernidad inconclusa y la post-modernidad\u00a0 en marcha.<\/p>\n<p>&#13;<\/p>\n<p align=\"justify\" class=\"text1noticias\">Y no solo, sino adem\u00e1s,  incorporando tambi\u00e9n a su esp\u00edritu politizado la impronta de la globalizaci\u00f3n  neoliberal, la aceptaci\u00f3n de la recolonizaci\u00f3n impuesta por EEUU y las nuevas  modalidades de la publicidad y los discursos capaces de reemplazar la realidad  con el mayor grado de fantas\u00eda espacial.<\/p>\n<p>&#13;<\/p>\n<p align=\"justify\" class=\"text1noticias\">Una especie de copia  cibern\u00e9tica, digital, bien peque\u00f1a, de Joaqu\u00edn Balaguer. Un cloncito  neoliberalizado del heredero de Trujillo.<\/p>\n<p>&#13;<\/p>\n<p align=\"justify\" class=\"text1noticias\">Claro, siempre se ha dicho  que ninguna copia resulta ser como el original. Ni siquiera en la capacidad y  astucia para colar maldad con aparente sinceridad y real desfachatez.<\/p>\n<p>&#13;<\/p>\n<p align=\"justify\" class=\"text1noticias\">Las versiones digitales de  los viejos d\u00e9spotas ilustrados, sus clones posmodernos, son sinuosos,  hip\u00f3critas, fantasiosos, fabuladores, a\u00e9reos. Se desconectan demasiado de la  realidad y cuando dan sus versiones de sus ejecutorias resultan altamente  ofensivo por m\u00e1s decentes que se propongan ser. Hablan de un pa\u00eds irreal,  distancian en gran escala sus palabras de sus hechos. Y entonces irritan como  el que m\u00e1s.<\/p>\n<p>&#13;<\/p>\n<p align=\"justify\" class=\"text1noticias\">Es la consecuencia de  sobreponer la imagen y el discurso publicitario a la cotidianidad sufrida por  los seres humanos. Ese es el caso del presidente de Colombia \u00c1lvaro Uribe . Y  eso es lo que le est\u00e1 pasando ahora a Leonel Fern\u00e1ndez, despu\u00e9s de haber  pronunciado su reciente discurso espacial en el mercado pol\u00edtico que responde  al nombre de Congreso Nacional.<\/p>\n<p>&#13;<\/p>\n<p align=\"justify\" class=\"text1noticias\">Porque el pueblo llano ya est\u00e1 apreciando que \u00a0esta versi\u00f3n digital de Balaguer est\u00e1  provocando \u2013y \u00a0va a provocar en mayor  dimensi\u00f3n en los pr\u00f3ximos meses- efectos terribles en nuestra sociedad, ahora  montado el personaje en el caballo alado de la reelecci\u00f3n y pose\u00eddo de que \u201cno  hay otro como \u00e9l\u201d.<\/p>\n<p>&#13;<\/p>\n<p align=\"justify\" class=\"text1noticias\">Observemos en que se est\u00e1  convirtiendo el Despacho de la Primera Dama.  Valoremos como el Metro se esta tragando el pa\u00eds, convertido en una inmensa  alcanc\u00eda de la re-postulaci\u00f3n. Miremos al desmoche de los danilistas  (opositores a la reelecci\u00f3n dentro de su propio partido) civiles y militares.<\/p>\n<p>&#13;<\/p>\n<p align=\"justify\" class=\"text1noticias\">Ponderemos el significado de  excluir a todos los reeleccionistas de las consecuencias judiciales de los esc\u00e1ndalos  de corrupci\u00f3n y el sentido de aproximaci\u00f3n de Leonel a Hip\u00f3lito Mej\u00eda.<\/p>\n<p>&#13;<\/p>\n<p align=\"justify\" class=\"text1noticias\">Analicemos los efectos del  TLC que ya est\u00e1 en ejecuci\u00f3n y la proclividad de Leonel Fern\u00e1ndez a empe\u00f1ar la  soberan\u00eda militar del pa\u00eds y a competir en entreguismo, corrupci\u00f3n y soborno  con los candidatos los opositores inmersos en la perversidad pol\u00edtica.<\/p>\n<p>&#13;<\/p>\n<p align=\"justify\" class=\"text1noticias\">Hay pol\u00edticos ambiciosos que  por austeros y realistas saben medir donde esta la raya y hasta donde sus pasos  pueden hacer estallar o deteriorar dram\u00e1ticamente la sociedad. <\/p>\n<p>&#13;<\/p>\n<p align=\"justify\" class=\"text1noticias\">Pero los que se asemejan a  los delincuentes que llaman a combatir la delincuencia, a los ladrones que  piden perseguir a lo ladrones (dej\u00e1ndoles sueltos), a los empobrecedores que  dicen estar superando la pobreza, a los que hablan de austeridad auspiciando al  derroche, tienden a hundir el pa\u00eds que gobiernan.<\/p>\n<p>&#13;<\/p>\n<p align=\"justify\" class=\"text1noticias\">\u00bf Y hasta d\u00f3nde-me pregunto-  no es leg\u00edtimo que una sociedad amenazada de esa manera demande la renuncia de  un gobernante capaz de hundir la naci\u00f3n con tal de quedarse ah\u00ed a c\u00f3mo de  lugar?<\/p>\n<p>&#13;<\/p>\n<h6> 2007-03-07 14:28:17 <\/h6>\n<p><!--\n<link rel=\"stylesheet\" href=\"css\/bootstrap.min.css\">\n\n\n<ul class=\"pagination\">\n\t    \n\t\n\n<li >\n\t<a href='?page_no=13180'>Previous<\/a>\n\t<\/li>\n\n\n       \n    \n\n<li><a href='?page_no=1'>1<\/a><\/li>\n\n\n\n<li><a href='?page_no=2'>2<\/a><\/li>\n\n\n\n<li><a>...<\/a><\/li>\n\n\n\n<li><a href='?page_no=13179'>13179<\/a><\/li>\n\n\n\n<li><a href='?page_no=13180'>13180<\/a><\/li>\n\n\n\n<li class='active'><a>13181<\/a><\/li>\n\n\n\n<li><a href='?page_no=13182'>13182<\/a><\/li>\n\n\n\n<li><a href='?page_no=13183'>13183<\/a><\/li>\n\n\n\n<li><a>...<\/a><\/li>\n\n\n\n<li><a href='?page_no=13611'>13611<\/a><\/li>\n\n\n\n<li><a href='?page_no=13612'>13612<\/a><\/li>\n\n    \n\t\n\n<li >\n\t<a href='?page_no=13182'>Next<\/a>\n\t<\/li>\n\n\n    \n\n<li><a href='?page_no=13612'>Last &rsaquo;&rsaquo;<\/a><\/li>\n\n<\/ul>\n\n\n--><br \/>\n<\/body><\/p>\n","protected":false},"excerpt":{"rendered":"<p>El Balaguercito digital &#13; Por Narciso Isa Conde &#13; Quien lo vio en el carrito Volkswagen tipo \u201ccepillo\u201d o \u201cescarabajo\u201d. &#13; Quien convers\u00f3 con \u00e9l en su oficinita del envejecido Edificio Diez de la calle El Conde, en el mero centro comercial de la ciudad primada de Am\u00e9rica. &#13; Quien lo ley\u00f3 en la Revista [&hellip;]<\/p>\n","protected":false},"author":3,"featured_media":0,"comment_status":"open","ping_status":"open","sticky":false,"template":"","format":"standard","meta":{"footnotes":""},"categories":[16],"tags":[],"class_list":["post-37416","post","type-post","status-publish","format-standard","hentry","category-opiniones"],"_links":{"self":[{"href":"https:\/\/diariodominicano.com\/index.php?rest_route=\/wp\/v2\/posts\/37416","targetHints":{"allow":["GET"]}}],"collection":[{"href":"https:\/\/diariodominicano.com\/index.php?rest_route=\/wp\/v2\/posts"}],"about":[{"href":"https:\/\/diariodominicano.com\/index.php?rest_route=\/wp\/v2\/types\/post"}],"author":[{"embeddable":true,"href":"https:\/\/diariodominicano.com\/index.php?rest_route=\/wp\/v2\/users\/3"}],"replies":[{"embeddable":true,"href":"https:\/\/diariodominicano.com\/index.php?rest_route=%2Fwp%2Fv2%2Fcomments&post=37416"}],"version-history":[{"count":0,"href":"https:\/\/diariodominicano.com\/index.php?rest_route=\/wp\/v2\/posts\/37416\/revisions"}],"wp:attachment":[{"href":"https:\/\/diariodominicano.com\/index.php?rest_route=%2Fwp%2Fv2%2Fmedia&parent=37416"}],"wp:term":[{"taxonomy":"category","embeddable":true,"href":"https:\/\/diariodominicano.com\/index.php?rest_route=%2Fwp%2Fv2%2Fcategories&post=37416"},{"taxonomy":"post_tag","embeddable":true,"href":"https:\/\/diariodominicano.com\/index.php?rest_route=%2Fwp%2Fv2%2Ftags&post=37416"}],"curies":[{"name":"wp","href":"https:\/\/api.w.org\/{rel}","templated":true}]}}