{"id":37415,"date":"2007-03-07T14:31:05","date_gmt":"2007-03-07T14:31:05","guid":{"rendered":"http:\/\/diariodominicano.ddns.net\/?p=37415"},"modified":"2007-03-07T14:31:05","modified_gmt":"2007-03-07T14:31:05","slug":"el-tiro-rapido-424","status":"publish","type":"post","link":"https:\/\/diariodominicano.com\/?p=37415","title":{"rendered":"EL TIRO RAPIDO"},"content":{"rendered":"<p><body><\/p>\n<p><span class=\"titulogrande1\"><em>EL TIRO RAPIDO<\/em><\/span><br \/>&#13;<br \/>\n  <br \/>&#13;<br \/>\n    <span class=\"textopq1\"><em>de<\/em><\/span><br \/>&#13;<br \/>\n  <br \/>&#13;<br \/>\n  <span class=\"textogrande\"><em>Mario  Rivadulla<\/em><\/span><\/p>\n<p>&#13;<\/p>\n<p align=\"justify\" class=\"text1noticias\">La aguda pluma de la colega Violeta Yanguela, columnista  de El Nacional de Ahora y quien tambi\u00e8n figura como comentarista de  televisi\u00f3n,\u00a0 recoge en un reciente  art\u00ecculo detalles interesantes de un reciente libro publicado por Mois\u00e9s Naim,  director de la Revista   Foreing Policy, Pol\u00edtica Extranjera.\u00a0 En esta obra, Naim advierte que el tr\u00e0fico de  dinero, personas, drogas, armas, arte, mercanc\u00ecas falsificadas, medicinas,  \u00f2rganos, productos de entretenimiento y todo lo pueda ser comercializado de  manera il\u00edcita forma parte del mercado global, con una complejidad mayor desde  la abolici\u00f3n del comercio de los esclavos.<\/p>\n<p>&#13;<\/p>\n<p align=\"justify\" class=\"text1noticias\">El conocido editor agrega una  verdad de a pu\u00f1o.\u00a0 Y es que ninguna de  estas actividades criminales puede llevarse a cabo sin la complicidad de  funcionarios p\u00fablicos y de oficiales militares.\u00a0  Pero tambi\u00e8n, oportuno agregar, de empresarios y banqueros deshonestos.<\/p>\n<p>&#13;<\/p>\n<p align=\"justify\" class=\"text1noticias\">La alusi\u00f2n a esta interesante  obra, la colega Yanguela la enlaza con un reciente art\u00ecculo del mayor general  Rafael Radham\u00e8s Ram\u00edrez Ferreira, titulado Yo acuso, que vi\u00f2 la luz en su  columna semanal en El Nacional de Ahora, donde el Presidente de la Direcci\u00f2n Nacional  de Control de Drogas advierte que el problema del narcotr\u00e1fico es, citamos \u201cuna  lucha que produce mayores muertes y degradaci\u00f3n del ser humano que cualquier  guerra que se haya producido hasta el presente\u201d.<\/p>\n<p>&#13;<\/p>\n<p align=\"justify\" class=\"text1noticias\">El alto militar va mucho m\u00e0s  all\u00e0 al reprochar la falta de toma de conciencia general que se deja notar  respecto a la gravedad del problema del narcotr\u00e1fico por parte de la que  califica de \u201cesta hip\u00f3crita sociedad que se quiere comportar como una veleta  sin querer admitir que la direcci\u00f2n del viento la dictamina el narcotr\u00e1fico\u201d.<\/p>\n<p>&#13;<\/p>\n<p align=\"justify\" class=\"text1noticias\">Por desgracia es as\u00ec.\u00a0  Hoy por hoy, el narcotr\u00e1fico ha invadido gran parte del tejido social  dominicano y el lavado de sus cuantiosos recursos incide de manera creciente en  el curso de los acontecimientos en nuestro pa\u00ecs.\u00a0 Es la cara oculta del problema<\/p>\n<p>&#13;<\/p>\n<p align=\"justify\" class=\"text1noticias\">La visible es la que reflejan  las noticias, d\u00eca a d\u00eca.\u00a0 Las continuas y  cuantiosas ocupaciones de estupefacientes que llevan a cabo nuestras propias  autoridades antidrogas pese a trabajar a mano pelada. <br \/>&#13;<br \/>\n  <br \/>&#13;<br \/>\n  El desmantelamiento de  los puntos de venta, que suman cientos, miles a todo lo largo y ancho del pa\u00ecs.\u00a0<br \/>&#13;<br \/>\n  <br \/> &#13;<br \/>\nLos apresamientos de los involucrados,\u00a0 gran parte de los cuales m\u00e0s tarde, por  argucias legales o el hoyo en el C\u00f3digo Procesal de que habla el Vicepresidente  de la Suprema Corte  de Justicia, obtienen su libertad.<\/p>\n<p>&#13;<\/p>\n<p align=\"justify\" class=\"text1noticias\">Los ajustes de cuentas por  deudas contra\u00eddas en el extranjero.\u00a0 Y  los otros ajustes, por deudas de mucho menor monto, que tienen lugar entre las  bandas barriales, disput\u00e1ndose los puntos m\u00e0s atractivos para el negocio.\u00a0 Los esfuerzos que con minimos recursos  despliega Casa Abierta para advertir a la juventud sobre los peligros y  perjuicios de la adicci\u00f2n, y los que a su vez lleva a cabo, tambi\u00e8n con gran  precariedad, Hogar CREA para rehabilitar a los que ya han ca\u00ecdo en sus garras.<\/p>\n<p>&#13;<\/p>\n<p align=\"justify\" class=\"text1noticias\">Pero hay otro elemento m\u00e0s que  no debemos ignorar.\u00a0 Es el hecho probado  y comprobado de que el aumento de la delincuencia est\u00e0 \u00edntimamente asociado al  incremento del narco y la drogadicci\u00f3n. Y no estamos hablando solo de los  grandes cr\u00edmenes, de \u00e8sos que abren surcos en la sensibilidad y estremecen el  coraz\u00f3n de la gente.\u00a0 Tambi\u00e8n el aumento  de la peque\u00f1a delincuencia, del maleante de poca monta que muchas veces  delinque con la sola finalidad de buscar recursos para alimentar la adicci\u00f2n  que lo esclaviza, tiene relaci\u00f2n directa con el submundo de las drogas.<\/p>\n<p>&#13;<\/p>\n<p align=\"justify\" class=\"text1noticias\">Es en gran parte lo que est\u00e0  ocurriendo aqu\u00ec, sin pretender ignorar que la marginalidad, la pobreza, la  falta de oportunidades, el af\u00e0n consumista, la corrupci\u00f2n y la impunidad, la  ausencia de hogares integrados, de valores y principios constituyen el caldo de  cultivo ideal para la temprana recluta de futuros malhechores.<\/p>\n<p>&#13;<\/p>\n<p align=\"justify\" class=\"text1noticias\">Todo esto, lamentablemente,  ocurre con la manifiesta complicidad de autoridades con y sin uniforme, con  mayor o menor poder, desde la c\u00faspide hasta los planos inferiores de la  autoridad.\u00a0 Y lo que es peor, ante la  indiferencia de una sociedad que reclama a voz en cuello el leg\u00ectimo derecho de  protecci\u00f3n, pero que parad\u00f3jicamente, al mismo tiempo, se niega de manera  empecinada a admitir la realidad de un c\u00e1ncer que necesita ser extirpado con el  concurso de todos antes de que haga met\u00e0stasis.\u00a0  Para lo cual, lamentablemente, no parece que falta mucho camino por  andar.<\/p>\n<p>&#13;<\/p>\n<p align=\"justify\" class=\"text1noticias\"><em><strong>(TELEDEBATE.\u00a0 Telefuturo,Canal 23, cubriendo el pa\u00ecs v\u00eca  sat\u00e9lite y al exterior a trav\u00e8s del Internet).Transmisi\u00f3n del lunes 5 de Marzo,  2007)<\/strong><\/em><\/p>\n<p>&#13;<\/p>\n<h6> 2007-03-07 14:31:05 <\/h6>\n<p><!--\n<link rel=\"stylesheet\" href=\"css\/bootstrap.min.css\">\n\n\n<ul class=\"pagination\">\n\t    \n\t\n\n<li >\n\t<a href='?page_no=13179'>Previous<\/a>\n\t<\/li>\n\n\n       \n    \n\n<li><a href='?page_no=1'>1<\/a><\/li>\n\n\n\n<li><a href='?page_no=2'>2<\/a><\/li>\n\n\n\n<li><a>...<\/a><\/li>\n\n\n\n<li><a href='?page_no=13178'>13178<\/a><\/li>\n\n\n\n<li><a href='?page_no=13179'>13179<\/a><\/li>\n\n\n\n<li class='active'><a>13180<\/a><\/li>\n\n\n\n<li><a href='?page_no=13181'>13181<\/a><\/li>\n\n\n\n<li><a href='?page_no=13182'>13182<\/a><\/li>\n\n\n\n<li><a>...<\/a><\/li>\n\n\n\n<li><a href='?page_no=13611'>13611<\/a><\/li>\n\n\n\n<li><a href='?page_no=13612'>13612<\/a><\/li>\n\n    \n\t\n\n<li >\n\t<a href='?page_no=13181'>Next<\/a>\n\t<\/li>\n\n\n    \n\n<li><a href='?page_no=13612'>Last &rsaquo;&rsaquo;<\/a><\/li>\n\n<\/ul>\n\n\n--><br \/>\n<\/body><\/p>\n","protected":false},"excerpt":{"rendered":"<p>EL TIRO RAPIDO&#13; &#13; de&#13; &#13; Mario Rivadulla &#13; La aguda pluma de la colega Violeta Yanguela, columnista de El Nacional de Ahora y quien tambi\u00e8n figura como comentarista de televisi\u00f3n,\u00a0 recoge en un reciente art\u00ecculo detalles interesantes de un reciente libro publicado por Mois\u00e9s Naim, director de la Revista Foreing Policy, Pol\u00edtica Extranjera.\u00a0 En [&hellip;]<\/p>\n","protected":false},"author":3,"featured_media":0,"comment_status":"open","ping_status":"open","sticky":false,"template":"","format":"standard","meta":{"footnotes":""},"categories":[16],"tags":[],"class_list":["post-37415","post","type-post","status-publish","format-standard","hentry","category-opiniones"],"_links":{"self":[{"href":"https:\/\/diariodominicano.com\/index.php?rest_route=\/wp\/v2\/posts\/37415","targetHints":{"allow":["GET"]}}],"collection":[{"href":"https:\/\/diariodominicano.com\/index.php?rest_route=\/wp\/v2\/posts"}],"about":[{"href":"https:\/\/diariodominicano.com\/index.php?rest_route=\/wp\/v2\/types\/post"}],"author":[{"embeddable":true,"href":"https:\/\/diariodominicano.com\/index.php?rest_route=\/wp\/v2\/users\/3"}],"replies":[{"embeddable":true,"href":"https:\/\/diariodominicano.com\/index.php?rest_route=%2Fwp%2Fv2%2Fcomments&post=37415"}],"version-history":[{"count":0,"href":"https:\/\/diariodominicano.com\/index.php?rest_route=\/wp\/v2\/posts\/37415\/revisions"}],"wp:attachment":[{"href":"https:\/\/diariodominicano.com\/index.php?rest_route=%2Fwp%2Fv2%2Fmedia&parent=37415"}],"wp:term":[{"taxonomy":"category","embeddable":true,"href":"https:\/\/diariodominicano.com\/index.php?rest_route=%2Fwp%2Fv2%2Fcategories&post=37415"},{"taxonomy":"post_tag","embeddable":true,"href":"https:\/\/diariodominicano.com\/index.php?rest_route=%2Fwp%2Fv2%2Ftags&post=37415"}],"curies":[{"name":"wp","href":"https:\/\/api.w.org\/{rel}","templated":true}]}}