{"id":37412,"date":"2007-03-08T11:59:57","date_gmt":"2007-03-08T11:59:57","guid":{"rendered":"http:\/\/diariodominicano.ddns.net\/?p=37412"},"modified":"2007-03-08T11:59:57","modified_gmt":"2007-03-08T11:59:57","slug":"libertad-de-expresion-o-fundamentalismo","status":"publish","type":"post","link":"https:\/\/diariodominicano.com\/?p=37412","title":{"rendered":"Libertad de expresi\u00f3n o Fundamentalismo"},"content":{"rendered":"<p><body><\/p>\n<h1 align=\"justify\" class=\"titulogrande1\"><strong>Libertad de expresi\u00f3n o Fundamentalismo <\/strong><\/h1>\n<p>&#13;<\/p>\n<h2 align=\"justify\" class=\"textogrande\"><strong>Por Onorio Mont\u00e1s<\/strong><\/h2>\n<p>&#13;<\/p>\n<p align=\"justify\" class=\"text1noticias\">El  director del Diario Libre, pidi\u00f3 excusas ayer por una caricatura que hiri\u00f3 la  susceptibilidad de Perrede\u00edstas y simpatizantes de Pe\u00f1a G\u00f3mez, y es lamentable.<\/p>\n<p>&#13;<\/p>\n<p align=\"justify\" class=\"text1noticias\">Pues  est\u00e1 fresco aun el revuelo que caus\u00f3 la divulgaci\u00f3n de justamente unas  caricaturas publicadas en el  desconocido, hasta ese momento diario dan\u00e9s &#8216;Jyllands-Posten&#8217; que encendieron  la ira de millones de musulmanes, y es lamentable que despu\u00e9s de tanto criticar  y opinar sobre la actitud de indignaci\u00f3n en el mundo isl\u00e1mico y hasta el papa  Benedicto XVI pag\u00f3 las consecuencias de esas ilustraciones.<\/p>\n<p>&#13;<\/p>\n<p align=\"justify\" class=\"text1noticias\">Pero hemos criticado mucho a los islamistas, que vemos como a  extraterrestres a los que profesan esa religi\u00f3n y muchos desconocen o se les  olvida, que son m\u00e1s de 1,200 millones de personas en todo el mundo.<\/p>\n<p>&#13;<\/p>\n<p align=\"justify\" class=\"text1noticias\">Pero Harold Priego debe sentirse satisfecho pues ha ejercido su  libertad de expresi\u00f3n y ha tenido el valor de decir lo que piensa a trav\u00e9s de  su le\u00edda secci\u00f3n \u201cDi\u00f3genes &amp; Boquechivo\u201d de ese prestigioso diario de nuestro pa\u00eds.<\/p>\n<p>&#13;<\/p>\n<p align=\"justify\" class=\"text1noticias\">Ojal\u00e1  que los fundamentalistas pe\u00f1agomistas  y sus seguidores no conviertan a Harold en un Salman Rushdie del periodismo  dominicano en su af\u00e1n de preservar la dominicanidad de su extinto l\u00edder.<\/p>\n<p>&#13;<\/p>\n<p align=\"justify\" class=\"text1noticias\">Solo hay que esperar que la  autocensura no se apodere de el al igual que muchos editores y redactores de  los medios dominicanos.<\/p>\n<p>&#13;<\/p>\n<p align=\"justify\" class=\"text1noticias\">7\u00a0  de Marzo del 2007 <\/p>\n<p>&#13;<\/p>\n<h6> 2007-03-08 11:59:57 <\/h6>\n<p><!--\n<link rel=\"stylesheet\" href=\"css\/bootstrap.min.css\">\n\n\n<ul class=\"pagination\">\n\t    \n\t\n\n<li >\n\t<a href='?page_no=13177'>Previous<\/a>\n\t<\/li>\n\n\n       \n    \n\n<li><a href='?page_no=1'>1<\/a><\/li>\n\n\n\n<li><a href='?page_no=2'>2<\/a><\/li>\n\n\n\n<li><a>...<\/a><\/li>\n\n\n\n<li><a href='?page_no=13176'>13176<\/a><\/li>\n\n\n\n<li><a href='?page_no=13177'>13177<\/a><\/li>\n\n\n\n<li class='active'><a>13178<\/a><\/li>\n\n\n\n<li><a href='?page_no=13179'>13179<\/a><\/li>\n\n\n\n<li><a href='?page_no=13180'>13180<\/a><\/li>\n\n\n\n<li><a>...<\/a><\/li>\n\n\n\n<li><a href='?page_no=13611'>13611<\/a><\/li>\n\n\n\n<li><a href='?page_no=13612'>13612<\/a><\/li>\n\n    \n\t\n\n<li >\n\t<a href='?page_no=13179'>Next<\/a>\n\t<\/li>\n\n\n    \n\n<li><a href='?page_no=13612'>Last &rsaquo;&rsaquo;<\/a><\/li>\n\n<\/ul>\n\n\n--><br \/>\n<\/body><\/p>\n","protected":false},"excerpt":{"rendered":"<p>Libertad de expresi\u00f3n o Fundamentalismo &#13; Por Onorio Mont\u00e1s &#13; El director del Diario Libre, pidi\u00f3 excusas ayer por una caricatura que hiri\u00f3 la susceptibilidad de Perrede\u00edstas y simpatizantes de Pe\u00f1a G\u00f3mez, y es lamentable. &#13; Pues est\u00e1 fresco aun el revuelo que caus\u00f3 la divulgaci\u00f3n de justamente unas caricaturas publicadas en el desconocido, hasta [&hellip;]<\/p>\n","protected":false},"author":3,"featured_media":0,"comment_status":"open","ping_status":"open","sticky":false,"template":"","format":"standard","meta":{"footnotes":""},"categories":[16],"tags":[],"class_list":["post-37412","post","type-post","status-publish","format-standard","hentry","category-opiniones"],"_links":{"self":[{"href":"https:\/\/diariodominicano.com\/index.php?rest_route=\/wp\/v2\/posts\/37412","targetHints":{"allow":["GET"]}}],"collection":[{"href":"https:\/\/diariodominicano.com\/index.php?rest_route=\/wp\/v2\/posts"}],"about":[{"href":"https:\/\/diariodominicano.com\/index.php?rest_route=\/wp\/v2\/types\/post"}],"author":[{"embeddable":true,"href":"https:\/\/diariodominicano.com\/index.php?rest_route=\/wp\/v2\/users\/3"}],"replies":[{"embeddable":true,"href":"https:\/\/diariodominicano.com\/index.php?rest_route=%2Fwp%2Fv2%2Fcomments&post=37412"}],"version-history":[{"count":0,"href":"https:\/\/diariodominicano.com\/index.php?rest_route=\/wp\/v2\/posts\/37412\/revisions"}],"wp:attachment":[{"href":"https:\/\/diariodominicano.com\/index.php?rest_route=%2Fwp%2Fv2%2Fmedia&parent=37412"}],"wp:term":[{"taxonomy":"category","embeddable":true,"href":"https:\/\/diariodominicano.com\/index.php?rest_route=%2Fwp%2Fv2%2Fcategories&post=37412"},{"taxonomy":"post_tag","embeddable":true,"href":"https:\/\/diariodominicano.com\/index.php?rest_route=%2Fwp%2Fv2%2Ftags&post=37412"}],"curies":[{"name":"wp","href":"https:\/\/api.w.org\/{rel}","templated":true}]}}