{"id":37411,"date":"2007-03-09T15:00:13","date_gmt":"2007-03-09T15:00:13","guid":{"rendered":"http:\/\/diariodominicano.ddns.net\/?p=37411"},"modified":"2007-03-09T15:00:13","modified_gmt":"2007-03-09T15:00:13","slug":"en-trance-de-revolucion-por-que-no-colombia","status":"publish","type":"post","link":"https:\/\/diariodominicano.com\/?p=37411","title":{"rendered":"En trance de revoluci\u00f3n: \u00bfPor qu\u00e9 no Colombia?"},"content":{"rendered":"<p><body><\/p>\n<p align=\"center\" class=\"titulogrande1\"><strong class=\"titulogrande\"><em>En  trance de revoluci\u00f3n: <\/em><\/strong><em><strong>\u00bfPor qu\u00e9 no Colombia?<\/strong><\/em><\/p>\n<p>&#13;<\/p>\n<p align=\"center\"><span class=\"linksnoticias\"><em>Por<\/em><\/span><strong class=\"textogrande\"><em> Narciso Isa Conde<\/em><\/strong><\/p>\n<p>&#13;<\/p>\n<p align=\"justify\" class=\"text1noticias\">En verdad, que cuando se habla de los pa\u00edses que est\u00e1n en  trance de cambios hacia la izquierda y con potencialidades revolucionarias,  casi nunca se menciona Colombia.<\/p>\n<p>&#13;<\/p>\n<p align=\"justify\" class=\"text1noticias\">Esto a mi modo de ver guarda relaci\u00f3n con formas de pensar  influidas por la ideolog\u00eda dominante, por la gravitaci\u00f3n de criterios y valoraciones  sistem\u00e1ticamente difundidas por los medios masivos de comunicaci\u00f3n y las  agencias internacionales al servicio del \u201cstatus quo\u201d.<\/p>\n<p>&#13;<\/p>\n<p align=\"justify\" class=\"text1noticias\">El avance hacia la izquierda o la existencia de un proceso  revolucionario es vulgarmente medido por esos medios en funci\u00f3n de los  resultados electorales, de la presencia o no en el gobierno de un partido o  alianza de partidos calificada de izquierda, as\u00ed como de su condici\u00f3n de opci\u00f3n  no preferencial de los EEUU y las oligarqu\u00edas locales.<\/p>\n<p>&#13;<\/p>\n<p align=\"justify\" class=\"text1noticias\">El proceso venezolano  obviamente es asumido como el m\u00e1s beligerante y radical dentro del espectro de  viraje continental hacia la izquierda; descontado, claro est\u00e1, el caso Cubano  por razones indiscutibles.<\/p>\n<p>&#13;<\/p>\n<p align=\"justify\" class=\"text1noticias\">Bolivia y Ecuador no solo son pa\u00edses reconocidos dentro de  los nuevos cambios, sino que se le ubica exageradamente en el mismo bloque que  a Venezuela y a Cuba, admitiendo sus posibilidades revolucionarias.<\/p>\n<p>&#13;<\/p>\n<p align=\"justify\" class=\"text1noticias\">Hasta ah\u00ed las calificaciones, aunque penetrada de ciertos  simplismos, se aproximan a la realidad.<\/p>\n<p>&#13;<\/p>\n<p align=\"justify\" class=\"text1noticias\">Pero la cuesti\u00f3n no se queda en ese esos escalones del  problema.<\/p>\n<p>&#13;<\/p>\n<p align=\"justify\" class=\"text1noticias\">La victoria del Frente Sandinista y de Daniel Ortega en  Nicaragua es valorada en esos medios como una especie de vuelta al pasado  izquierdita de ese pa\u00eds, aun sin ser plenamente as\u00ed.<\/p>\n<p>&#13;<\/p>\n<p align=\"justify\" class=\"text1noticias\">El triunfo del Frente Amplio en Uruguay, como tambi\u00e9n el de  Lula y del PT en Brasil \u2013aun con algunas matizaciones y pese a su evidente  distanciamiento de las reales perspectivas revolucionarias de procesos como el  venezolano, boliviano y ecuatoriano (con la debida distancia entre uno y otros)-  dio lugar a una calificaci\u00f3n similar.<\/p>\n<p>&#13;<\/p>\n<p align=\"justify\" class=\"text1noticias\">Y para colmo del simplismo, bast\u00f3 que la Bachelet y el Partido  Socialista (que de socialista y de izquierda le queda muy poco) ganaran las  elecciones en Chile, para que se le ubicara en ese mismo espacio.<\/p>\n<p>&#13;<\/p>\n<p align=\"justify\" class=\"text1noticias\">Ese medidor electoralista y formalista empapa no solo toda  la opini\u00f3n de la derecha, centro derecha y centro, sino tambi\u00e9n una gama de  fuerzas de izquierda y centro- izquierda, pese a que no tiene nada de ingenuo y  si mucho de sist\u00e9mico.<\/p>\n<p>&#13;<\/p>\n<p align=\"justify\" class=\"text1noticias\">El viraje \u2013seg\u00fan esa persistente opini\u00f3n- solo tiene que ver  con los votos a favor de fuerzas con cierta tradici\u00f3n o postura de izquierda,  con las cuotas institucionales a su favor, con la conquista del gobierno y con otros  aspectos muy formales.<\/p>\n<p>&#13;<\/p>\n<p align=\"justify\" class=\"text1noticias\">En esa valoraci\u00f3n no entran las caracter\u00edsticas ( formas  organizativas, conciencia pol\u00edtica, programas, idearios) de las fuerzas en crecimiento,  ni su articulaci\u00f3n real con el sujeto popular, ni su acumulaci\u00f3n cultural  alternativa, ni su naturaleza anti-sist\u00e9mica o pro sist\u00e9mica, ni su inserci\u00f3n  en los movimientos sociales en lucha, ni su capacidad de movilizaci\u00f3n  extra-institucional, ni su poder para meter en crisis la institucionalidad  vigente y el poder olig\u00e1rquico- imperialista, ni su acumulaci\u00f3n en el terreno  militar, ni su capacidad para crear poder paralelo, ni la naturaleza de sus  ejecutorias.<\/p>\n<p>&#13;<\/p>\n<div align=\"justify\">&#13;<\/p>\n<ul type=\"disc\">&#13;<\/p>\n<li class=\"text1noticias\"><strong>El caso colombiano.<\/strong><\/li>\n<p>&#13;\n  <\/ul>\n<p>&#13;\n<\/p><\/div>\n<p>&#13;<\/p>\n<p align=\"justify\" class=\"text1noticias\">Y si hay un pa\u00eds, donde el avance hacia una revoluci\u00f3n  democr\u00e1tica-popular, deber\u00eda evaluarse en funci\u00f3n todas las vertientes de fuerzas  transformadoras y todos los componentes de su crisis nacional, es Colombia.<\/p>\n<p>&#13;<\/p>\n<p align=\"justify\" class=\"text1noticias\">En ese pa\u00eds hermano se han producido notables avances en el  desarrollo de las fuerzas del cambio, mientras la crisis integral del Estado y  de la sociedad est\u00e1 al borde de una crisis de gobernabilidad y camino a una  crisis de poder.<\/p>\n<p>&#13;<\/p>\n<p align=\"justify\" class=\"text1noticias\">La insurgencia armada no solo no ha podido ser mellada, sino  que ha crecido significativamente a pesar del lamentable paso dado por el Ej\u00e9rcito  de Liberaci\u00f3n Nacional (ELN) hacia negociaciones infecundas con el gobierno de  Uribe, las cuales han afectado seriamente su proceso de acumulaci\u00f3n de fuerza  pol\u00edtico, poniendo en peligro su cohesi\u00f3n y su propia integridad org\u00e1nica,  aunque potenciando si la v\u00eda electoral.<\/p>\n<p>&#13;<\/p>\n<p align=\"justify\" class=\"text1noticias\">La gran franja revolucionaria que vanguardizan las Fuerzas  Armadas Revolucionarias de Colombia-Ej\u00e9rcito del Pueblo (FARC-EP), no solo ha  enfrentando eficazmente el Plan Colombia-Iniciativa Andina, derrotado el Plan  Patriota, multiplicado sus efectivos militares y sus milicias en todo el  territorio nacional, y potenciando su movilidad y su base social como ej\u00e9rcito  guerrillero, sino que adem\u00e1s ha contribuido a crear un poderoso partido  comunista clandestino y un amplio Movimiento Bolivariano por Una Nueva  Colombia; contribuyendo a potenciar a la vez las m\u00e1s variadas luchas sociales  en campos y ciudades, protagonizadas ellas por los mas diversos actores, movimientos  y corrientes afectados por la profunda y prolongada crisis provocada por el  proceso de recolonizaci\u00f3n neoliberal que desgarra la sociedad colombiana.<\/p>\n<p>&#13;<\/p>\n<p align=\"justify\" class=\"text1noticias\">Las FARC-EP han encarnado la contrapartida heroica, firme y  eficaz frente a la guerra sucia desatada por el Estado, las c\u00fapulas de los  partidos tradicionales, las bandas paramilitares, las mafias  narco-para-pol\u00edticas y el intervencionismo de la CIA y el Pent\u00e1gono al servicio de la oligarqu\u00eda y  la dominaci\u00f3n imperialista.<\/p>\n<p>&#13;<\/p>\n<p align=\"justify\" class=\"text1noticias\">Su movilidad, inteligencia y fortaleza han ridiculizado las  constantes fanfarroner\u00edas oficiales vaticinando su derrota y declinaci\u00f3n;  convirti\u00e9ndose en los hechos en el principal escudo contra el proyecto de  conquista militar estadounidense y en una de las grandes fuerzas disuasivas de  los planes de agresi\u00f3n militar masiva de los EEUU contra Venezuela y en toda  esa la regi\u00f3n.<\/p>\n<p>&#13;<\/p>\n<p align=\"justify\" class=\"text1noticias\">Las FARC-EP y su entorno se han desarrollado como una fuerza  de contrapoder integral, una especie de poder paralelo en expansi\u00f3n,<br \/>&#13;<br \/>\n  \u00a0<br \/>&#13;<br \/>\n  Pero hay tambi\u00e9n otras se\u00f1ales sumamente positivas en la  realidad colombiana.<\/p>\n<p>&#13;<\/p>\n<p align=\"justify\" class=\"text1noticias\">En Colombia, por primera  vez en muchos a\u00f1os, se ha venido conformando un fuerte polo electoral de  centro-izquierda, vinculado a importantes luchas sociales, convertido ya en la  segunda fuerza electoral del pa\u00eds.<\/p>\n<p>&#13;<\/p>\n<p align=\"justify\" class=\"text1noticias\">Al mismo tiempo ha  tenido lugar un impetuoso avance de las protestas de los (as) trabajadores (as)  cada vez mas empobrecidos(as), de los pueblos originarios hastiados de  exclusi\u00f3n y abandono, de los movimientos pro-defensa de los derechos humanos,  de las corrientes que pugnan por la moralizaci\u00f3n de la sociedad y se enfrentan  al creciente proceso de gansterizaci\u00f3n del poder establecido, de las luchas de  los(as) desplazados(as) por una cruenta represi\u00f3n del Estado conectada con las  bandas para-militares, de los movimientos campesinos que claman por al tierra y  por al vida, de los (as) j\u00f3venes y estudiantes indignados por las injusticias,  de las mujeres que exigen igualdad de derechos y oportunidades. <\/p>\n<p>&#13;<\/p>\n<p align=\"justify\" class=\"text1noticias\">El Polo Democr\u00e1tico, con la gravitaci\u00f3n en su seno de  avanzada vertiente del Frente Pol\u00edtico-Social, del Partido Comunista y otras  corrientes revolucionarias, desplaz\u00f3 a los dos partidos tradicionales (conservador y liberal) y ha emergido como  alternativa electoral a la ya decadente nueva derecha encabezada por \u00c1lvaro  Uribe V\u00e9lez, actual presidente (m\u00e1s bien Gobernador de Colonia) de esa naci\u00f3n.<\/p>\n<p>&#13;<\/p>\n<p align=\"justify\" class=\"text1noticias\">El nuevo auge de lo movimientos sociales y el crecimiento de  las fuerzas electorales alternativas, han venido a completar el cuadro de la  combinaci\u00f3n en ascenso \u2013aunque no siempre bien concertadas y articuladas- de  todas las formas de lucha (armada y no armada, violenta y pac\u00edfica,  institucional y extra-institucional, pol\u00edtica y social, pol\u00edtico-social y  pol\u00edtico-militar, econ\u00f3mica y cultural).<\/p>\n<p>&#13;<\/p>\n<p align=\"justify\" class=\"text1noticias\">La diversidad pol\u00edtica de todos esos factores confluyentes,  implica, claro est\u00e1, desniveles program\u00e1ticos y contradicciones reales respecto  a la profundidad de los cambios, m\u00e9todos y propuestas. Pero al mismo tiempo su  existencia real determina importantes convergencias complementarias.<\/p>\n<p>&#13;<\/p>\n<div align=\"justify\">&#13;<\/p>\n<ul type=\"disc\">&#13;<\/p>\n<li class=\"text1noticias\"><strong>Una interpretaci\u00f3n simplista negada       por la vida.<\/strong><\/li>\n<p>&#13;\n  <\/ul>\n<p>&#13;\n<\/p><\/div>\n<p>&#13;<\/p>\n<p align=\"justify\" class=\"text1noticias\">El reci\u00e9n pasado cuadro electoral, a pesar del inocultable  avance de las fuerzas de izquierda y centro- izquierda, fue publicitado por los  medios masivos de comunicaci\u00f3n y sobre todo por las grandes cadenas  internacionales, como la gran victoria reeleccionista de la nueva derecha y de  su candidato \u00c1lvaro Uribe V\u00e9lez. Y esto a su vez \u00a0fue presentado  como la legitimaci\u00f3n aplastante de la pol\u00edtica de \u201cseguridad democr\u00e1tica\u201d, de  los programas neoliberales y de la guerra contra el \u201cnarco-terrorismo\u201d  implementada por Uribe en el cuatrienio anterior.<\/p>\n<p>&#13;<\/p>\n<p align=\"justify\" class=\"text1noticias\">Se difundi\u00f3 hasta la saturaci\u00f3n el supuesto 60% obtenido por  Uribe y se present\u00f3 todo aquello como la mayor prueba de lo distante que  supuestamente estaba Colombia de la ola de cambios y del auge de las izquierdas  en Suram\u00e9rica.<\/p>\n<p>&#13;<\/p>\n<p align=\"justify\" class=\"text1noticias\">El narco-para-pol\u00edtico Uribe (mezcla de narcotraficante,  paramilitar y pol\u00edtico) fue proyectado por esos medios con un gran respaldo  popular y con una enorme legitimidad: el gran triunfador entre los pupilos de  Bush en Am\u00e9rica, especie de nuevo palad\u00edn de la democracia americana.<\/p>\n<p>&#13;<\/p>\n<p align=\"justify\" class=\"text1noticias\">Este personaje violento aparec\u00eda en los grandes medios como  la m\u00e1xima expresi\u00f3n del combate a la violencia, como el gran \u201cpacificador\u201d en  progresivo avance y marcha arrolladora, solo que sus balas anti-Farc no eran de  plomo sino de baba.<\/p>\n<p>&#13;<\/p>\n<p align=\"justify\" class=\"text1noticias\">Las entra\u00f1as gansterizadas del poder que encabezaba, fueron  cuidadosamente ocultadas.<\/p>\n<p>&#13;<\/p>\n<p align=\"justify\" class=\"text1noticias\">El porcentaje de abstenci\u00f3n (superando el 60%) fue  silenciado.<\/p>\n<p>&#13;<\/p>\n<p align=\"justify\" class=\"text1noticias\">La verdadera votaci\u00f3n de Uribe, que en verdad no sobrepas\u00f3  el 27% de los electores inscritos, fue fr\u00edamente suplantada por esa cifra  espectacular.<\/p>\n<p>&#13;<\/p>\n<p align=\"justify\" class=\"text1noticias\">El gran fraude implementando a su favor por las bandas  paramilitares ni siquiera se conoc\u00eda, salvo la votaci\u00f3n forzada a punta de  ametralladora de los capos y sus sicarios en algunas regiones del pa\u00eds.<\/p>\n<p>&#13;<\/p>\n<p align=\"justify\" class=\"text1noticias\">La podredumbre que contaminaba a ese nuevo proyecto de  partido derechista, profundamente neoliberal y mafioso, permanec\u00eda en gran  medida soterrada.<\/p>\n<p>&#13;<\/p>\n<p align=\"justify\" class=\"text1noticias\">El discurso post-moderno, la pose hip\u00f3crita, la doble moral,  todav\u00eda le serv\u00eda para envolver en papel celof\u00e1n su vientre maloliente.<\/p>\n<p>&#13;<\/p>\n<p align=\"justify\" class=\"text1noticias\">La dictadura medi\u00e1tica todav\u00eda no hab\u00eda sido perforada por  los balas de la verdad.<\/p>\n<p>&#13;<\/p>\n<p align=\"justify\" class=\"text1noticias\">Pero todo aquel falso ropaje no tard\u00f3 en desgarrarse al  comp\u00e1s del destape y desarrollo de una crisis narco-para-pol\u00edtica que va  configurando una especie de crisis de gobernabilidad.<\/p>\n<p>&#13;<\/p>\n<p align=\"justify\" class=\"text1noticias\">A esto ha ayudado sobremanera el cambio real en la  correlaci\u00f3n de fuerzas a favor de la izquierda armada y no armada; de la  izquierda pol\u00edtica, social, cultural y pol\u00edtica- militar en toda su extensi\u00f3n;  y \u00a0de las dem\u00e1s fuerzas avanzadas de la  sociedad colombiana.<\/p>\n<p>&#13;<\/p>\n<p align=\"justify\" class=\"text1noticias\">Las pruebas dando cuentas de los fraudes electorales, de los  financiamientos sucios de la campa\u00f1a de Uribe, de las cuotas de candidaturas auspiciadas  por los paramilitares, de la penetraci\u00f3n de \u00e9stos y la narco-pol\u00edtica en el  Congreso de la Rep\u00fablica  y en la administraci\u00f3n de Uribe, tomaron vuelo en los meses posteriores a las  elecciones.<\/p>\n<p>&#13;<\/p>\n<p align=\"justify\" class=\"text1noticias\">Y poco a poco la madeja fue desat\u00e1ndose con todas sus malos  olores, hasta convertirse en una <strong>crisis  narco-para-pol\u00edtica<\/strong>, es decir, en la eclosi\u00f3n de las evidencias delictivas  de un gobierno compartido por la oligarqu\u00eda y la partidocracia con masacradores,  asesinos, bandas mafiosas, y c\u00e1rteles de la droga.<\/p>\n<p>&#13;<\/p>\n<p align=\"justify\" class=\"text1noticias\"><strong>Un cinismo ya ineficaz.<\/strong><\/p>\n<p>&#13;<\/p>\n<p align=\"justify\" class=\"text1noticias\">El presidente Uribe adopt\u00f3 la t\u00e1ctica de desligarse de cada  esc\u00e1ndalo, protegiendo en la mayor medida posible a una parte de sus socios  involucrado; mientras los m\u00e1s afectados terminaron dando declaraciones  altamente comprometedoras, que apuntaban y apuntan hacia el coraz\u00f3n y el centro  del gobierno.<\/p>\n<p>&#13;<\/p>\n<p align=\"justify\" class=\"text1noticias\">Salvatore Macuso, conocido capo del para-militarismo,  confes\u00f3 que el 35% de los(as) integrantes del Congreso Nacional son personas  que le responden a esas bandas.<\/p>\n<p>&#13;<\/p>\n<p align=\"justify\" class=\"text1noticias\">Los congresistas Araujo, Pimiento, Garc\u00eda Maloff, Vives y  Caballero \u2013todos altos dirigentes de los partidos y grupos del proyecto de la  nueva derecha (Partido U, Cambio Radical, Alas Colombia, Colombia Democr\u00e1tica)  que apoya al presidente Uribe- han tenido que ser procesados judicialmente.<\/p>\n<p>&#13;<\/p>\n<p align=\"justify\" class=\"text1noticias\">El legislador Araujo, como su hermana, la tristemente famosa  cancillera Conchis Araujo, fueron evidenciados por esas denuncias como productos  de la cuota concedida por Uribe a nivel de Congreso y del gobierno central al  conocido capo <strong>Jorge 40.<\/strong><\/p>\n<p>&#13;<\/p>\n<p align=\"justify\" class=\"text1noticias\">A su vez Jorge 40, estrechamente vinculado a Jorge Noguera,  jefe de inteligencia del gobierno (Director del DAS) y enlace entre el Palacio Nari\u00f1o  y el propio \u00c1lvaro Uribe con las redes de bandas narco-paramilitares, han sido  acusados, con innumerables pruebas, de montar los fraudes electorales en favor  de la reelecci\u00f3n y de desplegar el terror paramilitar y la represi\u00f3n militar  para lograr votaciones forzadas.<\/p>\n<p>&#13;<\/p>\n<p align=\"justify\" class=\"text1noticias\">Escenas como la del general Rito Alejo de R\u00edo, ejecutando  junto a los paramilitares, ametralladora, a los campesinos de Salaqu\u00ed Norte y  el Choc\u00f3, han salido a la luz p\u00fablica estremeciendo la sociedad colombiana.<\/p>\n<p>&#13;<\/p>\n<p align=\"justify\" class=\"text1noticias\">Los carteles-bandas de Jorge 40 y Hern\u00e1n Giraldo trabajaron directamente  con Jorge Noguera y el DAS, quien adem\u00e1s fue acusado por el gobierno  revolucionario de Venezuela de organizar un atentado contra Ch\u00e1vez, sin ninguna  reacci\u00f3n posterior de la parte colombiana.<\/p>\n<p>&#13;<\/p>\n<p align=\"justify\" class=\"text1noticias\">Cuando las denuncias  de asesinatos y corrupci\u00f3n hicieron insostenible la presencia de Noguera en tan  delicadas funciones, Uribe intent\u00f3 protegerlo envi\u00e1ndolo de C\u00f3nsul a Mil\u00e1n,  Italia; pero recientemente ha sido sometido a los tribunales, acusado nada m\u00e1s  y nada menos que de \u201c<strong>concierto para  delinquir<\/strong>\u201d y <strong>\u201chomicidio agravado\u201d<\/strong><\/p>\n<p>&#13;<\/p>\n<p align=\"justify\" class=\"text1noticias\">Los gobernadores Hernando Molina del C\u00e9sar y Trino Luna del  Magdalena, ambos \u00edntimos colaboradores de Uribe, han sido indicados como  personeros pol\u00edticos de las bandas para-militares.<\/p>\n<p>&#13;<\/p>\n<p align=\"justify\" class=\"text1noticias\">La ca\u00edda de Noguera no ha dejado dudas sobre la estrecha vinculaci\u00f3n  de Uribe con el narco-poder y los \u201cparacos\u201d (para-militares colombianos).<\/p>\n<p>&#13;<\/p>\n<p align=\"justify\" class=\"text1noticias\">El Palacio Nari\u00f1o y el Congreso, seg\u00fan las confesiones del  capo Macuso y de otros acusados, han sido pr\u00e1cticamente tomado por el narco.  Las denuncias de robos al presupuesto, masacres \u201cmoto-sierra en manos\u201d, fraudes  y sobornos practicados con la anuencia y protecci\u00f3n de altos personeros civiles  y militares del uribismo, se suceden una tras otras; agreg\u00e1ndose al  descubrimiento de 4 mil fosas comunes llenas de v\u00edctimas del para-militarismo, a  los ahogados en el ri\u00f3 Magdalena y a los 150 mil apresados durante su primera  administraci\u00f3n.<\/p>\n<p>&#13;<\/p>\n<p align=\"justify\" class=\"text1noticias\">Y esto se ha  producido en una sociedad cada vez m\u00e1s empobrecida y desprotegida, sometida a  una ineficaz pol\u00edtica de seguridad y de guerra que se traga gran parte del  presupuesto nacional, sufriendo la consecuencia de la carest\u00eda y el desempleo  en gran escala, y amenazada gran parte de su producci\u00f3n nacional por la  imposici\u00f3n del TLC.<\/p>\n<p>&#13;<\/p>\n<p align=\"justify\" class=\"text1noticias\">La percepci\u00f3n de Uribe como un presidente narco, paraco,  ileg\u00edtimo, obstructor de la paz anhelada, reticente a los di\u00e1logos destinados a  solucionar conflictos, resistente al intercambio humanitario de prisioneros,  fantoche, fanfarr\u00f3n, mentiroso\u2026es cada vez mayor en la sociedad colombiana.<\/p>\n<p>&#13;<\/p>\n<p align=\"justify\" class=\"text1noticias\">Los votos de su reelecci\u00f3n han sido triturados por estos  hechos demoledores.<\/p>\n<p>&#13;<\/p>\n<div align=\"justify\">&#13;<\/p>\n<ul type=\"disc\">&#13;<\/p>\n<li class=\"text1noticias\"><strong>El ladr\u00f3n llamando a atrapar el       ladr\u00f3n.<\/strong><\/li>\n<p>&#13;\n  <\/ul>\n<p>&#13;\n<\/p><\/div>\n<p>&#13;<\/p>\n<p align=\"justify\" class=\"text1noticias\">Pero aun as\u00ed le queda \u00e1nimo para abandonar los suyos. Le  queda cinismo, para aun enlodado de sangre y pus de la cabeza a los pies,  presentarse como impoluto, haciendo un despliegue teatral.<\/p>\n<p>&#13;<\/p>\n<p align=\"justify\" class=\"text1noticias\">El ladr\u00f3n mayor pide que atrapen al ladr\u00f3n menor. Mientras  el delito llega a su despacho, tratando de desviar la atenci\u00f3n solicita que se  investigue por esos mismos delitos a los dem\u00e1s actores pol\u00edticos de la sociedad  colombiana, incluidos los guerrilleros.<\/p>\n<p>&#13;<\/p>\n<p align=\"justify\" class=\"text1noticias\">A esa maniobra diversionista responde tambi\u00e9n la designaci\u00f3n  del ingeniero Araujo como Canciller de la Rep\u00fablica, explotando su pasado de prisionero de  las FARC-EP y ocultando que d\u00edas antes de ser capturado por las guerrillas  encabez\u00f3 en Cartagena uno de los m\u00e1s grandes esc\u00e1ndalos de robo de tierra desde  su condici\u00f3n de Ministro de Desarrollo Social del gobierno de Pastrana.<\/p>\n<p>&#13;<\/p>\n<p align=\"justify\" class=\"text1noticias\">Este presidente <strong>narco-para-pol\u00edtico <\/strong>de tomo y lomo, en complicidad con los halcones de Washington, se empecina  en demostrar lo indemostrable: la supuesta condici\u00f3n de <\/p>\n<p>&#13;<\/p>\n<p align=\"justify\" class=\"text1noticias\"><strong>\u201cnarco-terrorista\u201d de  las FARC<\/strong>; acusando tambi\u00e9n a dirigentes del Polo Democr\u00e1tico de <strong>\u201cterroristas vestidos de civil<\/strong>\u201d.<\/p>\n<p>&#13;<\/p>\n<p align=\"justify\" class=\"text1noticias\">En Washington, mientras los congresistas dem\u00f3cratas se  preguntan \u201c\u00bf<strong>Qu\u00e9 pasa en e<\/strong>l <strong>gobierno colombiano<\/strong>?\u201d, Bush continua  apoyando a su pupilo carnal \u00c1lvaro Uribe y se regocija por haber logrado que  tribunales venales de los Estados Unidos condenen sin sustentaci\u00f3n legal a  revolucionarios insobornables como el comandante Sim\u00f3n Trinidad y la  guerrillera Sonia, formul\u00e1ndole la falaz acusaci\u00f3n de\u201d<strong>narco-terroristas<\/strong>\u201d canalizada y apoyada por un gobierno dominado  por la mafia.<br \/>&#13;<br \/>\n  <br \/>&#13;<br \/>\n Uribe y la   Conchis Araujo sueltos, y Rodrigo Granda, dirigente de las  FARC, preso en Colombia despu\u00e9s de secuestrado en Venezuela por un comando  instruido por Jorge Noguera (ex-jefe de la inteligencia del gobierno de Uribe),  hoy acusado de \u201c<strong>homicidio agravado\u201d <\/strong>y<strong> \u201cconcierto para delinquir\u201d. <\/strong>El mundo  al rev\u00e9s.<\/p>\n<p>&#13;<\/p>\n<div align=\"justify\">&#13;<\/p>\n<ul type=\"disc\">&#13;<\/p>\n<li class=\"text1noticias\"><strong>Ni Checher\u00e9 lo salva:es pa\/fuera que       va.<\/strong><\/li>\n<p>&#13;\n  <\/ul>\n<p>&#13;\n<\/p><\/div>\n<p>&#13;<\/p>\n<p align=\"justify\" class=\"text1noticias\">Con ese cuadro por delante es cada es mas evidente la  hipocres\u00eda del actual presidente colombiano, convertido por hechos contundentes  en un mandatario no solo ileg\u00edtimo, sino tambi\u00e9n ilegal y procesable.<\/p>\n<p>&#13;<\/p>\n<p align=\"justify\" class=\"text1noticias\">Y la evidencia, convertida de m\u00e1s en m\u00e1s en conciencia  colectiva, tiende a impedir su \u201csalvaci\u00f3n\u201d personal, sobre todo si la Suprema Corte de Justicia y la  nueva Fiscal\u00eda de Mario Iguar\u00e1n no se dejan intimidar.<\/p>\n<p>&#13;<\/p>\n<p align=\"justify\" class=\"text1noticias\">De todas maneras, desde el punto de vista pol\u00edtico, a \u00c1lvaro  Uribe no lo salva ni \u201c<strong>Chechere el Mago<\/strong>\u201d  como dicen en mi tierra.<\/p>\n<p>&#13;<\/p>\n<div align=\"justify\">&#13;<\/p>\n<ul type=\"disc\">&#13;<\/p>\n<li class=\"text1noticias\"><strong>El anciano r\u00e9gimen y el partidismo       tradicional en bancarrota.<\/strong><\/li>\n<p>&#13;\n  <\/ul>\n<p>&#13;\n<\/p><\/div>\n<p>&#13;<\/p>\n<p align=\"justify\" class=\"text1noticias\">Y no solo se trata de \u00c1lvaro Uribe, sino del sistema  tradicional de partido que \u00e9l ha intentado relevar y reciclar con una nueva  formaci\u00f3n pol\u00edtica de derecha, ahora en franco deterioro y descr\u00e9dito.<\/p>\n<p>&#13;<\/p>\n<p align=\"justify\" class=\"text1noticias\">Salvo su escudero, el vicepresidente Francisco Santos, Uribe  se ha quedado casi sin defensores: sus m\u00e1s conspicuos colaboradores, todos (as)  vinculados (as) a las agrupaciones que tend\u00edan a conformar esa nueva fuerza  pol\u00edtica derechista, llamada a relevar por muchos a\u00f1os tanto al\u00a0 partido liberal como al conservador, ambos en  franca declinaci\u00f3n, est\u00e1n presos o pueden ser procesados.<\/p>\n<p>&#13;<\/p>\n<p align=\"justify\" class=\"text1noticias\">Ciento setenta a\u00f1os de dominio bipartidista, vinculados a la  violencia, al robo y al entreguismo, viene siendo estremecido y resquebrajado  en estos \u00faltimos a\u00f1os.<\/p>\n<p>&#13;<\/p>\n<p align=\"justify\" class=\"text1noticias\">El Partido Conservador ha sido destruido y el Partido  Liberal est\u00e1 en franca declinaci\u00f3n: Y ahora la nueva fuerza uribista estalla  plagada de corrupci\u00f3n y gansterismo de la peor ralea.<\/p>\n<p>&#13;<\/p>\n<p align=\"justify\" class=\"text1noticias\">Gobierno y fuerzas pol\u00edticas de gobierno est\u00e1n en picada,  sin aparente relevo de derecha.<\/p>\n<p>&#13;<\/p>\n<p align=\"justify\" class=\"text1noticias\">Contrasta con ello el auge de las izquierdas y de las  fuerzas progresistas, m\u00e1s all\u00e1 de lo trasnochados numeritos de las elecciones  pasadas y del propio escenario comicial.<\/p>\n<p>&#13;<\/p>\n<p align=\"justify\" class=\"text1noticias\">Por eso crece el anhelo de cambio que hoy le sirve de base al  reclamo de renuncia de Uribe, a la demanda de convocatoria de elecciones  anticipadas y a la movilizaci\u00f3n nacional por a la nueva Colombia.<\/p>\n<p>&#13;<\/p>\n<p align=\"justify\" class=\"text1noticias\">Con mucho tino, refiri\u00e9ndose a esa situaci\u00f3n, el comandante  Iv\u00e1n M\u00e1rquez, miembro del Secretariado de las FARC-EP, ha escrito lo siguiente:<\/p>\n<p>&#13;<\/p>\n<p align=\"justify\" class=\"text1noticias\">\u201c<strong>La dignidad nacional no puede ser despachada con el cuento de que si la  justicia condena a Noguera<\/strong> \u201cle tendr\u00e9 que pedir perd\u00f3n al pa\u00eds\u201d. <strong>No se\u00f1or. Por el decoro de Colombia tiene  que renunciar. Que renuncie ahora por ilegitimo e ilegal, como lo reclama el  Movimiento Bolivariano por una Nueva Colombia en el afiche que navega en  Internet, donde aparece Uribe narco-paramilitar, motosierra en mano\u201d.<\/strong><br \/>&#13;<br \/>\n  <strong>\u2026\u2026.<br \/>    &#13;<br \/>\n  <br \/>&#13;<br \/>\n\u201cUribe debe renunciar. Esta emergencia de Colombia amerita la  convocatoria de unas nuevas elecciones. Se debe trabajar para una alianza que  salve la naci\u00f3n. Las organizaciones pol\u00edticos-sociales, los partidos, los  movimientos democr\u00e1ticos, los militares honrados, todos los colombianos que  sientan dolor por la patria, debemos unirnos para construir la alternativa  decorosa de gobierno que priorice los programas sociales, que marque distancia  de la pol\u00edtica neoliberal, que asuma una posici\u00f3n patri\u00f3tica frente al TLC y la  deuda externa, y que propicie la soluci\u00f3n pol\u00edtica del conflicto a trav\u00e9s del  intercambio humanitario de prisioneros, entre otros prop\u00f3sitos\u201d<\/strong><\/p>\n<p>&#13;<\/p>\n<p align=\"justify\" class=\"text1noticias\">Existen muchas se\u00f1ales de que Colombia entra en una fase de  inestabilidad gubernamental parecida a la que se registr\u00f3 recientemente,  primero en Argentina y luego en Bolivia, Ecuador\u2026, acompa\u00f1ada de una profunda crisis  de las instituciones vigentes y del sistema tradicional de partidos.<\/p>\n<p>&#13;<\/p>\n<p align=\"justify\" class=\"text1noticias\">Maduran all\u00ed las condiciones para el cambio pol\u00edtico, junto  a las favorables circunstancias de una acumulaci\u00f3n integral de fuerza  alternativas y a la existencia de factores revolucionarios muy superiores  incluso al de los pa\u00edses mencionados.<\/p>\n<p>&#13;<\/p>\n<p align=\"justify\" class=\"text1noticias\">Acumulaci\u00f3n pol\u00edtica, social, cultural, militar-insurgente\u2026<\/p>\n<p>&#13;<\/p>\n<p align=\"justify\" class=\"text1noticias\">Cierto que en Colombia, dadas las caracter\u00edsticas de su  feroz oligarqu\u00eda y del alto grado de violencia que ha desplegado el bloque  dominante, dadas la intervenci\u00f3n militar creciente de EEUU y la prolongada fuerza  hist\u00f3rica del bi-partidismo liberal-conservador, se han dilatado la posibilidad  de cambio de gobierno y el viraje pol\u00edtico- institucional hacia la izquierda.<br \/>&#13;<br \/>\n  <br \/>&#13;<br \/>\nPero sin dudas su potencial revolucionario es m\u00e1s grande que  el existente en pa\u00edses donde incluso se han iniciado el viraje a nivel de  gobierno. Y de desatarse el nudo del gobierno y del sistema pol\u00edtico en favor  de las fuerzas alternativas, la velocidad y profundidad de los cambios  revolucionarios podr\u00eda ser mayor.<\/p>\n<p>&#13;<\/p>\n<p align=\"justify\" class=\"text1noticias\">Colombia cuenta con una contrapartida pol\u00edtico-militar  revolucionaria forjada en 40 a\u00f1os de lucha heroica, experimentada, numerosa,  con posiciones de vanguardia, capaz de confluir t\u00e1cticamente con toda la  diversidad alternativa y de defender a la vez curso revolucionario-socialista  del proceso. Y junto a ella existen importantes corrientes y fuerzas  organizadas defensoras de esa opci\u00f3n.<\/p>\n<p>&#13;<\/p>\n<p align=\"justify\" class=\"text1noticias\">Cierto que el componente ultra derechista en las fuerzas  armadas regulares es grande y agresivo, como lo es el plan de intervenci\u00f3n  creciente de los halcones de Washington.<\/p>\n<p>&#13;<\/p>\n<p align=\"justify\" class=\"text1noticias\">Pero las FARC-EP tienen capacidad de contenci\u00f3n, capacidad  de persuasi\u00f3n y capacidad de confrontaci\u00f3n exitosa progresiva. Esto qued\u00f3  demostrado con su estelar rol combativo frente al Plan Patriota, vertiente  militar del Plan Colombia.<\/p>\n<p>&#13;<\/p>\n<p align=\"justify\" class=\"text1noticias\">En Colombia, a diferencia de otros pa\u00edses del continente en  trance de cambios progresivos, no hay monopolio de las armas a favor de las  derechas y si hay, adem\u00e1s de mucho de los factores positivos comunes, un  proceso de avanzado de conformaci\u00f3n de la nueva vanguardia revolucionaria para  la nueva democracia y el nuevo socialismo.<\/p>\n<p>&#13;<\/p>\n<p align=\"justify\" class=\"text1noticias\">Esa realidad ayuda significativamente a Venezuela frente a  la agresividad militar estadounidense, como ayuda el proceso venezolano hacia  la revoluci\u00f3n y el socialismo del siglo XXI\u00a0  a la posibilidad del cambio revolucionario en Colombia.<\/p>\n<p>&#13;<\/p>\n<p align=\"justify\" class=\"text1noticias\">No se trata en ning\u00fan caso de procesos f\u00e1ciles y lineales,  sobre todo por lo que puede intentar un imperialismo decadente pero  pentagonizado como el actual, con persistentes ambiciones sobre las riquezas  amaz\u00f3nicas.<\/p>\n<p>&#13;<\/p>\n<p align=\"justify\" class=\"text1noticias\">Pero de todas maneras no es solo fuera de las fronteras  colombianas donde los pueblos est\u00e1n en trance de revoluci\u00f3n. Es en la propia Colombia  donde maduran tambi\u00e9n esos cambios y crecen las fuerzas capaces de llevarlos a  cabo.<\/p>\n<p>&#13;<\/p>\n<p align=\"justify\" class=\"text1noticias\">Y esto merece ser dicho, reconocido y valorado para que  nunca m\u00e1s las izquierdas verdaderas le den de lado y traten de soslayar un  proceso con tanta potencia revolucionaria y de tanto valor para el proyecto de  la liberaci\u00f3n de la Patria Grande.<\/p>\n<p>&#13;<\/p>\n<p align=\"justify\" class=\"text1noticias\">Si respeto y admiraci\u00f3n merecen los (as) luchadores  (as)\u00a0 desarmados que van logrando a costa  de mucho sacrificio y talento conformar una valiosa alternativa pol\u00edtico-social  con fuerte incidencia en el escenario electoral, igual lo merecen lo que han  construido desde las armas, la raz\u00f3n y la concepci\u00f3n marxista de la vida y de  la lucha, una fuerza impresionante y vital para darle actualidad al cambio  necesario, y m\u00e1s aun para alcanzar la victoria estrat\u00e9gica sobre los enemigos  irreconciliables del pueblo colombiano y dem\u00e1s los pueblos del continente y el  mundo. Una fuerza pol\u00edtico-social-militar, con renovada capacidad de unidad y  alianza, tal y como lo evidencian las palabras citadas del comandante Iv\u00e1n M\u00e1rquez y los escritos recientes del  legendario comandante en jefe de las FARC-EP, Manuel Marulanda (Tiro Fijo).<\/p>\n<p>&#13;<\/p>\n<p align=\"justify\" class=\"text1noticias\">Es esa confluencia, y m\u00e1s all\u00e1 de ella, el multifac\u00e9tico  batallar y la multicolor rebeld\u00eda de ese pueblo y de sus variados autores, lo  que nos lleva a pensar que tambi\u00e9n en Colombia los cambios revolucionarios  tocan las dignas puertas de esa sociedad martirizada.<\/p>\n<p>&#13;<\/p>\n<p align=\"justify\" class=\"text1noticias\">Colombia y sus sujetos revolucionarios son parte relevante  de la nueva oleada transformadora que dignifica nuestra Am\u00e9rica. Y as\u00ed debe ser  tratada.<\/p>\n<p>&#13;<\/p>\n<p align=\"justify\" class=\"text1noticias\"><em><strong>7 de marzo, 2007,  Santo Domingo<\/strong><\/em><\/p>\n<p>&#13;<\/p>\n<h6> 2007-03-09 15:00:13 <\/h6>\n<p><!--\n<link rel=\"stylesheet\" href=\"css\/bootstrap.min.css\">\n\n\n<ul class=\"pagination\">\n\t    \n\t\n\n<li >\n\t<a href='?page_no=13176'>Previous<\/a>\n\t<\/li>\n\n\n       \n    \n\n<li><a href='?page_no=1'>1<\/a><\/li>\n\n\n\n<li><a href='?page_no=2'>2<\/a><\/li>\n\n\n\n<li><a>...<\/a><\/li>\n\n\n\n<li><a href='?page_no=13175'>13175<\/a><\/li>\n\n\n\n<li><a href='?page_no=13176'>13176<\/a><\/li>\n\n\n\n<li class='active'><a>13177<\/a><\/li>\n\n\n\n<li><a href='?page_no=13178'>13178<\/a><\/li>\n\n\n\n<li><a href='?page_no=13179'>13179<\/a><\/li>\n\n\n\n<li><a>...<\/a><\/li>\n\n\n\n<li><a href='?page_no=13611'>13611<\/a><\/li>\n\n\n\n<li><a href='?page_no=13612'>13612<\/a><\/li>\n\n    \n\t\n\n<li >\n\t<a href='?page_no=13178'>Next<\/a>\n\t<\/li>\n\n\n    \n\n<li><a href='?page_no=13612'>Last &rsaquo;&rsaquo;<\/a><\/li>\n\n<\/ul>\n\n\n--><br \/>\n<\/body><\/p>\n","protected":false},"excerpt":{"rendered":"<p>En trance de revoluci\u00f3n: \u00bfPor qu\u00e9 no Colombia? &#13; Por Narciso Isa Conde &#13; En verdad, que cuando se habla de los pa\u00edses que est\u00e1n en trance de cambios hacia la izquierda y con potencialidades revolucionarias, casi nunca se menciona Colombia. &#13; Esto a mi modo de ver guarda relaci\u00f3n con formas de pensar influidas [&hellip;]<\/p>\n","protected":false},"author":3,"featured_media":0,"comment_status":"open","ping_status":"open","sticky":false,"template":"","format":"standard","meta":{"footnotes":""},"categories":[16],"tags":[],"class_list":["post-37411","post","type-post","status-publish","format-standard","hentry","category-opiniones"],"_links":{"self":[{"href":"https:\/\/diariodominicano.com\/index.php?rest_route=\/wp\/v2\/posts\/37411","targetHints":{"allow":["GET"]}}],"collection":[{"href":"https:\/\/diariodominicano.com\/index.php?rest_route=\/wp\/v2\/posts"}],"about":[{"href":"https:\/\/diariodominicano.com\/index.php?rest_route=\/wp\/v2\/types\/post"}],"author":[{"embeddable":true,"href":"https:\/\/diariodominicano.com\/index.php?rest_route=\/wp\/v2\/users\/3"}],"replies":[{"embeddable":true,"href":"https:\/\/diariodominicano.com\/index.php?rest_route=%2Fwp%2Fv2%2Fcomments&post=37411"}],"version-history":[{"count":0,"href":"https:\/\/diariodominicano.com\/index.php?rest_route=\/wp\/v2\/posts\/37411\/revisions"}],"wp:attachment":[{"href":"https:\/\/diariodominicano.com\/index.php?rest_route=%2Fwp%2Fv2%2Fmedia&parent=37411"}],"wp:term":[{"taxonomy":"category","embeddable":true,"href":"https:\/\/diariodominicano.com\/index.php?rest_route=%2Fwp%2Fv2%2Fcategories&post=37411"},{"taxonomy":"post_tag","embeddable":true,"href":"https:\/\/diariodominicano.com\/index.php?rest_route=%2Fwp%2Fv2%2Ftags&post=37411"}],"curies":[{"name":"wp","href":"https:\/\/api.w.org\/{rel}","templated":true}]}}