{"id":37410,"date":"2007-03-09T15:02:38","date_gmt":"2007-03-09T15:02:38","guid":{"rendered":"http:\/\/diariodominicano.ddns.net\/?p=37410"},"modified":"2007-03-09T15:02:38","modified_gmt":"2007-03-09T15:02:38","slug":"8-de-marzo","status":"publish","type":"post","link":"https:\/\/diariodominicano.com\/?p=37410","title":{"rendered":"8 de marzo"},"content":{"rendered":"<p><body><\/p>\n<p class=\"titulogrande1\"><em>8 de marzo<\/em><\/p>\n<p>&#13;<\/p>\n<p align=\"justify\" class=\"text1noticias\">Hoy, 8 de marzo, d\u00eda internacional de la mujer, debe ser un  d\u00eda de reafirmaci\u00f3n de la lucha, de la necesaria rebeld\u00eda contra  una de las opresiones m\u00e1s b\u00e1rbaras, crueles y violentas que haya  sufrido la humanidad: la opresi\u00f3n patriarcal, la opresi\u00f3n de g\u00e9nero, cruzada  siempre por la explotaci\u00f3n clasista, ahora potenciada por el capitalismo  neoliberal.<br \/>&#13;<br \/>\n  <br \/>&#13;<br \/>\n  Abracemos con fervor esa necesaria liberaci\u00f3n en pos de una  aut\u00e9ntica democracia y de un nuevo socialismo. Les propongo tambi\u00e9n  que el viernes 16 de mayo, no el s\u00e1bado 17, hagamos la ofrenda y el homenaje a  Orlando Mart\u00ednez en el lugar donde cay\u00f3 abatido hace 32 a\u00f1os y  pronto le har\u00e9 llegar una s\u00edntesis de mi testimonio acusatorio contra sus  asesinos, lamento no haber estado hoy en la audiencia por estar afectado de una  severa laringitis. Abrazos, Narciso Isa Conde.<\/p>\n<p>&#13;<\/p>\n<h6> 2007-03-09 15:02:38 <\/h6>\n<p><!--\n<link rel=\"stylesheet\" href=\"css\/bootstrap.min.css\">\n\n\n<ul class=\"pagination\">\n\t    \n\t\n\n<li >\n\t<a href='?page_no=13175'>Previous<\/a>\n\t<\/li>\n\n\n       \n    \n\n<li><a href='?page_no=1'>1<\/a><\/li>\n\n\n\n<li><a href='?page_no=2'>2<\/a><\/li>\n\n\n\n<li><a>...<\/a><\/li>\n\n\n\n<li><a href='?page_no=13174'>13174<\/a><\/li>\n\n\n\n<li><a href='?page_no=13175'>13175<\/a><\/li>\n\n\n\n<li class='active'><a>13176<\/a><\/li>\n\n\n\n<li><a href='?page_no=13177'>13177<\/a><\/li>\n\n\n\n<li><a href='?page_no=13178'>13178<\/a><\/li>\n\n\n\n<li><a>...<\/a><\/li>\n\n\n\n<li><a href='?page_no=13611'>13611<\/a><\/li>\n\n\n\n<li><a href='?page_no=13612'>13612<\/a><\/li>\n\n    \n\t\n\n<li >\n\t<a href='?page_no=13177'>Next<\/a>\n\t<\/li>\n\n\n    \n\n<li><a href='?page_no=13612'>Last &rsaquo;&rsaquo;<\/a><\/li>\n\n<\/ul>\n\n\n--><br \/>\n<\/body><\/p>\n","protected":false},"excerpt":{"rendered":"<p>8 de marzo &#13; Hoy, 8 de marzo, d\u00eda internacional de la mujer, debe ser un d\u00eda de reafirmaci\u00f3n de la lucha, de la necesaria rebeld\u00eda contra una de las opresiones m\u00e1s b\u00e1rbaras, crueles y violentas que haya sufrido la humanidad: la opresi\u00f3n patriarcal, la opresi\u00f3n de g\u00e9nero, cruzada siempre por la explotaci\u00f3n clasista, ahora [&hellip;]<\/p>\n","protected":false},"author":3,"featured_media":0,"comment_status":"open","ping_status":"open","sticky":false,"template":"","format":"standard","meta":{"footnotes":""},"categories":[16],"tags":[],"class_list":["post-37410","post","type-post","status-publish","format-standard","hentry","category-opiniones"],"_links":{"self":[{"href":"https:\/\/diariodominicano.com\/index.php?rest_route=\/wp\/v2\/posts\/37410","targetHints":{"allow":["GET"]}}],"collection":[{"href":"https:\/\/diariodominicano.com\/index.php?rest_route=\/wp\/v2\/posts"}],"about":[{"href":"https:\/\/diariodominicano.com\/index.php?rest_route=\/wp\/v2\/types\/post"}],"author":[{"embeddable":true,"href":"https:\/\/diariodominicano.com\/index.php?rest_route=\/wp\/v2\/users\/3"}],"replies":[{"embeddable":true,"href":"https:\/\/diariodominicano.com\/index.php?rest_route=%2Fwp%2Fv2%2Fcomments&post=37410"}],"version-history":[{"count":0,"href":"https:\/\/diariodominicano.com\/index.php?rest_route=\/wp\/v2\/posts\/37410\/revisions"}],"wp:attachment":[{"href":"https:\/\/diariodominicano.com\/index.php?rest_route=%2Fwp%2Fv2%2Fmedia&parent=37410"}],"wp:term":[{"taxonomy":"category","embeddable":true,"href":"https:\/\/diariodominicano.com\/index.php?rest_route=%2Fwp%2Fv2%2Fcategories&post=37410"},{"taxonomy":"post_tag","embeddable":true,"href":"https:\/\/diariodominicano.com\/index.php?rest_route=%2Fwp%2Fv2%2Ftags&post=37410"}],"curies":[{"name":"wp","href":"https:\/\/api.w.org\/{rel}","templated":true}]}}