{"id":37409,"date":"2007-03-09T15:07:47","date_gmt":"2007-03-09T15:07:47","guid":{"rendered":"http:\/\/diariodominicano.ddns.net\/?p=37409"},"modified":"2007-03-09T15:07:47","modified_gmt":"2007-03-09T15:07:47","slug":"las-principales-en-teledebate-113","status":"publish","type":"post","link":"https:\/\/diariodominicano.com\/?p=37409","title":{"rendered":"LAS PRINCIPALES EN TELEDEBATE"},"content":{"rendered":"<p><body><\/p>\n<p align=\"justify\"><span class=\"titulogrande1\"><em>LAS PRINCIPALES EN TELEDEBATE<\/em><\/span><br \/>&#13;<br \/>\n  <br \/>&#13;<br \/>\n    <span class=\"linksnoticias\"><em>Martes<\/em><\/span> <span class=\"textogrande\"><em>6,03,07<br \/>&#13;<br \/>\n    <br \/>&#13;<br \/>\n    <\/em><\/span><em><strong>PREVENIR EL DESASTRE ECOL\u00d3GICO.<\/strong><\/em> <span class=\"text1noticias\">De acuerdo a los  meteor\u00f3logos y ambientalistas, el calentamiento global har\u00e0 que tengamos unos  veranos tropicales con m\u00e0s calor y se altere el r\u00e8gimen de lluvias disminuyendo  la cantidad de pulgadas de agua que recibiremos desde lo alto. Mientras tanto,  por ah\u00ec sigue exhibi\u00e8ndose el largo metraje del ex vicepresidente  norteamericano Al Gore sobre los grav\u00edsimos riesgos que nos depara el futuro si  no tomamos a tiempo medidas para evitar el desastre ecol\u00f3gico.<\/span><\/p>\n<p>&#13;<\/p>\n<p align=\"justify\" class=\"text1noticias\"><em><strong>\u00bfSIGUEN O LOS DIERON DE BAJA?<\/strong><\/em> Engranoja la  revelaci\u00f3n del teniente general Santana P\u00e0ez de que hace seis a\u00f1os, 96 mujeres  bachilleres que integrar\u00ecan la Polic\u00eca Cient\u00edfica abandonaron el cuerpo por el  acoso sexual a que fueron sometidas por una serie de oficiales.\u00a0 Cabe preguntar si estos desquiciados o  desalmados, como usted prefiera, se mantienen todav\u00eca en la instituci\u00f3n o si  resultaron dados de baja, aunque m\u00e0s adecuado hubiese sido degradarlos  deshonrosamente.<\/p>\n<p>&#13;<\/p>\n<p align=\"justify\" class=\"text1noticias\"><em><strong>EL RETO DEL TLC. <\/strong><\/em>Alienta el informe del Banco BHD de  que por sobre el setenta porciento de las m\u00e0s de 530 empresas grandes, medianas  y peque\u00f1as cuyos niveles de eficiencia y competitividad evalu\u00f2, se encuentran  preparadas para enfrentar los retos del Tratado de Libre Comercio con Estados  Unidos y Centroam\u00e9rica.\u00a0 Lamentablemente  las restantes tendr\u00e1n necesariamente que cambiar de giro o cerrar sus  puertas.\u00a0 Esto se traducir\u00e0 en un buen  n\u00f9mero de posibles desempleados.<\/p>\n<p>&#13;<\/p>\n<p align=\"justify\" class=\"text1noticias\"><em><strong>DIFERENCIA SUTIL PERO IMPORTANTE. <\/strong><\/em>Una inc\u00f3gnita a  despejar es cu\u00e0les productos extranjeros entrar\u00e0n libres de aranceles al  mercado nacional.\u00a0 Hasta ahora se han  dado diferentes cifras que van desde 4 mil a m\u00e0s de 9 mil.\u00a0 Tambi\u00e8n, no cu\u00e0ntos a su vez podremos  exportar nosotros a Estados Unidos y Centroam\u00e9rica en las mismas condiciones,  sino cu\u00e0les realmente encontrar\u00e0n mercado en esos pa\u00ecses.\u00a0 La diferencia parece sutil pero es  importante.<\/p>\n<p>&#13;<\/p>\n<p align=\"justify\" class=\"text1noticias\"><em><strong>UNA BUENA NOTICIA.<\/strong><\/em>\u00a0  Oportuna la aclaraci\u00f3n del Secretario de Estado de Trabajo de que los  pensionados y los envejecientes ser\u00e0n asimilados por el Plan B\u00e1sico de Salud  del R\u00e8gimen Contributivo.\u00a0 <br \/>&#13;<br \/>\n  <br \/>&#13;<br \/>\nEste est\u00e0  supuesto a comenzar el 1\u00ba. de junio y aunque a\u00f9n no se han definido los  honorarios m\u00e8dicos,\u00a0 el Vicepresidente  Rafael Albuquerque quien ha estado trabajando muy de cerca este tema, asegura  que todo est\u00e0 listo para que no haya m\u00e0s aplazamientos.<\/p>\n<p>&#13;<\/p>\n<p align=\"justify\" class=\"text1noticias\"><em><strong>JURAMENTO HIPOCRATICO.<\/strong><\/em>\u00a0 Ayer el Presidente del Colegio M\u00e8dico  Dominicano, Enriquillo Matos, al comparecer como invitado en nuestro  TELEDEBATE, asegur\u00f2 que la directiva que preside ha rescatado la plena vigencia  del Juramento Hipocr\u00e0tico, que viene a ser el C\u00f3digo de Etica de la clase  m\u00e8dica. <br \/>&#13;<br \/>\n  <br \/>&#13;<br \/>\nTranquiliza saberlo despu\u00e9s que un par al menos de sus antecesores,  casi lo echaron al safac\u00f2n alegando que con el Juramento no se pagaba el supermercado  ni la luz.<\/p>\n<p>&#13;<\/p>\n<p align=\"justify\" class=\"text1noticias\"><em><strong>GRADUADOS PERO SIN PODER EJERCER.<\/strong><\/em>\u00a0 Por cierto que el propio representante del  gremio profesional revel\u00f2 que m\u00e0s de mil m\u00e8dicos de reciente graduaci\u00f3n no han  podido hacer la pasant\u00eca por falta de fondos de la Secretar\u00eca de Salud P\u00f9blica.\u00a0 \u00bfAcaso no se dijo que esa dependencia hab\u00eca  recibido un aumento en el presupuesto aprobado para este a\u00f1o?\u00a0 El caso es que despu\u00e9s de quemarse las  pesta\u00f1as, los nuevos profesionales no han podido comenzar a ejercer su  profesi\u00f3n.\u00a0 Mientras tanto, hay muchos  lugares del pa\u00ecs donde los servicios m\u00e8dicos resultan muy precarios.<\/p>\n<p>&#13;<\/p>\n<p align=\"justify\" class=\"text1noticias\"><em><strong>POR LOS QUE NO PAGAN Y LOS QUE SE LA ROBAN.. <\/strong><\/em>\u00bfC\u00f2mo?\u00a0 \u00bfQu\u00e9 las distribuidoras de  energ\u00eda, las famosas EDES, pierden el cuarenta y uno por ciento de la energ\u00eda  que sirven entre la que dejan de facturar a los evasores y la que dejan de  cobrar a los mala pagas?\u00a0 Eso no es nada  nuevo.\u00a0 Lo grave de todo esto es que el  otro cincuenta y nueve por ciento que si honran su factura, est\u00e0n pagando por  los que se roban la energ\u00eda y los que no pagan.\u00a0  \u00a1Cosas de nuestro pa\u00ecs donde casi todo parece marchar al rev\u00e8s!<\/p>\n<p>&#13;<\/p>\n<p align=\"justify\" class=\"text1noticias\"><em><strong>EL PUENTE DUARTE SIN VIGILANCIA.<\/strong><\/em>\u00a0 Se\u00f1ores, pero esto es lo \u00f9ltimo. \u00bfC\u00f2mo es  posible que el Puente Juan Pablo Duarte carezca de vigilancia, permitiendo as\u00ec  que los ladrones se hayan robado 45 l\u00e0mparas y m\u00e0s de 800 metros de cable del  tendido el\u00e9ctrico?\u00a0 \u00bfSaben a cu\u00e0nto monta  el importe de lo robado?\u00a0 Pues nada m\u00e0s y  nada menos que por encima de cien mil d\u00f3lares.\u00a0  Traducido a pesos m\u00e0s de 3 millones 300 mil. <br \/>&#13;<br \/>\n  <br \/>&#13;<br \/>\nIncre\u00ecble que pese a estar  debidamente notificadas, las autoridades no hayan hecho nada hasta ahora para  impedir que esto siga ocurriendo.<\/p>\n<p>&#13;<\/p>\n<p align=\"justify\" class=\"text1noticias\"><em><strong>UN AFORTUNADO ASESINO ETARRA.<\/strong><\/em>\u00a0 En Espa\u00f1a la mayor\u00eca de la gente est\u00e0 que se  la lleva el diablo con el gobierno socialista de Rodr\u00edguez Zapatero por la  incre\u00edble actitud que ha asumido frente al grupo terrorista ETA, al disponer la  libertad de uno de los m\u00e0s feroces asesinos de esa organizaci\u00f3n, con  veintisiete muertos en su cuenta,\u00a0 cuando  \u00e8ste se declar\u00f2 en huelga de hambre.\u00a0  Despu\u00e9s de eso no es de extra\u00f1ar que al beneficiado le otorguen tambi\u00e8n  la orden her\u00e1ldica de los Reyes Cat\u00f3licos.\u00a0  Las v\u00ecctimas de este afortunado ejecutor deben estarse removiendo en sus  tumbas.<\/p>\n<p>&#13;<\/p>\n<p align=\"justify\" class=\"text1noticias\"><em><strong>EJEMPLOS DE SENCILLEZ.<\/strong><\/em> Los que brindaron el juez  Baltasar Garz\u00f3n y Vicente Fox paseando por el Parque Independencia. El primero  en compa\u00f1\u00eca del Procurador General y el segundo con una m\u00ednima casi  imperceptible custodia. Tremenda sorpresa la de los habituales de la cafeter\u00eca  de El Conde con Palo Hincado cuando el ex presidente azteca y su esposa se  sentaron a desayunar en ella como dos parroquianos m\u00e0s. Aqu\u00ec en cambio hay  gente de tercera con una cantidad de guardaespaldas que m\u00e0s que temor inspiran  risa.<\/p>\n<p>&#13;<\/p>\n<h6> 2007-03-09 15:07:47 <\/h6>\n<p><!--\n<link rel=\"stylesheet\" href=\"css\/bootstrap.min.css\">\n\n\n<ul class=\"pagination\">\n\t    \n\t\n\n<li >\n\t<a href='?page_no=13174'>Previous<\/a>\n\t<\/li>\n\n\n       \n    \n\n<li><a href='?page_no=1'>1<\/a><\/li>\n\n\n\n<li><a href='?page_no=2'>2<\/a><\/li>\n\n\n\n<li><a>...<\/a><\/li>\n\n\n\n<li><a href='?page_no=13173'>13173<\/a><\/li>\n\n\n\n<li><a href='?page_no=13174'>13174<\/a><\/li>\n\n\n\n<li class='active'><a>13175<\/a><\/li>\n\n\n\n<li><a href='?page_no=13176'>13176<\/a><\/li>\n\n\n\n<li><a href='?page_no=13177'>13177<\/a><\/li>\n\n\n\n<li><a>...<\/a><\/li>\n\n\n\n<li><a href='?page_no=13611'>13611<\/a><\/li>\n\n\n\n<li><a href='?page_no=13612'>13612<\/a><\/li>\n\n    \n\t\n\n<li >\n\t<a href='?page_no=13176'>Next<\/a>\n\t<\/li>\n\n\n    \n\n<li><a href='?page_no=13612'>Last &rsaquo;&rsaquo;<\/a><\/li>\n\n<\/ul>\n\n\n--><br \/>\n<\/body><\/p>\n","protected":false},"excerpt":{"rendered":"<p>LAS PRINCIPALES EN TELEDEBATE&#13; &#13; Martes 6,03,07&#13; &#13; PREVENIR EL DESASTRE ECOL\u00d3GICO. De acuerdo a los meteor\u00f3logos y ambientalistas, el calentamiento global har\u00e0 que tengamos unos veranos tropicales con m\u00e0s calor y se altere el r\u00e8gimen de lluvias disminuyendo la cantidad de pulgadas de agua que recibiremos desde lo alto. Mientras tanto, por ah\u00ec sigue [&hellip;]<\/p>\n","protected":false},"author":3,"featured_media":0,"comment_status":"open","ping_status":"open","sticky":false,"template":"","format":"standard","meta":{"footnotes":""},"categories":[16],"tags":[],"class_list":["post-37409","post","type-post","status-publish","format-standard","hentry","category-opiniones"],"_links":{"self":[{"href":"https:\/\/diariodominicano.com\/index.php?rest_route=\/wp\/v2\/posts\/37409","targetHints":{"allow":["GET"]}}],"collection":[{"href":"https:\/\/diariodominicano.com\/index.php?rest_route=\/wp\/v2\/posts"}],"about":[{"href":"https:\/\/diariodominicano.com\/index.php?rest_route=\/wp\/v2\/types\/post"}],"author":[{"embeddable":true,"href":"https:\/\/diariodominicano.com\/index.php?rest_route=\/wp\/v2\/users\/3"}],"replies":[{"embeddable":true,"href":"https:\/\/diariodominicano.com\/index.php?rest_route=%2Fwp%2Fv2%2Fcomments&post=37409"}],"version-history":[{"count":0,"href":"https:\/\/diariodominicano.com\/index.php?rest_route=\/wp\/v2\/posts\/37409\/revisions"}],"wp:attachment":[{"href":"https:\/\/diariodominicano.com\/index.php?rest_route=%2Fwp%2Fv2%2Fmedia&parent=37409"}],"wp:term":[{"taxonomy":"category","embeddable":true,"href":"https:\/\/diariodominicano.com\/index.php?rest_route=%2Fwp%2Fv2%2Fcategories&post=37409"},{"taxonomy":"post_tag","embeddable":true,"href":"https:\/\/diariodominicano.com\/index.php?rest_route=%2Fwp%2Fv2%2Ftags&post=37409"}],"curies":[{"name":"wp","href":"https:\/\/api.w.org\/{rel}","templated":true}]}}