{"id":37406,"date":"2007-03-09T15:23:12","date_gmt":"2007-03-09T15:23:12","guid":{"rendered":"http:\/\/diariodominicano.ddns.net\/?p=37406"},"modified":"2007-03-09T15:23:12","modified_gmt":"2007-03-09T15:23:12","slug":"los-temas-de-teledebate-24","status":"publish","type":"post","link":"https:\/\/diariodominicano.com\/?p=37406","title":{"rendered":"LOS TEMAS DE TELEDEBATE"},"content":{"rendered":"<p><body><\/p>\n<p class=\"titulogrande1\"><em>LOS TEMAS DE TELEDEBATE<\/em><\/p>\n<p>&#13;<\/p>\n<p align=\"justify\"><em><strong>\u00a1CUANTA DEMAGOGIA!\u00a0<\/strong><\/em>  <span class=\"text1noticias\">Mientras patronos y trabajadores no han podido arribar a acuerdo sobre  el reclamo de aumento salarial, el senador reformista Adriano S\u00e1nchez Roa se  apea con la propuesta de que acoger\u00e0 y convertir\u00e0 en proyecto de ley un  incremento general de salarios del 50 porciento tanto para el sector p\u00f9blico  como privado.\u00a0 El planteamiento puede  lucir muy atractivo pero resulta totalmente irreal. En primer lugar, cabr\u00eca  pregunta de d\u00f2nde va a sacar el gobierno los fondos necesarios para un aumento  de esa naturaleza. \u00bfAcaso de una nueva reforma fiscal?\u00a0 Esto aparte de que las finanzas p\u00f9blicas  est\u00e0n en buena medida intervenidas por el Fondo Monetario Internacional. Y en  cuanto al sector privado, pretender sobrecargar m\u00e0s a las empresas, sobre todo  medianas y peque\u00f1as, con un costo de esa naturaleza, m\u00e0s ahora que enfrentar\u00e0n  la competencia extranjera en el marco del Tratado de Libre Comercio, ser\u00eca  tanto como llevar a la quiebra a la mitad de ellas u obligarlas a despedir parte  de su personal, elevando as\u00ec la tasa de desempleo.\u00a0 Lo menos que puede decirse de tan absurdo  planteamiento es que resulta demag\u00f3gico, populista, oportunista y totalmente  irresponsable y recomendarle a su promovente que de mejores notaciones de  sensatez y buen juicio, como se supone debe corresponder a un senador de la  Rep\u00f9blica.<\/span><\/p>\n<p>&#13;<\/p>\n<p align=\"justify\" class=\"text1noticias\"><em><strong>SALARIO NOMINAL Y SALARIO  REAL.\u00a0<\/strong><\/em> Y hablando de reajuste salarial,  V\u00ecctor Bautista en el \u00f9ltimo n\u00f9mero del semanario Clave, publica una reflexi\u00f3n  que no tiene desperdicio. Bautista dice con toda raz\u00f3n que lo importante no es  aumentar el salario sino el valor adquisitivo del mismo.\u00a0 De cuando el salario m\u00ednimo era de sesenta  pesos a nuestros d\u00ecas, ha ca\u00ecdo un diluvio.\u00a0  Pero ocurre que con ese salario m\u00ednimo se soportaba el costo de la vida  mucho mejor que con el salario m\u00ednimo de ahora.\u00a0\u00a0 Ahora tenemos muchos m\u00e0s pesos pero con  mucho menos valor.\u00a0 La raz\u00f3n es que cada  vez que se incrementan salarios, el costo de la vida sube autom\u00e1ticamente y en  ocasiones anticipadamente a un mayor nivel que el reajuste. Al final de cuentas  usted dispone de m\u00e0s pesos&#8230;pero vive peor.\u00a0  Lo importante es trabajar por\u00a0apreciar el valor del peso.\u00a0 Esto  es lo que constituye el salario real y lo que permite en verdad mejorar la  calidad de vida.\u00a0 Todo lo otro es  allante, ficci\u00f3n e inflaci\u00f3n.<\/p>\n<p>&#13;<\/p>\n<p align=\"justify\" class=\"text1noticias\"><em><strong>DE BAJA CALIFICACI\u00d3N.\u00a0<\/strong><\/em> La evaluaci\u00f3n llevada a cabo por el experto  espa\u00f1ol en temas de orientaci\u00f3n y procesos cognitivos,\u00a0 Jos\u00e8 D\u00ecaz Est\u00e9vez, sobre una muestra de siete  mil 928 estudiantes de bachillerato que intentaron ingresar a las  universidades, no pudo haber arrojado resultados m\u00e0s decepcionantes.\u00a0 La calificaci\u00f3n fue de apenas 41 puntos sobre  un total de 100. Seg\u00f9n el an\u00e1lisis, el nivel de conocimientos y capacidad para  realizar procesos mentales superiores de la gran mayor\u00eca de los bachilleres que  ingresan a los estudios universitarios, resulta muy deficiente.\u00a0 Estos resultados de D\u00ecaz Est\u00e9vez no nos  descubren una situaci\u00f2n nueva en nuestro todav\u00eca muy penoso marco docente.\u00a0 Simplemente confirman una vez m\u00e0s lo que se  ha venido admitiendo desde hace mucho por algunos de los propios rectores  universitarios, entre \u00e8stos el de la UASD sobre la pobreza de conocimientos y  capacidad de entendimiento de la mayor parte de los bachilleres que tocan a sus  puertas, muchos de los cuales presentan un nivel hasta de apenas octavo curso.  El consenso coincide en confirmar tambi\u00e8n como causas fundamentales la carencia  de un buen trabajo magisterial en la formaci\u00f2n de la habilidad de los  estudiantes para formular procesos mentales correctos y la deficiente ense\u00f1anza  que se recibe en los niveles b\u00e1sico y medio. Es tambi\u00e8n el criterio de do\u00f1a  Ligia Amada Melo, Secretaria de Estado de Educaci\u00f3n Superior, Ciencia y  Tecnolog\u00eda, educadora de muchos a\u00f1os de experiencia<\/p>\n<p>&#13;<\/p>\n<p align=\"justify\" class=\"text1noticias\"><em><strong>MENORES DELINCUENTES. <\/strong><\/em>\u00a0Lo ocurrido el pasado domingo en el vistoso y  concurrido desfile de carnaval es otra se\u00f1al m\u00e0s de hasta d\u00f2nde la peque\u00f1a  delincuencia, esa que se dedica a aprovecharse de cualquier descuido para  robarse un celular, una cartera o hasta una gorra, ha ido proliferando y la  necesidad de prestarle atenci\u00f3n.\u00a0 As\u00ec  como hay que ponerle caso al microtr\u00e0fico barrial de drogas, es tambi\u00e8n  necesario dedicarle la mayor atenci\u00f3n a estos peque\u00f1os actos de rater\u00eca que sin  estremecer el \u00e0nimo de la ciudadan\u00eca como ocurre con los grandes cr\u00edmenes, va  minando igualmente la bases de la seguridad colectiva.\u00a0 Pero el aspecto m\u00e0s preocupante de lo  ocurrido el domingo es que los noventa y nueve detenidos por la Polic\u00eca  Nacional por actos de rater\u00eca son todos menores de edad.\u00a0 Adolescentes y ni\u00f1os tempranamente sumergidos  en el submundo de la delincuencia.\u00a0 El  hecho es para preocuparnos doblemente.<\/p>\n<p>&#13;<\/p>\n<p align=\"justify\" class=\"text1noticias\"><em><strong>ACOSO SEXUAL.<\/strong><\/em>\u00a0 Motiva a verg\u00fcenza e indignaci\u00f3n la  revelaci\u00f2n del hoy teniente general Bernardo Santana P\u00e0ez de que seis a\u00f1os  atr\u00e0s, noventa y seis mujeres bachilleres que integrar\u00ecan la Polic\u00eca Cient\u00edfica  se dieron de baja ante el acoso sexual de que fueron v\u00ecctimas por parte de  oficiales de la uniformada.\u00a0 Cabe  preguntar si se establecieron responsabilidades en ese momento, se adoptaron  sanciones y se dieron de baja a los responsables.\u00a0 Porque lo m\u00e0s penoso ser\u00eca que esos mismos  elementos contin\u00faen en la instituci\u00f3n como si nada hubiese pasado.\u00a0 De ser as\u00ec, son capaces de atreverse a volver  a las andas con el nuevo batall\u00f2n de mujeres que han sido incorporadas ahora al  cuerpo con la misma finalidad que sus infortunadas antecesoras.<\/p>\n<p>&#13;<\/p>\n<p align=\"justify\" class=\"text1noticias\"><em><strong>INCENDIO FORESTAL.\u00a0<\/strong><\/em> Desde el pasado s\u00e1bado un incendio forestal  ha venido consumiendo una gran extensi\u00f2n de pinos adultos y j\u00f3venes en el  Parque sierra de Bahoruco.\u00a0 Incendios  forestales ocurren en todas partes del mundo, en ocasiones en la temporada de  seca, debido al intenso calor, y en otras por descuido humano: una colilla  encendida arrojada entre los arbustos, peque\u00f1os fuegos hechos por la mano del  hombre que luego se extienden y producen grandes da\u00f1os.\u00a0 Pero en este caso se produce una situaci\u00f2n  muy singular. Ocurre que una vez que se inici\u00f2 el fuego se di\u00f2 la alerta a la  oficina de Foresta de Pedernales d\u00e1ndole la circunstancia ins\u00f2lita de que la  misma carece de veh\u00edculo y de log\u00edstica y dispone de una radio que no funciona  por falta de una bater\u00eda.\u00a0 El comentario  se lo dejamos a los amigos televidentes, mientras las llamas siguen arrasando  los pinos y la \u00f9nica esperanza al parecer de controlar el fuego viene de lo  alto.\u00a0 Que la Altagracia se conduela y  haga que se abran las nubes para que la lluvia controle el siniestro.\u00a0 <\/p>\n<p>&#13;<\/p>\n<h6> 2007-03-09 15:23:12 <\/h6>\n<p><!--\n<link rel=\"stylesheet\" href=\"css\/bootstrap.min.css\">\n\n\n<ul class=\"pagination\">\n\t    \n\t\n\n<li >\n\t<a href='?page_no=13171'>Previous<\/a>\n\t<\/li>\n\n\n       \n    \n\n<li><a href='?page_no=1'>1<\/a><\/li>\n\n\n\n<li><a href='?page_no=2'>2<\/a><\/li>\n\n\n\n<li><a>...<\/a><\/li>\n\n\n\n<li><a href='?page_no=13170'>13170<\/a><\/li>\n\n\n\n<li><a href='?page_no=13171'>13171<\/a><\/li>\n\n\n\n<li class='active'><a>13172<\/a><\/li>\n\n\n\n<li><a href='?page_no=13173'>13173<\/a><\/li>\n\n\n\n<li><a href='?page_no=13174'>13174<\/a><\/li>\n\n\n\n<li><a>...<\/a><\/li>\n\n\n\n<li><a href='?page_no=13611'>13611<\/a><\/li>\n\n\n\n<li><a href='?page_no=13612'>13612<\/a><\/li>\n\n    \n\t\n\n<li >\n\t<a href='?page_no=13173'>Next<\/a>\n\t<\/li>\n\n\n    \n\n<li><a href='?page_no=13612'>Last &rsaquo;&rsaquo;<\/a><\/li>\n\n<\/ul>\n\n\n--><br \/>\n<\/body><\/p>\n","protected":false},"excerpt":{"rendered":"<p>LOS TEMAS DE TELEDEBATE &#13; \u00a1CUANTA DEMAGOGIA!\u00a0 Mientras patronos y trabajadores no han podido arribar a acuerdo sobre el reclamo de aumento salarial, el senador reformista Adriano S\u00e1nchez Roa se apea con la propuesta de que acoger\u00e0 y convertir\u00e0 en proyecto de ley un incremento general de salarios del 50 porciento tanto para el sector [&hellip;]<\/p>\n","protected":false},"author":3,"featured_media":0,"comment_status":"open","ping_status":"open","sticky":false,"template":"","format":"standard","meta":{"footnotes":""},"categories":[16],"tags":[],"class_list":["post-37406","post","type-post","status-publish","format-standard","hentry","category-opiniones"],"_links":{"self":[{"href":"https:\/\/diariodominicano.com\/index.php?rest_route=\/wp\/v2\/posts\/37406","targetHints":{"allow":["GET"]}}],"collection":[{"href":"https:\/\/diariodominicano.com\/index.php?rest_route=\/wp\/v2\/posts"}],"about":[{"href":"https:\/\/diariodominicano.com\/index.php?rest_route=\/wp\/v2\/types\/post"}],"author":[{"embeddable":true,"href":"https:\/\/diariodominicano.com\/index.php?rest_route=\/wp\/v2\/users\/3"}],"replies":[{"embeddable":true,"href":"https:\/\/diariodominicano.com\/index.php?rest_route=%2Fwp%2Fv2%2Fcomments&post=37406"}],"version-history":[{"count":0,"href":"https:\/\/diariodominicano.com\/index.php?rest_route=\/wp\/v2\/posts\/37406\/revisions"}],"wp:attachment":[{"href":"https:\/\/diariodominicano.com\/index.php?rest_route=%2Fwp%2Fv2%2Fmedia&parent=37406"}],"wp:term":[{"taxonomy":"category","embeddable":true,"href":"https:\/\/diariodominicano.com\/index.php?rest_route=%2Fwp%2Fv2%2Fcategories&post=37406"},{"taxonomy":"post_tag","embeddable":true,"href":"https:\/\/diariodominicano.com\/index.php?rest_route=%2Fwp%2Fv2%2Ftags&post=37406"}],"curies":[{"name":"wp","href":"https:\/\/api.w.org\/{rel}","templated":true}]}}