{"id":37404,"date":"2007-03-09T15:37:02","date_gmt":"2007-03-09T15:37:02","guid":{"rendered":"http:\/\/diariodominicano.ddns.net\/?p=37404"},"modified":"2007-03-09T15:37:02","modified_gmt":"2007-03-09T15:37:02","slug":"industriales-una-apuesta-por-la-competitividad","status":"publish","type":"post","link":"https:\/\/diariodominicano.com\/?p=37404","title":{"rendered":"Industriales: Una apuesta por la competitividad"},"content":{"rendered":"<p><body><\/p>\n<p><strong>\u00a0<\/strong>&#13;<\/p>\n<p align=\"right\"><strong><img loading=\"lazy\" decoding=\"async\" width=\"67\" height=\"36\" src=\"http:\/\/10.0.0.82:8080\/formato_clip_image002_0042.gif\" \/><\/strong><br \/>&#13;<br \/>\n    <strong><img loading=\"lazy\" decoding=\"async\" width=\"177\" height=\"33\" src=\"http:\/\/10.0.0.82:8080\/formato_clip_image004_0019.gif\" \/><\/strong><\/p>\n<p>&#13;<\/p>\n<p align=\"right\"><strong class=\"titulogrande1\"><em>Comentarios de Medios<\/em><\/strong><br \/>&#13;<br \/>\n  <br \/>&#13;<br \/>\n    <span class=\"linksnoticias\"><em>8 de Marzo,<\/em><\/span><em class=\"textopq1\"> 2007<\/em><\/p>\n<p>&#13;<\/p>\n<p align=\"right\"><em><strong>\u201cLas masas humanas m\u00e1s peligrosas son aquellas<br \/>&#13;<br \/>\n<\/strong><\/em><em><strong>en cuyas venas ha sido inyectado<br \/>&#13;<br \/>\n\u00a0el veneno del miedo&#8230;. del  miedo al cambio\u201d.<\/strong><\/em><br \/>&#13;<br \/>\n  <br \/>&#13;<br \/>\n  <em>Octavio Paz<\/em><\/p>\n<p>&#13;<\/p>\n<p><span class=\"titulogrande\"><em><strong>Industriales: <\/strong><\/em><\/span><strong class=\"titulogrande1\"><em>Una apuesta por la  competitividad<\/em><\/strong><\/p>\n<p>&#13;<\/p>\n<p align=\"justify\"><span class=\"text1noticias\">\u00bfSomos los dominicanos portadores del veneno del  \u201cmiedo al cambio\u201d del que nos habla Octavio Paz? \u00bfLo son los industriales? \u00bfLo  es el Gobierno? <br \/>&#13;<br \/>\n  <br \/>&#13;<br \/>\n  Manuel  Diez Cabral, presidente de la AIRD, expres\u00f3 el sentir de muchos industriales:  las condiciones actuales y la din\u00e1mica de las empresas deben ser mejoradas para  competir en un mundo \u201cancho y ajeno\u201d. <br \/>&#13;<br \/>\n  <br \/>&#13;<br \/>\n  Para ser competitivos, se requiere que el  sector p\u00fablico y el sector privado se tiendan las manos, con el fin de  facilitar la generaci\u00f3n de riquezas y la prosperidad para el pa\u00eds. A  continuaci\u00f3n nos permitimos anexar in extenso las palabras pronunciadas por  Diez Cabral ante el Presidente de la Rep\u00fablica, el presidente de la C\u00e1mara de  Diputados y los l\u00edderes de m\u00e1s de 20 organizaciones industriales de todo el  pa\u00eds que se encontraron en el Primer Congreso de la Industria Dominicana,  bajo el lema: \u201cUn compromiso con el futuro\u2026.\u201d.<\/span><\/p>\n<p>&#13;<\/p>\n<p align=\"justify\" class=\"text1noticias\">PALABRAS DE MANUEL  DIEZ CABRAL, PRESIDENTE DE LA AIRD, DURANTE EL ACTO DE LANZAMIENTO DE LA POL\u00cdTICA INDUSTRAL Y  DE ENTREGA DE ANTEPROYECTO DE LEY DE DESARROLLO E INNOVACI\u00d2N INDUSTRIAL<\/p>\n<p>&#13;<\/p>\n<p align=\"justify\" class=\"text1noticias\">Hay cambios en el ambiente. Se nos olvida que hace  apenas diez a\u00f1os, la manera m\u00e1s r\u00e1pida y eficiente para enviar un documento era  un fax, el Internet s\u00f3lo empezaba a florecer. Hoy, el Internet y la tecnolog\u00eda  tocan pr\u00e1cticamente todos los aspectos de nuestras vidas: desde comprar una  pel\u00edcula a trav\u00e9s de una computadora, hasta correr una maquina industrial a  larga distancia. \u00a1Como se ha transformado el mundo en tan poco tiempo!<\/p>\n<p>&#13;<\/p>\n<p align=\"justify\" class=\"text1noticias\">Imagin\u00e9monos  un equipo de producci\u00f3n industrial con tecnolog\u00eda de punta conectado de manera  permanente por Internet a la f\u00e1brica en Canad\u00e1 que lo produjo. El suplidor del  equipo\u00a0 monitorea de manera permanente  las condiciones operacionales de la maquinaria y ante la m\u00e1s m\u00ednima indicaci\u00f3n  de inestabilidad de cualquier pieza del equipo, se transmite una se\u00f1al de  alarma a un centro de asistencia t\u00e9cnica en Toronto. Despu\u00e9s de un diagn\u00f3stico,  la persona encargada, a trav\u00e9s de la misma conexi\u00f3n directa, hace los ajustes  necesarios para que ese equipo siga trabajando con un 99.9% de eficiencia.<\/p>\n<p>&#13;<\/p>\n<p align=\"justify\" class=\"text1noticias\">Este  es el nuevo paradigma para generar riquezas en un mundo sin fronteras. Un mundo  que para meramente sobrevivir hay que producir productos de calidad mundial y  generar empleos que requieran de alto conocimiento especializado. La gran  sorpresa es que pocos\u00a0 nos imaginamos que  equipos como esos, operan hoy en d\u00eda, en naves industriales Dominicanas.<\/p>\n<p>&#13;<\/p>\n<p align=\"justify\" class=\"text1noticias\">Uno  de los grandes logros del Internet y del acceso a la informaci\u00f3n, es la democratizaci\u00f3n  del pensamiento y la\u00a0 oportunidad que le  crea a pa\u00edses como el nuestro, de\u00a0 dar  saltos en su desarrollo productivo\u00a0 que  normalmente tomar\u00edan d\u00e9cadas, en apenas a\u00f1os y hasta meses.<\/p>\n<p>&#13;<\/p>\n<p align=\"justify\" class=\"text1noticias\">El  Dr. James Appleberry, siendo Presidente de la Asociaci\u00f3n Norteamericana  de Colegios y Universidades Estatales, en una importante ponencia en al a\u00f1o  2000 sobre el conocimiento humano se\u00f1alaba que a\u00a0 partir del comienzo de la era cristiana, el  conocimiento se duplic\u00f3 por primera vez en el ano 1750. Esa duplicaci\u00f3n del  conocimiento humano se volvi\u00f3 a lograr en el a\u00f1o 1900, nuevamente en el 1950 y  al momento del discurso, se entend\u00eda que se duplicaba cada cinco a\u00f1os. Las  proyecciones de algunos expertos indican que para el 2020 el conocimiento  humano se duplicar\u00e1 cada 73 d\u00edas.<\/p>\n<p>&#13;<\/p>\n<p align=\"justify\" class=\"text1noticias\">No  s\u00e9 si esto ser\u00e1 una realidad para esa fecha, pero si puedo asegurar que no  podemos darnos el lujo de mantenernos aislados del conocimiento humano. La  inserci\u00f3n global es una imperiosa necesidad para poder duplicar el conocimiento  y generar riquezas para todos los dominicanos. <\/p>\n<p>&#13;<\/p>\n<p align=\"justify\" class=\"text1noticias\">Los  \u00fanicos que podr\u00e1n parar esa creaci\u00f3n de riquezas son los l\u00edderes que\u00a0 impongan trabas y muros a sus sectores  productivos y que no permitan el acceso a la oportunidad del conocimiento.  Conocimiento y cambio permanente son las nuevas reglas de juego.<\/p>\n<p>&#13;<\/p>\n<p align=\"justify\" class=\"text1noticias\"> En el d\u00eda de hoy no nos cansaremos de decir que el  sector industrial es el\u00a0 principal  generador de riquezas en el pa\u00eds. Y estamos dispuestos a decirlo a los cuatro  vientos, porque lleg\u00f3 la hora de hacernos sentir. <br \/>&#13;<br \/>\n  <br \/>&#13;<br \/>\nLleg\u00f3 la hora de enfrentar  juntos los desaf\u00edos de la industria nacional ante el DR-CAFTA y as\u00ed evitar los  efectos negativos que hasta ahora hemos obtenido en los dem\u00e1s acuerdos  comerciales firmados por nuestro pa\u00eds. <\/p>\n<p>&#13;<\/p>\n<p align=\"justify\" class=\"text1noticias\">No  podemos permitir que el DR-CAFTA sea un tratado m\u00e1s de la lista de firmas de  acuerdos. Los acuerdos comerciales son para sacarles provecho, no para  suplantar nuestros sectores productivos y mucho menos al sector industrial que  representa la clave para obtener beneficios de los mismos.\u00a0 <br \/>&#13;<br \/>\n  <br \/>&#13;<br \/>\n  La historia  ha demostrado que las naciones que han podido alcanzar a trav\u00e9s del tiempo un  crecimiento sostenido y mayor nivel de prosperidad para su poblaci\u00f3n, son  aquellas que han sustentado su desarrollo econ\u00f3mico en el impulso del sector  industrial.\u00a0 Por ejemplo, un estudio  elaborado por el Prof. Jeffrey Sachs mostr\u00f3 que un sector industrial fuerte fue  el motor fundamental para el crecimiento de pa\u00edses en desarrollo. En el  an\u00e1lisis de 78 pa\u00edses en desarrollo, 14 pa\u00edses mostraron un alto crecimiento  econ\u00f3mico sostenido. De esos 14,\u00a0 12  empezaron con un alto grado de crecimiento en sus exportaciones de manufactura,  incluyendo Irlanda, Singapur y Portugal.\u00a0 <br \/>&#13;<br \/>\n  <br \/>&#13;<br \/>\n  Este  estudio tambi\u00e9n demostr\u00f3 que las exportaciones de manufactura promovieron el  desarrollo social de los pa\u00edses, debido a los efectos positivos indirectos que  generan, como fomentar la especializaci\u00f3n y la aplicaci\u00f3n de mejores pr\u00e1cticas  globales. <\/p>\n<p>&#13;<\/p>\n<p align=\"justify\" class=\"text1noticias\">Hoy  nos encontramos en una encrucijada, donde las industrias tenemos que decidir si  vamos a tomar la ofensiva hacia la competencia a nivel mundial o si, por el  contrario, nos mantendremos en un contexto de indolencia externa y de  conformidad\u00a0 interna, tratando de  mantenernos en el patio de nuestra casa que empieza a ser frecuentado por todos  los vecinos y socios comerciales. Esta\u00a0  decisi\u00f3n es inminente, y representa escoger entre el Viejo Modelo o el  Nuevo Modelo de competir.\u00a0 <\/p>\n<p>&#13;<\/p>\n<p align=\"justify\" class=\"text1noticias\">El  viejo modelo se centra en una competencia basada en mercados protegidos y  ventajas comparativas, y su\u00a0 \u00e9xito  depende de temas como los recursos naturales, las econom\u00edas de escala, y un  gobierno que act\u00faa de manera paternalista como el \u201cgran estratega\u201d. <\/p>\n<p>&#13;<\/p>\n<p align=\"justify\" class=\"text1noticias\">El  nuevo modelo, en cambio, se enfoca en la competitividad a nivel micro  econ\u00f3mico; donde la innovaci\u00f3n y la diferenciaci\u00f3n dentro de la estrategia  empresarial se constituyen en creadores de riqueza, donde las ventajas que  establecemos son competitivas, el capital humano y el conocimiento se tornan en  herramientas fundamentales y se trabaja en una visi\u00f3n compartida entre el  sector privado y el sector p\u00fablico; es decir, pasamos de la reactividad a la  pro-actividad. <\/p>\n<p>&#13;<\/p>\n<p align=\"justify\" class=\"text1noticias\">Hoy,  se\u00f1ores y se\u00f1oras, hemos decidido asumir este nuevo modelo.<\/p>\n<p>&#13;<\/p>\n<p align=\"justify\" class=\"text1noticias\">Para  lograrlo estamos obligados a provocar una transformaci\u00f3n de nuestro aparato  productivo y del marco en que operamos. No se trata de una tarea de largo  plazo. Estamos tarde. El mundo avanza vertiginosamente.\u00a0 Las econom\u00edas se transforman de d\u00eda en  d\u00eda.\u00a0 La competencia verdadera ya no estar\u00e1  en nuestro patio, ahora nos vendr\u00e1 de empresas al otro lado del mundo.<\/p>\n<p>&#13;<\/p>\n<p align=\"justify\" class=\"text1noticias\">La  decisi\u00f3n de adoptar un nuevo modelo es muchas veces traum\u00e1tica, sobre todo en  medio de un proceso de apertura comercial en donde no todas las empresas  sobrevivir\u00e1n. Esta situaci\u00f3n genera incertidumbre en muchos de nosotros, porque  nos abocamos a cambios con los que no siempre sabemos lidiar. Adem\u00e1s, tenemos  un profundo temor a\u00a0 las inconsistencias  de nuestros pol\u00edticos y a la facilidad con la que suelen variar las reglas de  juego en funci\u00f3n de intereses coyunturales y de la tradicional avidez fiscal de  nuestro aparato estatal. <\/p>\n<p>&#13;<\/p>\n<p align=\"justify\" class=\"text1noticias\">Sin  embargo, nuestro sector ha vivido todo un proceso en que hemos ido adquiriendo  clara conciencia de nuestra importancia para el desarrollo econ\u00f3mico y social,  por un lado, y la necesidad de so\u00f1ar y apostar por estos cambios, por el otro.  Para reforzarnos en esta posici\u00f3n, otras experiencias nos han mostrado que los  pa\u00edses que tomaron la decisi\u00f3n de apostar por su aparato productivo nacional,  triplicaron su productividad en las \u00faltimas d\u00e9cadas, <\/p>\n<p>&#13;<\/p>\n<p align=\"justify\" class=\"text1noticias\">Estos  pa\u00edses que apostaron a fortalecer sus sectores productivos han tenido dos  elementos en com\u00fan: Primero, Coraje: no hicieron cambios graduales, tuvieron  una visi\u00f3n sobre lo que podr\u00edan lograr y no existieron obst\u00e1culos  suficientemente grandes para desalentarlos. Segundo, Imaginaci\u00f3n: Sus visiones  fueron creativas e iban en contra de los paradigmas existentes.\u00a0 Se dieron el lujo de so\u00f1ar y no miraron hacia  atr\u00e1s. <\/p>\n<p>&#13;<\/p>\n<p align=\"justify\" class=\"text1noticias\">Ese  coraje e imaginaci\u00f3n es los que queremos transmitir en la nueva pol\u00edtica  industrial que todo el sector unido est\u00e1 dispuesto a defender. <\/p>\n<p>&#13;<\/p>\n<p align=\"justify\" class=\"text1noticias\">A  nivel nacional, la nueva estrategia de desarrollo industrial implicar\u00e1 cambios  importantes, como son: lograr un eficiente servicio energ\u00e9tico, mejorar las  aduanas, la infraestructura portuaria, los procesos de exportaci\u00f3n, garantizar  acceso a financiamiento competitivo y limitar las excesivas cargas impositivas.  Y a\u00fan m\u00e1s importante, ayudar a las empresas a crear una generaci\u00f3n de  dominicanos con las habilidades necesarias para competir en este mercado. <\/p>\n<p>&#13;<\/p>\n<p align=\"justify\" class=\"text1noticias\">Para  que estas mejor\u00edas tengan impacto, los empresarios dominicanos deberemos\u00a0 trabajar juntos para crear una marca de  velocidad y flexibilidad como pa\u00eds, pues la competitividad ya no se encuentra  en empresas aisladas, se encuentra en las empresas interrelacionadas que se  apoyan mutuamente<\/p>\n<p>&#13;<\/p>\n<p align=\"justify\" class=\"text1noticias\">Este  proceso, se\u00f1oras y se\u00f1ores, es una transformaci\u00f3n dif\u00edcil, un cambio de modelo  mental que tenemos que asumir\u00a0 dentro de  nuestras industrias. <\/p>\n<p>&#13;<\/p>\n<p align=\"justify\" class=\"text1noticias\">Si  creemos que es suficiente con sobrevivir y ver degradar, a veces poco a poco y  otras veces violentamente, las posibilidades de competir exitosamente en el  nuevo orden mundial, entonces podr\u00edamos cruzarnos de brazos y vernos  desaparecer lenta o r\u00e1pidamente,<\/p>\n<p>&#13;<\/p>\n<p align=\"justify\" class=\"text1noticias\">En  cambio, si asumimos las lecciones que nos est\u00e1 dando la econom\u00eda mundial,  incluyendo el papel fundamental de la competitividad industrial en la  prosperidad de la poblaci\u00f3n y en el desarrollo econ\u00f3mico, entonces es hora de  dar un giro en el tim\u00f3n, de cambiar el rumbo que llevamos.<\/p>\n<p>&#13;<\/p>\n<p align=\"justify\" class=\"text1noticias\">Este  giro significar\u00e1 que el crecimiento de la industria estar\u00e1 determinado por la  capacidad que mostremos, tanto los empresarios como el gobierno, en aumentar la  competitividad, ya no s\u00f3lo hacia el mercado dom\u00e9stico, sino tambi\u00e9n para  iniciar, consolidar o ampliar nuestra presencia en los mercados de nuestros  socios comerciales y en ese \u201cmundo ancho y ajeno\u201d que es la econom\u00eda global.<\/p>\n<p>&#13;<\/p>\n<p align=\"justify\" class=\"text1noticias\">Se  trata de c\u00f3mo convertir la econom\u00eda nacional en una econom\u00eda exportadora y  competitiva \u2013y no simplemente importadora-, de modo tal que el sector  industrial, sea el local o el de zona franca, tenga las mejores condiciones  para insertarse en los mercados internacionales. Y debemos hablar de toda la  industria, no solamente del sector zonas francas. <\/p>\n<p>&#13;<\/p>\n<p align=\"justify\" class=\"text1noticias\">Estamos en un momento propicio para hacernos la  siguiente pregunta \u00bfSi con todos los beneficios que tienen las zonas francas  estas tienen actualmente serias dificultades, podr\u00edamos imaginarnos los graves  problemas que confronta la industria local en la actualidad? Una industria que  est\u00e1 permanentemente acosada por el cambio de las reglas de juego.<\/p>\n<p>&#13;<\/p>\n<p align=\"justify\" class=\"text1noticias\">Por  eso, se\u00f1oras y se\u00f1ores, Se\u00f1or Presidente, para revertir esta situaci\u00f3n debemos  juntos, sector privado y sector p\u00fablico, generar los cambios de pol\u00edticas que  con urgencia deben ser introducidos para garantizar nuestra competitividad,  porque no s\u00f3lo son las zonas francas, la industria del calzado y la industria  textil que est\u00e1n llamadas a mantener en alto la bandera de las exportaciones;  sino toda la industria nacional, grande, mediana y peque\u00f1a, haciendo del  exportar un compromiso de todos.<\/p>\n<p>&#13;<\/p>\n<p align=\"justify\" class=\"text1noticias\">El  aparato productivo tiene una din\u00e1mica que trasciende, que va m\u00e1s all\u00e1 de uno  que otro gobierno. En ese sentido, si queremos sentar las bases para que el  sector se constituya en un eje fundamental del desarrollo econ\u00f3mico y social,  es necesario definir una pol\u00edtica de competitividad del sector industrial. Es  nuestra propuesta: La   Pol\u00edtica Industrial 2015.<\/p>\n<p>&#13;<\/p>\n<p align=\"justify\" class=\"text1noticias\">La  misma tiene dos vertientes complementarias, insuficientes cada una de ellas por  separado, y que han de ser empleadas a fondo.<\/p>\n<p>&#13;<\/p>\n<p align=\"justify\" class=\"text1noticias\">En la primera vertiente est\u00e1 la defensa del  aparato productivo nacional. Es fundamental que la estrategia de competitividad  ante la apertura del mercado dom\u00e9stico establezca, como uno de sus componentes,  la defensa de la planta productiva ante la competencia desleal, mediante la  aplicaci\u00f3n de los mecanismos para evitar las pr\u00e1cticas desleales de comercio.  Parece mentira que luego de 5 a\u00f1os de aprobada Ley de Pr\u00e1cticas Desleales de  Comercio, la misma no se est\u00e9 aplicando. Ya empiezan a sentirse las quejas de  nuestros productores de casos de competencias desleales provenientes de otros  pa\u00edses. Un claro ejemplo de esto es cuando permitimos que productos se importen  al pa\u00eds con etiquetas en idiomas que pocos dominicanos pudieran leer, mucho  menos entender. Nos preguntamos, si tenemos que adaptarnos a las normas de  otros pa\u00edses, \u00bflo justo no ser\u00eda que lo que entre a nuestro pa\u00eds se adapte a  las normas nuestras? A esto debemos prestarle gran atenci\u00f3n.<\/p>\n<p>&#13;<\/p>\n<p align=\"justify\" class=\"text1noticias\">En  la segunda vertiente, la estrategia de competitividad debe ser activa. Es, por  lo tanto, una ofensiva integral que busca elevar la capacidad competitiva del  pa\u00eds en general y de la industria nacional en particular. <\/p>\n<p>&#13;<\/p>\n<p align=\"justify\" class=\"text1noticias\">Entre  los elementos de la ofensiva que estamos proponiendo se encuentran: la  necesidad de una reconversi\u00f3n industrial; el desarrollo de clusters; la  superaci\u00f3n de factores externos a la industria, tales como la electricidad y  tr\u00e1mites aduanales; aspectos de pol\u00edticas macroecon\u00f3micas como el acceso a  financiamiento y, finalmente, aspectos de car\u00e1cter institucional, incluyendo el  marco legal en que se desenvuelve la industria nacional.<\/p>\n<p>&#13;<\/p>\n<p align=\"justify\" class=\"text1noticias\">Es necesario que el gobierno env\u00ede una se\u00f1al  clara, pensando y poniendo en pr\u00e1ctica una pol\u00edtica firme que permita a los  industriales reconvertir sus empresas. <\/p>\n<p>&#13;<\/p>\n<p align=\"justify\" class=\"text1noticias\">Somos conscientes de que la modernizaci\u00f3n de nuestras  actividades productivas requiere, como punto de partida, el esfuerzo del sector  empresarial en s\u00ed mismo. Deberemos mejorar nuestros procesos de control de  calidad; superar el bajo nivel de capacitaci\u00f3n y especializaci\u00f3n de su fuerza  laboral; incrementar el desarrollo de habilidades gerenciales con m\u00e9todos  modernos de administraci\u00f3n.\u00a0 Adem\u00e1s, cada  industrial est\u00e1 obligado a entender el contexto \u2013nacional e internacional- en  que se mueve el sector o \u00e1rea de productos en que se ubica su empresa.<\/p>\n<p>&#13;<\/p>\n<p align=\"justify\" class=\"text1noticias\">Para el desarrollo de clusters en el sector  industrial, las experiencias existentes y las que puedan implementarse deben  estar enfocadas a lograr un mayor encadenamiento productivo. Incluso,  consideramos que nuestro sector agropecuario nacional debe ser un eslab\u00f3n  importante de la cadena industrial, siendo parte de un Programa Nacional de  Proveedores Industriales, lo cual junto a la creaci\u00f3n de parques industriales,  lograr\u00e1 integrar mejor nuestra cadena productiva.<\/p>\n<p>&#13;<\/p>\n<p align=\"justify\" class=\"text1noticias\">Hace m\u00e1s de tres d\u00e9cadas en nuestro pa\u00eds estaba  de moda un merengue t\u00edpico, del Cieguito de Nagua, que dec\u00eda: \u201cYo ten\u00eda una  luz, que a mi me alumbraba y ven\u00eda la brisa, fu\u00e1 y me la apagaba\u201d\u2026 al parecer,  hoy la critica situaci\u00f3n el\u00e9ctrica que vivimos amenaza con apagar muchas de  nuestras industrias. La peque\u00f1a llama de los usuarios no regulados pretende ser  ahogada por el ente regulador que, en muchos casos, pone resistencia al  cumplimiento de la Ley. Algo  inadmisible si se pretende desarrollar el pa\u00eds, especialmente el sector  industrial. Hemos reiterado, hasta el cansancio, lo caro del suministro  el\u00e9ctrico en el pa\u00eds, las ineficiencias, la incapacidad para elevar el cobro y  la necesidad de un verdadero plan de soluci\u00f3n del sector que se inicie con el  cumplimiento de la Ley   General de Electricidad. <\/p>\n<p>&#13;<\/p>\n<p align=\"justify\" class=\"text1noticias\">Por otro lado es lamentable que tengamos  sistemas de transporte de carga con fletes muy elevados debido a pr\u00e1cticas  monop\u00f3licas, como las encabezadas en el transporte terrestre de mercanc\u00edas;  deficiente administraci\u00f3n de puertos, entre otros problemas que hacen poco  aprovechable la proximidad y que nos igualan y hasta nos dejan por debajo en  tiempo de entrega con pa\u00edses tan lejanos como China.<\/p>\n<p>&#13;<\/p>\n<p align=\"justify\" class=\"text1noticias\">Hemos se\u00f1alado en innumerables ocasiones que  una de las grandes debilidades de nuestro pa\u00eds lo constituyen las excesivas  cargas impositivas al proceso productivo.\u00a0  No es cierto que la carga fiscal en este pa\u00eds es baja; para los que  pagan sus impuestos, es simplemente alt\u00edsima. Producto hist\u00f3rico de una baja  eficiencia en el gasto p\u00fablico y de una recaudaci\u00f3n p\u00fablica concentrada en  pocos contribuyentes.<\/p>\n<p>&#13;<\/p>\n<p align=\"justify\" class=\"text1noticias\">Llevamos 5 reformas fiscales en los \u00faltimos 6  a\u00f1os y en ese tiempo se ha quintuplicado el tama\u00f1o del presupuesto nacional, a  costa de reducir la capacidad competitiva del pa\u00eds. Debemos pensar seriamente  en reorientar nuestra pol\u00edtica tributaria para que futuros aumentos en nuestro  presupuesto, se basen en desarrollo y crecimiento de nuestros sectores  productivos.<\/p>\n<p>&#13;<\/p>\n<p align=\"justify\" class=\"text1noticias\">Se\u00f1or Presidente, le pedimos apostar al \u00e9xito  de una estrategia competitiva integral. Le pedimos conducirnos de modo tal que  nos alejemos del camino del fracaso que est\u00e1 significando nuestra perdida de  competitividad. Le pedimos, como una se\u00f1al de que vamos por buen rumbo, recibir  la propuesta de Pol\u00edtica Industrial 2015 y el anteproyecto de Ley que hoy  depositamos en sus manos, los cuales tienen como base impulsar la modernizaci\u00f3n  industrial.<\/p>\n<p>&#13;<\/p>\n<p align=\"justify\" class=\"text1noticias\">Como parte de este marco, es necesario crear  un fondo de garant\u00eda de cr\u00e9dito bancario para las empresas, para que estas  puedan acceder a financiamiento con tasas competitivas, pero sobre todo que  puedan tener acceso al cr\u00e9dito. Es sobre todo un grave problema para la micro,  peque\u00f1a y mediana empresa. A pesar de que el sector de la manufactura local  representa el 23%  del PIB, apenas el 9% de los pr\u00e9stamos dirigidos a los sectores productivos  est\u00e1n colocados al sector industrial. \u00bfPor qu\u00e9 solo puede una empresa  industrial financiar un 30% del valor de un equipo, cuando su homologo en otros  pa\u00edses puede conseguir hasta un 90% del financiamiento del mismo? \u00bfPor qu\u00e9 no  podemos acceder a pr\u00e9stamos a m\u00e1s de dos anos en nuestra propia moneda local?  Hoy en d\u00eda, ni las cuentas por cobrar, ni el capital de trabajo sirven como  garant\u00edas ya que solo se acepta el 30% del valor de las mismas. Entonces las  condiciones est\u00e1n dadas para que solo los que puedan dar garant\u00edas hipotecarias  tendr\u00edan acceso a financiamiento a largo plazo. Precisamente los sectores que  se les permiten esos financiamientos, son los que est\u00e1n m\u00e1s pujantes hoy en  d\u00eda,<\/p>\n<p>&#13;<\/p>\n<p align=\"justify\" class=\"text1noticias\">Sin embargo, el valor del sector industrial  no esta en su terreno, sino en su maquinaria y equipo, en su capital de  trabajo, en sus marcas y en su historial de pago. Lamentablemente, valen muy  poco estos activos hoy en d\u00eda.\u00a0 Si para  pagar el impuesto a los activos todos los a\u00f1os, se utiliza el 100% del valor de  los mismos, es il\u00f3gico pensar que a la hora de tomar un pr\u00e9stamo, solo valgan  un 30% del valor que se utiliza para calcular el impuesto. Algo anda mal, y hay  que trabajar en conjunto para mejorar el acceso al cr\u00e9dito.<\/p>\n<p>&#13;<\/p>\n<p align=\"justify\" class=\"text1noticias\">Otro elemento fundamental para el desarrollo  industrial, es la necesidad de que se apliquen mecanismos expeditos para  devolver los impuestos a las empresas exportadoras, porque de lo contrario  seguiremos exportando impuestos que es la forma m\u00e1s segura de apostar al  fracaso.<\/p>\n<p>&#13;<\/p>\n<p align=\"justify\" class=\"text1noticias\">Hablamos de una estrategia de modernizaci\u00f3n  de nuestra planta nacional. Sin embargo, para hacer esto posible es necesario  que el gobierno env\u00ede una se\u00f1al clara, pensando y poniendo en pr\u00e1ctica una  pol\u00edtica firme que permita a los industriales modernizar sus empresas en un  per\u00edodo de al menos cinco a\u00f1os. En nuestra propuesta apuntamos a mecanismos que  estimulen la adquisici\u00f3n de nuevas maquinarias y equipos, permitiendo el uso de  reinversi\u00f3n de las utilidades; al establecimiento de la herramienta de  depreciaci\u00f3n acelerada para aquellas industrias que deciden invertir en su  reconversi\u00f3n; a la eliminaci\u00f3n del cobro del ITBIS de las materias primas y  bienes de capital en Aduanas a fin de evitar el adelanto de capital de trabajo;  as\u00ed como a modificar el\u00a0 impuesto que  grava los activos de modo que no penalice las maquinarias y equipos que se  adquieran con la finalidad de modernizar las industrias.<\/p>\n<p>&#13;<\/p>\n<p align=\"justify\" class=\"text1noticias\">Estos elementos de pol\u00edtica que estamos  enunciando, est\u00e1n recogidos ampliamente en el documento de pol\u00edtica industrial  y habr\u00e1n de plasmarse en lo que ser\u00e1 la Ley de Competitividad e Innovaci\u00f3n  Industrial. <br \/>&#13;<br \/>\n  <br \/>&#13;<br \/>\nDicha ley, contiene como propuesta m\u00e1s importante para nuestro  sector industrial, la reestructuraci\u00f3n y readecuaci\u00f3n de la actual Corporaci\u00f3n  de Fomento Industrial en el Centro de Desarrollo y Competitividad Industrial,  o\u00a0 PROINDUSTRIA, para llamarlo de modo  simple. <\/p>\n<p>&#13;<\/p>\n<p align=\"justify\" class=\"text1noticias\">Esta instituci\u00f3n tendr\u00e1 por objetivo  fundamental fomentar el desarrollo competitivo de la industria nacional,  mediante la definici\u00f3n de pol\u00edticas p\u00fablicas enfocadas a fomentar la  articulaci\u00f3n productiva; crear un ambiente propicio de negocios con un marco  jur\u00eddico acorde a las necesidades del sector, y sobre todo, impulsar la  incorporaci\u00f3n de la innovaci\u00f3n y el desarrollo tecnol\u00f3gico en las empresas  industriales, a fin de generar productos con mayor valor agregado que propicien  el encadenamiento productivo. <\/p>\n<p>&#13;<\/p>\n<p align=\"justify\" class=\"text1noticias\">La nueva corporaci\u00f3n, ser\u00eda una instituci\u00f3n  p\u00fablica con un consejo directivo integrado por representantes tanto del sector  p\u00fablico como privado y\u00a0 presidida por la  Secretaria de Industria y Comercio. <\/p>\n<p>&#13;<\/p>\n<p align=\"justify\" class=\"text1noticias\">Los industriales dominicanos, pese a todas  las vicisitudes, nos hemos mantenido firmes y muy convencidos de que es posible  aportar al bienestar de todos, pero tambi\u00e9n estamos seguros de que lo podemos  hacer mejor y en mejores condiciones. Para esto se requiere el trabajo conjunto  del Gobierno y el sector privado.<\/p>\n<p>&#13;<\/p>\n<p align=\"justify\" class=\"text1noticias\">Para concluir, en nombre de las treinta  asociaciones industriales y de los casi tres millones de dominicanos que  dependen directa en indirectamente de las mismas, le pedimos que haga suya la  causa de una industria que requiere transformaciones internas y de su contexto,  para consolidarse como una industria que cree mayores riquezas para todos.  Riquezas materiales y riquezas de conocimiento. <\/p>\n<p>&#13;<\/p>\n<p align=\"justify\" class=\"text1noticias\">Existe una necesidad nacional de crear una  visi\u00f3n pa\u00eds. Una visi\u00f3n capaz de lanzar nuestras fortalezas. <strong><br \/>&#13;<br \/>\n  <br \/>&#13;<br \/>\n<\/strong>Una visi\u00f3n que una  a su gente. Una vis\u00f3n que le d\u00e9 sentido de direcci\u00f3n. <\/p>\n<p>&#13;<\/p>\n<p align=\"justify\" class=\"text1noticias\">Hoy, el sector industrial hace su aporte a  esa visi\u00f3n. De forma proactiva asume su parte, marca el paso y el ritmo del  baile que quiere bailar, para que nadie le diga c\u00f3mo hacerlo<br \/>&#13;<br \/>\n  <br \/>&#13;<br \/>\nMuchas  gracias y muy buenas noches a todos\u2026<\/p>\n<p>&#13;<\/p>\n<h6> 2007-03-09 15:37:02 <\/h6>\n<p><!--\n<link rel=\"stylesheet\" href=\"css\/bootstrap.min.css\">\n\n\n<ul class=\"pagination\">\n\t    \n\t\n\n<li >\n\t<a href='?page_no=13169'>Previous<\/a>\n\t<\/li>\n\n\n       \n    \n\n<li><a href='?page_no=1'>1<\/a><\/li>\n\n\n\n<li><a href='?page_no=2'>2<\/a><\/li>\n\n\n\n<li><a>...<\/a><\/li>\n\n\n\n<li><a href='?page_no=13168'>13168<\/a><\/li>\n\n\n\n<li><a href='?page_no=13169'>13169<\/a><\/li>\n\n\n\n<li class='active'><a>13170<\/a><\/li>\n\n\n\n<li><a href='?page_no=13171'>13171<\/a><\/li>\n\n\n\n<li><a href='?page_no=13172'>13172<\/a><\/li>\n\n\n\n<li><a>...<\/a><\/li>\n\n\n\n<li><a href='?page_no=13611'>13611<\/a><\/li>\n\n\n\n<li><a href='?page_no=13612'>13612<\/a><\/li>\n\n    \n\t\n\n<li >\n\t<a href='?page_no=13171'>Next<\/a>\n\t<\/li>\n\n\n    \n\n<li><a href='?page_no=13612'>Last &rsaquo;&rsaquo;<\/a><\/li>\n\n<\/ul>\n\n\n--><br \/>\n<\/body><\/p>\n","protected":false},"excerpt":{"rendered":"<p>\u00a0&#13; &#13; &#13; Comentarios de Medios&#13; &#13; 8 de Marzo, 2007 &#13; \u201cLas masas humanas m\u00e1s peligrosas son aquellas&#13; en cuyas venas ha sido inyectado&#13; \u00a0el veneno del miedo&#8230;. del miedo al cambio\u201d.&#13; &#13; Octavio Paz &#13; Industriales: Una apuesta por la competitividad &#13; \u00bfSomos los dominicanos portadores del veneno del \u201cmiedo al cambio\u201d del [&hellip;]<\/p>\n","protected":false},"author":3,"featured_media":0,"comment_status":"open","ping_status":"open","sticky":false,"template":"","format":"standard","meta":{"footnotes":""},"categories":[16],"tags":[],"class_list":["post-37404","post","type-post","status-publish","format-standard","hentry","category-opiniones"],"_links":{"self":[{"href":"https:\/\/diariodominicano.com\/index.php?rest_route=\/wp\/v2\/posts\/37404","targetHints":{"allow":["GET"]}}],"collection":[{"href":"https:\/\/diariodominicano.com\/index.php?rest_route=\/wp\/v2\/posts"}],"about":[{"href":"https:\/\/diariodominicano.com\/index.php?rest_route=\/wp\/v2\/types\/post"}],"author":[{"embeddable":true,"href":"https:\/\/diariodominicano.com\/index.php?rest_route=\/wp\/v2\/users\/3"}],"replies":[{"embeddable":true,"href":"https:\/\/diariodominicano.com\/index.php?rest_route=%2Fwp%2Fv2%2Fcomments&post=37404"}],"version-history":[{"count":0,"href":"https:\/\/diariodominicano.com\/index.php?rest_route=\/wp\/v2\/posts\/37404\/revisions"}],"wp:attachment":[{"href":"https:\/\/diariodominicano.com\/index.php?rest_route=%2Fwp%2Fv2%2Fmedia&parent=37404"}],"wp:term":[{"taxonomy":"category","embeddable":true,"href":"https:\/\/diariodominicano.com\/index.php?rest_route=%2Fwp%2Fv2%2Fcategories&post=37404"},{"taxonomy":"post_tag","embeddable":true,"href":"https:\/\/diariodominicano.com\/index.php?rest_route=%2Fwp%2Fv2%2Ftags&post=37404"}],"curies":[{"name":"wp","href":"https:\/\/api.w.org\/{rel}","templated":true}]}}