{"id":37402,"date":"2007-03-11T21:43:28","date_gmt":"2007-03-11T21:43:28","guid":{"rendered":"http:\/\/diariodominicano.ddns.net\/?p=37402"},"modified":"2007-03-11T21:43:28","modified_gmt":"2007-03-11T21:43:28","slug":"las-principales-en-teledebate-112","status":"publish","type":"post","link":"https:\/\/diariodominicano.com\/?p=37402","title":{"rendered":"LAS PRINCIPALES EN TELEDEBATE"},"content":{"rendered":"<p><body><\/p>\n<p><span class=\"titulogrande1\"><em>LAS PRINCIPALES EN TELEDEBATE<\/em><\/span><br \/>&#13;<br \/>\n  <br \/>&#13;<br \/>\n    <span class=\"linksnoticias\"><em>Jueves<\/em><\/span> <span class=\"textopq1\"><em>8,03,07<\/em><\/span><\/p>\n<p>&#13;<\/p>\n<p align=\"justify\" class=\"text1noticias\"><em><strong>EN MANOS DE DIOS.<\/strong><\/em> Todo parece indicar que no est\u00e0 muy  claro que el Presidente pueda dar su paseo con los se\u00f1ores legisladores en el  Metro el 28 de febrero del pr\u00f3ximo a\u00f1o, como prometi\u00f3 en su discurso ante la Asamblea Nacional.\u00a0 Por lo pronto, Diandino Pe\u00f1a se cura en salud  advirtiendo que ello depender\u00e0 de tres factores ajenos a su voluntad \u201cel clima,  la naturaleza y Dios\u201d.\u00a0 Casi nada&#8230;<\/p>\n<p>&#13;<\/p>\n<p align=\"justify\" class=\"text1noticias\"><em><strong>FECHA INSEGURA.\u00a0<\/strong><\/em> Lamentable que al mandatario le hayan ofrecido una informaci\u00f2n de fecha  precisa pero a todas luces insegura en cuanto al arranque del Metro,\u00a0 hasta el punto de incorporarla a su discurso  en una ocasi\u00f3n tan se\u00f1alada como fue su comparencia ante el Congreso y el pa\u00ecs.  Sus asesores tienen que ser m\u00e0s cuidadosos en este sentido para evitar  situaciones enojosas que un Presidente no puede permitirse.<\/p>\n<p>&#13;<\/p>\n<p align=\"justify\" class=\"text1noticias\"><em><strong>ALCOHOLIMETROS.<\/strong><\/em> Hoy salieron a la calle los mil 200  agentes de AMET provistos de los alcohol\u00ecmetros. <br \/>&#13;<br \/>\n  <br \/>&#13;<br \/>\nLa intenci\u00f3n es buena.. \u00bfpero  hasta qu\u00e8 punto esos agentes han sido debidamente entrenados en el empleo de  los mismos? Otro punto interesante y conflictivo es si lo utilizar\u00e0n  exclusivamente en quienes muestren se\u00f1ales visibles de estar pasados de tragos,  o lo har\u00e0n\u00a0 de manera indiscriminada y  medalaganaria lo que se convirtir\u00eca en un motivo de irritaci\u00f3n y de conflicto.<\/p>\n<p>&#13;<\/p>\n<p align=\"justify\" class=\"text1noticias\"><em><strong>CON OLOR A ESTAFA.\u00a0  <\/strong><\/em>Preocupante la denuncia que hace el empresario Fernando Capell\u00e1n y  corrobora\u00a0 el presidente del Colegio de  Abogados en el sentido de que hay picapleitos que se dedican a fabricar testigos  con la finalidad de montar reclamaciones indebidas contra empresas por alegada  falta de pago de sus liquidaciones.\u00a0 El  dirigente gremial afirma que se da el hecho de que un mismo testigo es usado  hasta en diez casos distintos.\u00a0 El olor a  estafa es muy fuerte.<\/p>\n<p>&#13;<\/p>\n<p align=\"justify\" class=\"text1noticias\"><em><strong>PIERDE FUERZA Y CREDIBILIDAD.\u00a0<\/strong><\/em> La Secretaria de Educaci\u00f3n da seguridades de que  desde hace dos a\u00f1os se prohibi\u00f2 el empleo de suero l\u00e1cteo en el desayuno  escolar por carecer de los nutrientes que posee la leche entera.\u00a0 Con su afirmaci\u00f3n y el testimonio de Miguel  Zaglul, ex presidente del Patronato Nacional de Ganaderos,\u00a0 pierde fuerza y credibilidad la denuncia de  que se est\u00e8 utilizando ese ingrediente en el alimento que se da a los alumnos  en las escuelas p\u00f9blicas.<\/p>\n<p>&#13;<\/p>\n<p align=\"justify\" class=\"text1noticias\"><em><strong>RECTIFICAR ES DE SABIOS.<\/strong><\/em>\u00a0 Hizo bien el diputado pelede\u00ecsta por Santiago  Rodr\u00edguez en retirar su propuesta de cambiar el nombre de La Vega por el de Juan Bosch,  ante el rechazo que recibi\u00f2 la misma, inclusive desde su propio litoral  pol\u00edtico. Insistimos que el mejor homenaje a la memoria del notable escritor y  referente moral de nuestra vida p\u00f9blica, es imitar su ejemplo de probidad. Por  lo dem\u00e0s, consu\u00e9lese el congresista recordando aquella frase que dice  \u201crectificar es de sabios\u201d.<\/p>\n<p>&#13;<\/p>\n<p align=\"justify\" class=\"text1noticias\"><em><strong>PROPUESTA INDUSTRIAL.\u00a0<\/strong><\/em> Los industriales dejaron saber sus quejas al  Presidente de la Rep\u00f9blica  sobre los distintos factores que afectan su competitividad, durante su Primer  Congreso que cont\u00f2 con la presencia del mandatario.\u00a0 Los principales que mencionaron: la crisis  el\u00e9ctrica, los altos impuestos y los elevados fletes del transporte monop\u00f3lico  que padecemos.\u00a0 Su propuesta es exonerar  de impuestos a las nuevas empresas que se establezcan en parques industriales  bajo un r\u00e8gimen similar al de las zonas francas.<\/p>\n<p>&#13;<\/p>\n<p align=\"justify\" class=\"text1noticias\"><em><strong>NECESITA PROTECCI\u00d3N Y AYUDA.\u00a0<\/strong><\/em> Lo cierto es que a m\u00e0s de la necesidad de  reconvertirse, si el sector productivo nacional no recibe protecci\u00f3n y ayuda  del gobierno no tendr\u00e0 manera de desenvolverse y sobrevivir dentro del marco  del Tratado de Libre Comercio con Estados Unidos y Centroam\u00e9rica, al cual llega  en condiciones de franca inferioridad competitiva. El TLC, como advirti\u00f3 el ex  presidente de Guatemala,Vinicio Cerezo, no representa beneficios por s\u00ec mismo  sino que es una oportunidad al tiempo que un reto.<\/p>\n<p>&#13;<\/p>\n<p align=\"justify\" class=\"text1noticias\"><em><strong>PROTESTAS Y VIOLENCIA.\u00a0<\/strong><\/em> En el Cibao han continuado las protestas en  reclamo de obras comunitarias.\u00a0 Hasta  ahora se han registrado un muerto y numerosos heridos por el car\u00e1cter violento  que han adquirido.\u00a0 Mientras tanto sus organizadores  advierten la intenci\u00f3n de extender los paros por todo el Cibao, lo que  paralizar\u00eca las actividades en la regi\u00f3n m\u00e0s productiva del pa\u00ecs. Veremos c\u00f2mo  el gobierno maneja esta situaci\u00f2n.<\/p>\n<p>&#13;<\/p>\n<p align=\"justify\" class=\"text1noticias\"><em><strong>LA GARRA DE LA   MIGRA.\u00a0<\/strong><\/em> La migra  norteamericana sigue mostrando su garra.\u00a0  En New Bedforfd, Massachussets, procedi\u00f2 a arrestar las dos terceras  partes de los 500 empleados de una f\u00e0brica de art\u00edculos de cuero por su  condici\u00f3n de indocumentados.\u00a0 Lo m\u00e0s  grave de todo es que un centenar de ni\u00f1os, hijos de los detenidos, quedaron al  garete, en manos de ni\u00f1eras,cuidadoras y otras personas.\u00a0 Una excelente expresi\u00f3n de \u201crespeto\u201d a los  derechos humanos que de seguro no aparece en el informe del Departamento de  Estado de los Estados Unidos.<\/p>\n<p>&#13;<\/p>\n<h6> 2007-03-11 21:43:28 <\/h6>\n<p><!--\n<link rel=\"stylesheet\" href=\"css\/bootstrap.min.css\">\n\n\n<ul class=\"pagination\">\n\t    \n\t\n\n<li >\n\t<a href='?page_no=13168'>Previous<\/a>\n\t<\/li>\n\n\n       \n    \n\n<li><a href='?page_no=1'>1<\/a><\/li>\n\n\n\n<li><a href='?page_no=2'>2<\/a><\/li>\n\n\n\n<li><a>...<\/a><\/li>\n\n\n\n<li><a href='?page_no=13167'>13167<\/a><\/li>\n\n\n\n<li><a href='?page_no=13168'>13168<\/a><\/li>\n\n\n\n<li class='active'><a>13169<\/a><\/li>\n\n\n\n<li><a href='?page_no=13170'>13170<\/a><\/li>\n\n\n\n<li><a href='?page_no=13171'>13171<\/a><\/li>\n\n\n\n<li><a>...<\/a><\/li>\n\n\n\n<li><a href='?page_no=13611'>13611<\/a><\/li>\n\n\n\n<li><a href='?page_no=13612'>13612<\/a><\/li>\n\n    \n\t\n\n<li >\n\t<a href='?page_no=13170'>Next<\/a>\n\t<\/li>\n\n\n    \n\n<li><a href='?page_no=13612'>Last &rsaquo;&rsaquo;<\/a><\/li>\n\n<\/ul>\n\n\n--><br \/>\n<\/body><\/p>\n","protected":false},"excerpt":{"rendered":"<p>LAS PRINCIPALES EN TELEDEBATE&#13; &#13; Jueves 8,03,07 &#13; EN MANOS DE DIOS. Todo parece indicar que no est\u00e0 muy claro que el Presidente pueda dar su paseo con los se\u00f1ores legisladores en el Metro el 28 de febrero del pr\u00f3ximo a\u00f1o, como prometi\u00f3 en su discurso ante la Asamblea Nacional.\u00a0 Por lo pronto, Diandino Pe\u00f1a [&hellip;]<\/p>\n","protected":false},"author":3,"featured_media":0,"comment_status":"open","ping_status":"open","sticky":false,"template":"","format":"standard","meta":{"footnotes":""},"categories":[16],"tags":[],"class_list":["post-37402","post","type-post","status-publish","format-standard","hentry","category-opiniones"],"_links":{"self":[{"href":"https:\/\/diariodominicano.com\/index.php?rest_route=\/wp\/v2\/posts\/37402","targetHints":{"allow":["GET"]}}],"collection":[{"href":"https:\/\/diariodominicano.com\/index.php?rest_route=\/wp\/v2\/posts"}],"about":[{"href":"https:\/\/diariodominicano.com\/index.php?rest_route=\/wp\/v2\/types\/post"}],"author":[{"embeddable":true,"href":"https:\/\/diariodominicano.com\/index.php?rest_route=\/wp\/v2\/users\/3"}],"replies":[{"embeddable":true,"href":"https:\/\/diariodominicano.com\/index.php?rest_route=%2Fwp%2Fv2%2Fcomments&post=37402"}],"version-history":[{"count":0,"href":"https:\/\/diariodominicano.com\/index.php?rest_route=\/wp\/v2\/posts\/37402\/revisions"}],"wp:attachment":[{"href":"https:\/\/diariodominicano.com\/index.php?rest_route=%2Fwp%2Fv2%2Fmedia&parent=37402"}],"wp:term":[{"taxonomy":"category","embeddable":true,"href":"https:\/\/diariodominicano.com\/index.php?rest_route=%2Fwp%2Fv2%2Fcategories&post=37402"},{"taxonomy":"post_tag","embeddable":true,"href":"https:\/\/diariodominicano.com\/index.php?rest_route=%2Fwp%2Fv2%2Ftags&post=37402"}],"curies":[{"name":"wp","href":"https:\/\/api.w.org\/{rel}","templated":true}]}}