{"id":374009,"date":"2022-08-06T00:59:09","date_gmt":"2022-08-06T04:59:09","guid":{"rendered":"http:\/\/diariodominicano.com\/?p=374009"},"modified":"2022-08-06T09:08:17","modified_gmt":"2022-08-06T13:08:17","slug":"leonel-fernandez-domingo-jimenez-es-la-mejor-expresion-del-pueblo-dominicano","status":"publish","type":"post","link":"https:\/\/diariodominicano.com\/?p=374009","title":{"rendered":"Leonel Fern\u00e1ndez: \u00abDomingo Jim\u00e9nez es la mejor expresi\u00f3n del pueblo dominicano\u00bb"},"content":{"rendered":"\n<p><br>Restos de Domingo Jim\u00e9nez son velados en Funeraria Blandino y al mediod\u00eda del s\u00e1bado ser\u00e1n llevados a Casa del Pueblo Jhonny Ventura<br><\/p>\n\n\n\n<p>*Santo Domingo.-* \u00abYo calificar\u00eda el legado de Domingo Jim\u00e9nez como de inmenso, es un legado realmente extraordinario, porque Domingo Jim\u00e9nez es la mejor expresi\u00f3n del pueblo dominicano\u00bb,  expres\u00f3 Leonel Fern\u00e1ndez del fenecido dirigente pol\u00edtico, en momentos que fue a presentar sus condolencias en la Funeraria Blandino.<\/p>\n\n\n\n<p><br>El presidente de la Fuerza del Pueblo describi\u00f3 todo el recorrido de desarrollo profesional y personal de Domingo Jim\u00e9nez, resaltando el sentido de honestidad e integridad que lo defini\u00f3 en cada una de sus facetas. Adem\u00e1s la manera en que se prepar\u00f3 para desempe\u00f1ar estos roles.<\/p>\n\n\n\n<figure class=\"wp-block-embed is-type-video is-provider-youtube wp-block-embed-youtube wp-embed-aspect-16-9 wp-has-aspect-ratio\"><div class=\"wp-block-embed__wrapper\">\n<iframe loading=\"lazy\" title=\"Domingo Jim\u00e9nez es la mejor expresi\u00f3n del pueblo dominicano, afirma Leonel Fern\u00e1ndez\" width=\"616\" height=\"347\" src=\"https:\/\/www.youtube.com\/embed\/2lnbzQuzPqM?feature=oembed\" frameborder=\"0\" allow=\"accelerometer; autoplay; clipboard-write; encrypted-media; gyroscope; picture-in-picture; web-share\" referrerpolicy=\"strict-origin-when-cross-origin\" allowfullscreen><\/iframe>\n<\/div><\/figure>\n\n\n\n<p><br>\u00abLa gente lo ve\u00eda como uno suyo, pero uno suyo que se hab\u00eda preparado, que hab\u00eda estudiado, que era disciplinado, que se hab\u00eda integrado al movimiento estudiantil, al movimiento sindical, al movimiento revolucionario\u00bb, detall\u00f3 Fern\u00e1ndez.<\/p>\n\n\n\n<p><br>\u00abComo ustedes ven, Domingo es un hombre de m\u00faltiples dimensiones, es un abogado, es un comunicador, es un dirigente pol\u00edtico, es un dirigente sindical, un dirigente estudiantil. Un gran comunicador, un hombre afable, cordial, amigable, un hombre leal a la causa, a sus principios y a sus convicciones\u00bb, sigui\u00f3 refiriendo visiblemente apenado.<\/p>\n\n\n\n<p><br>En las palabras de Fern\u00e1ndez, Domingo Jim\u00e9nez, qui\u00e9n era el secretario de Asuntos Laborales y miembro de la Direcci\u00f3n Pol\u00edtica de la Fuerza del Pueblo, deja un gran legado a este pa\u00eds y grandes aportes en cada una de las acciones que realiz\u00f3 en vida.<br>\u00abDomingo Jim\u00e9nez tiene un legado inmenso, porque \u00e9l es el mejor reflejo de lo mejor del pueblo dominicano. \u00c9l viene de abajo, Domingo es un hombre que viene de abajo, y en base a su talento, en base a su dedicaci\u00f3n y su esfuerzo y, a ese sentido de la historia y lealtad, lleg\u00f3 donde lleg\u00f3, a estar en el coraz\u00f3n de todos nosotros, del pueblo dominicano\u00bb, puntualiz\u00f3 quien fuera su amigo y compa\u00f1ero.<br>Tambi\u00e9n habl\u00f3 del dolor emocional que deja esta partida. \u00abEs con gran tristeza que despedimos a Domingo, muy a destiempo, ten\u00eda mucho que dar todav\u00eda, v\u00edctima de un c\u00e1ncer. Trat\u00f3 de luchar contra esto para combatirlo, siempre con un esp\u00edritu de luchador, alguien que no se repleg\u00f3, que no se amilan\u00f3. Lo hizo con gran valent\u00eda\u00bb, dijo Leonel Fern\u00e1ndez.<\/p>\n\n\n\n<p><br>\u00abInsisto, el pueblo dominicano, la Fuerza del Pueblo, nuestro partido pierde una gloria, un hombre de valores y de principios. Leal a la causa y salido de las entra\u00f1as del pueblo dominicano\u00bb, concluy\u00f3 Fern\u00e1ndez sobre Domingo Jim\u00e9nez.<br>Desde las 9 de la ma\u00f1ana han desfilado, para dar el p\u00e9same, personalidades de la sociedad dominicana, especialmente del mundo pol\u00edtico y sindical por la Funeraria Blandino de la Abraham Lincoln.&nbsp;<\/p>\n\n\n\n<p><br>Se destacan entre los asistentes, que han hecho guardia de honor, el presidente del Senado dominicano, Eduardo Estrella; el ex alcalde del Distrito Nacional, Roberto Salcedo; el ex miembro de la JCE y dirigente del PRM, Eddy Olivares; y los miembros y el presidente de la Confederaci\u00f3n Nacional de Unidad Sindical (CNUS), Rafael (Pepe) Abreu; el presidente de la Central Institucional de Trabajadores Aut\u00f3nomos (CITA), Rafael Castillo; el vicepresidente de la Confederaci\u00f3n Nacional de Trabajadores Dominicanos (CNTD), Silvio Ure\u00f1a y el presidente de la Federaci\u00f3n Hotelera Justo Carmona.<\/p>\n\n\n\n<p><br>Los miembros del Comit\u00e9 Pol\u00edtico del PLD, Radham\u00e9s Segura y Melaneo Paredes; adem\u00e1s de los ex diputados Luis Alberto Tejeda y Jos\u00e9 Cabrera, ambos de Santo Domingo Este, tambi\u00e9n acudieron a tempranas horas de la ma\u00f1ana.<\/p>\n\n\n\n<p><br>Pese a que ma\u00f1ana s\u00e1bado, corresponden los honores pol\u00edticos en la Casa del Pueblo Johnny Ventura, los dirigentes de la Fuerza del Pueblo, han acudido a expresar sus condolencias a los familiares. El ex vicepresidente de la Rep\u00fablica, Rafael Alburquerque, junto a Manolo Pichardo, Alexandra Pe\u00f1a, Franklin Labour, Franklin Almeyda, Juana S\u00e1nchez, Nelsida Marmolejos, entre otros, quienes permanecieron  durante toda la ma\u00f1ana acompa\u00f1ando a los familiares.<\/p>\n\n\n\n<p><br>Secretar\u00eda de Comunicaciones Fuerza del Pueblo<\/p>\n","protected":false},"excerpt":{"rendered":"<p>Restos de Domingo Jim\u00e9nez son velados en Funeraria Blandino y al mediod\u00eda del s\u00e1bado ser\u00e1n llevados a Casa del Pueblo Jhonny Ventura *Santo Domingo.-* \u00abYo calificar\u00eda el legado de Domingo Jim\u00e9nez como de inmenso, es un legado realmente extraordinario, porque Domingo Jim\u00e9nez es la mejor expresi\u00f3n del pueblo dominicano\u00bb, expres\u00f3 Leonel Fern\u00e1ndez del fenecido dirigente [&hellip;]<\/p>\n","protected":false},"author":28,"featured_media":374020,"comment_status":"closed","ping_status":"","sticky":true,"template":"","format":"standard","meta":{"footnotes":""},"categories":[36,20,26,27],"tags":[],"class_list":["post-374009","post","type-post","status-publish","format-standard","has-post-thumbnail","hentry","category-hombresmujeresycosas","category-dominicana-hoy","category-efemerides","category-portada"],"_links":{"self":[{"href":"https:\/\/diariodominicano.com\/index.php?rest_route=\/wp\/v2\/posts\/374009","targetHints":{"allow":["GET"]}}],"collection":[{"href":"https:\/\/diariodominicano.com\/index.php?rest_route=\/wp\/v2\/posts"}],"about":[{"href":"https:\/\/diariodominicano.com\/index.php?rest_route=\/wp\/v2\/types\/post"}],"author":[{"embeddable":true,"href":"https:\/\/diariodominicano.com\/index.php?rest_route=\/wp\/v2\/users\/28"}],"replies":[{"embeddable":true,"href":"https:\/\/diariodominicano.com\/index.php?rest_route=%2Fwp%2Fv2%2Fcomments&post=374009"}],"version-history":[{"count":3,"href":"https:\/\/diariodominicano.com\/index.php?rest_route=\/wp\/v2\/posts\/374009\/revisions"}],"predecessor-version":[{"id":374047,"href":"https:\/\/diariodominicano.com\/index.php?rest_route=\/wp\/v2\/posts\/374009\/revisions\/374047"}],"wp:featuredmedia":[{"embeddable":true,"href":"https:\/\/diariodominicano.com\/index.php?rest_route=\/wp\/v2\/media\/374020"}],"wp:attachment":[{"href":"https:\/\/diariodominicano.com\/index.php?rest_route=%2Fwp%2Fv2%2Fmedia&parent=374009"}],"wp:term":[{"taxonomy":"category","embeddable":true,"href":"https:\/\/diariodominicano.com\/index.php?rest_route=%2Fwp%2Fv2%2Fcategories&post=374009"},{"taxonomy":"post_tag","embeddable":true,"href":"https:\/\/diariodominicano.com\/index.php?rest_route=%2Fwp%2Fv2%2Ftags&post=374009"}],"curies":[{"name":"wp","href":"https:\/\/api.w.org\/{rel}","templated":true}]}}