{"id":37399,"date":"2007-03-13T14:46:19","date_gmt":"2007-03-13T14:46:19","guid":{"rendered":"http:\/\/diariodominicano.ddns.net\/?p=37399"},"modified":"2007-03-13T14:46:19","modified_gmt":"2007-03-13T14:46:19","slug":"las-principales-en-teledebate-111","status":"publish","type":"post","link":"https:\/\/diariodominicano.com\/?p=37399","title":{"rendered":"LAS PRINCIPALES EN TELEDEBATE"},"content":{"rendered":"<p><body><\/p>\n<p><span class=\"titulogrande1\"><em>LAS PRINCIPALES EN TELEDEBATE<\/em><\/span><br \/>&#13;<br \/>\n  <br \/>&#13;<br \/>\n    <span class=\"linksnoticias\"><em>Viernes<\/em><\/span> <span class=\"textopq1\">9,03,07<\/span><\/p>\n<p>&#13;<\/p>\n<p align=\"justify\"><span class=\"titulogrande\"><em><strong>DROGAS:<\/strong><\/em><\/span><span class=\"text1noticias\"><em><strong> MAS VIOLENCIA Y DELINCUENCIA.\u00a0<\/strong><\/em><\/span> <span class=\"text1noticias\">Una vez m\u00e0s el Episcopado Dominicano, en su  \u00f9ltima Carta Pastoral, viene a poner el dedo en la llaga de la problem\u00e1tica  nacional. En esta ocasi\u00f3n, haciendo \u00e9nfasis en el cada vez m\u00e0s grave tema del  narcotr\u00e1fico, al cual los obispos cat\u00f3licos atribuyen ser la causa principal  del incremento de la violencia y la delincuencia.<\/span><\/p>\n<p>&#13;<\/p>\n<p align=\"justify\" class=\"text1noticias\"><em><strong>MEJORAR EL RECLUTAMIENTO.\u00a0 <\/strong><\/em>Otro aspecto de sumo inter\u00e9s en que la  siempre vigilante Iglesia Cat\u00f3lica llama la atenci\u00f3n es el creciente n\u00f9mero de  polic\u00ecas y militares en activo as\u00ec como ex polic\u00ecas y ex militares, tanto  oficiales, superiores, subalternos y clases involucrados en drogas, asaltos y  cr\u00edmenes. <br \/>&#13;<br \/>\n  <br \/>&#13;<br \/>\nComo bien advierten es una se\u00f1al muy clara de que es preciso mejorar  los m\u00e9todos de selecci\u00f3n, formaci\u00f2n y control tanto del cuerpo de orden p\u00f9blico  como de la guardia.<\/p>\n<p>&#13;<\/p>\n<p align=\"justify\" class=\"text1noticias\"><em><strong>FORTALECER LA CONFIANZA.\u00a0<\/strong><\/em> Tanto el Jefe de la Polic\u00eca Nacional  como el Presidente de la   Direcci\u00f2n Nacional de Control de Drogas han reclamado la  colaboraci\u00f3n activa de la ciudadan\u00eca para un desempe\u00f1o m\u00e0s eficaz de sus  respectivas responsabilidades.\u00a0 Para  lograr el concurso de la gente se precisa sin embargo crear lazos de confianza  que se debilitan cuando agentes del orden y miembros de los estamentos  militares aparecen asociados o directamente involucrados en hechos criminales.<\/p>\n<p>&#13;<\/p>\n<p align=\"justify\" class=\"text1noticias\"><em><strong>EL TRASLADO DE HARTLEY. <\/strong><\/em>Y ya que estamos  dentro del \u00e0mbito religioso, llaman la atenci\u00f3n los fragmentos de la misiva del  Obispo de San Pedro de Macor\u00eds, publicados por el matutino El D\u00eca, explicando  las razones exclusivamente eclesi\u00e1sticas de graves faltas por las cuales  dispuso el traslado del controversial padre Christopher Harley de la comunidad  de Los Llanos. Las terminantes declaraciones del Obispo Ozoria en este sentido,  echan por tierra toda\u00a0 posible  especulaci\u00f3n respecto a la salida del pa\u00ecs del pol\u00e9mico sacerdote espa\u00f1ol a  base de presiones externas.<\/p>\n<p>&#13;<\/p>\n<p align=\"justify\" class=\"text1noticias\">Las  protestas en el Cibao han cedido y los activistas de las mismas se han  replegado, no obstante haber advertido que est\u00e0n en disposici\u00f3n de continuar  las movilizaciones reclamando obras comunitarias y las consabidas consignas en  contra de la crisis el\u00e9ctrica, el costo de la vida y dem\u00e0s.\u00a0 L\u00e0stima que el movimiento se haya contaminado  con acciones terroristas que\u00a0\u00a0 dejaron en  el camino un muerto y una decena de heridos, entre ellos varios oficiales  policiales v\u00ecctimas de una emboscada.<\/p>\n<p>&#13;<\/p>\n<p align=\"justify\" class=\"text1noticias\"><em><strong>\u00bfDE QUIEN ES LA CULPA?<\/strong><\/em> Al problema de los  alrededor de mil m\u00e8dicos graduados que no han podido realizar sus pasant\u00ecas y  por consiguiente est\u00e0n impedidos de ejercer debido a falta de fondos de la Secretar\u00eca de Salud  P\u00f9blica, se suma ahora la denuncia de que hace dos meses que los hospitales  p\u00fablicos no reciben sus respectivas subvenciones.\u00a0 La responsabilidad la descarga el titular de  la cartera en los nuevos sistemas implementados por Hacienda. Pero mientras  tanto, la carencia de recursos afecta los generalmente ya de por s\u00ec deficientes  servicios hospitalarios.<\/p>\n<p>&#13;<\/p>\n<p align=\"justify\" class=\"text1noticias\"><em><strong>DE A TRES POR CAMA. <\/strong><\/em>Precisamente dentro de  esta tem\u00e1tica, tenemos que en el hospital de la Maternidad de Los Mina  se da el caso de que hay hasta tres pacientes por cama.\u00a0 En muchas ocasiones se ha dicho y repetido  que en el pa\u00ecs tenemos suficientes hospitales y capacidad de internamiento.\u00a0 Pero situaciones como \u00e8sta ponen en duda  tales afirmaciones.\u00a0 Por cierto&#8230;\u00bfya se  resolvieron las graves fallas en la operaci\u00f3n del hospital regional de Azua  donado por Taiw\u00e0n mediante un aporte de 15 millones de d\u00f3lares?<\/p>\n<p>&#13;<\/p>\n<p align=\"justify\" class=\"text1noticias\"><em><strong>POR FALTA DE UNA SIMPLE PILA. <\/strong><\/em>Todav\u00eca ayer  las llamas continuaban consumiendo los p\u00ecnos de la Sierra de Bahoruco. Las  brigadas que combaten el fuego han desplegado ingentes esfuerzos en este  sentido, pero la esperanza de acabarlo se cifra en la ansiada lluvia que no  acaba de llegar. Mientras tanto, queda pendiente de explicar como la oficina  forestal de la zona en que ocurri\u00f2 el siniestro no dispon\u00eca de un veh\u00edculo, ni  log\u00edstica ni pudo hacer funcionar su radio por la simple falta de una pila. \u00bfY  as\u00ec es que vamos a proteger la foresta?\u00a0 <\/p>\n<p>&#13;<\/p>\n<p align=\"justify\" class=\"text1noticias\"><em><strong>EN TOQUE DE QUEDA.\u00a0<\/strong><\/em> Cancino Adentro, en Santo Domingo Este, es  otra de las barriadas que se suma al \u201ctoque de queda\u201d despu\u00e8s de las seis de la  tarde por temor a la delincuencia y lo que el Secretario de Interior y Polic\u00eca  califica certeramente de microtr\u00e0fico de drogas. Esperemos que el cuerpo de  orden p\u00f9blico tome nota y haga sentir la presencia de las patrullas mixtas en  ese vecindario lo antes posible.<\/p>\n<p>&#13;<\/p>\n<p align=\"justify\" class=\"text1noticias\"><em><strong>\u00bfASI QUE SOMOS RACISTAS? <\/strong><\/em>Dos de las tantas  organizaciones que reciben fondos para realizar campa\u00f1as contra el pa\u00ecs fueron  nada menos que a Washington a reclamar ante la Comisi\u00f2n Interamericana  de Derechos Humanos que exija el pa\u00ecs reconocer que aqu\u00ec practicamos el  racismo. <br \/>&#13;<br \/>\n  <br \/>&#13;<br \/>\nTextual \u201cacusan a la poblaci\u00f3n dominicana de que en general parte de  prejuicios raciales para valorar la belleza y el estatus social de las personas  pero no acepta que tales pr\u00e0cticas son manifestaciones de racismo\u201d. No m\u00e0s  palabras. Mejor dejarlo ah\u00ec.<\/p>\n<p>&#13;<\/p>\n<p align=\"justify\" class=\"text1noticias\"><em><strong>MENOS CONGRESISTAS.<\/strong><\/em> Muy atinada la propuesta del Presidente de la C\u00e0mara, Julio C\u00e8sar  Valent\u00ecn, de que en la reforma constitucional debe reducirse la cantidad de  diputados.\u00a0 No es posible que el  presupuesto nacional tenga que soportar la carga multi pero muy multimillonaria  de 210 congresistas en un paisito que apenas ocupa media isla, que no llega a  diez millones de habitantes de los cuales casi la mitad viven en pobreza.\u00a0 <\/p>\n<p>&#13;<\/p>\n<h6> 2007-03-13 14:46:19 <\/h6>\n<p><!--\n<link rel=\"stylesheet\" href=\"css\/bootstrap.min.css\">\n\n\n<ul class=\"pagination\">\n\t    \n\t\n\n<li >\n\t<a href='?page_no=13165'>Previous<\/a>\n\t<\/li>\n\n\n       \n    \n\n<li><a href='?page_no=1'>1<\/a><\/li>\n\n\n\n<li><a href='?page_no=2'>2<\/a><\/li>\n\n\n\n<li><a>...<\/a><\/li>\n\n\n\n<li><a href='?page_no=13164'>13164<\/a><\/li>\n\n\n\n<li><a href='?page_no=13165'>13165<\/a><\/li>\n\n\n\n<li class='active'><a>13166<\/a><\/li>\n\n\n\n<li><a href='?page_no=13167'>13167<\/a><\/li>\n\n\n\n<li><a href='?page_no=13168'>13168<\/a><\/li>\n\n\n\n<li><a>...<\/a><\/li>\n\n\n\n<li><a href='?page_no=13611'>13611<\/a><\/li>\n\n\n\n<li><a href='?page_no=13612'>13612<\/a><\/li>\n\n    \n\t\n\n<li >\n\t<a href='?page_no=13167'>Next<\/a>\n\t<\/li>\n\n\n    \n\n<li><a href='?page_no=13612'>Last &rsaquo;&rsaquo;<\/a><\/li>\n\n<\/ul>\n\n\n--><br \/>\n<\/body><\/p>\n","protected":false},"excerpt":{"rendered":"<p>LAS PRINCIPALES EN TELEDEBATE&#13; &#13; Viernes 9,03,07 &#13; DROGAS: MAS VIOLENCIA Y DELINCUENCIA.\u00a0 Una vez m\u00e0s el Episcopado Dominicano, en su \u00f9ltima Carta Pastoral, viene a poner el dedo en la llaga de la problem\u00e1tica nacional. En esta ocasi\u00f3n, haciendo \u00e9nfasis en el cada vez m\u00e0s grave tema del narcotr\u00e1fico, al cual los obispos cat\u00f3licos [&hellip;]<\/p>\n","protected":false},"author":3,"featured_media":0,"comment_status":"open","ping_status":"open","sticky":false,"template":"","format":"standard","meta":{"footnotes":""},"categories":[16],"tags":[],"class_list":["post-37399","post","type-post","status-publish","format-standard","hentry","category-opiniones"],"_links":{"self":[{"href":"https:\/\/diariodominicano.com\/index.php?rest_route=\/wp\/v2\/posts\/37399","targetHints":{"allow":["GET"]}}],"collection":[{"href":"https:\/\/diariodominicano.com\/index.php?rest_route=\/wp\/v2\/posts"}],"about":[{"href":"https:\/\/diariodominicano.com\/index.php?rest_route=\/wp\/v2\/types\/post"}],"author":[{"embeddable":true,"href":"https:\/\/diariodominicano.com\/index.php?rest_route=\/wp\/v2\/users\/3"}],"replies":[{"embeddable":true,"href":"https:\/\/diariodominicano.com\/index.php?rest_route=%2Fwp%2Fv2%2Fcomments&post=37399"}],"version-history":[{"count":0,"href":"https:\/\/diariodominicano.com\/index.php?rest_route=\/wp\/v2\/posts\/37399\/revisions"}],"wp:attachment":[{"href":"https:\/\/diariodominicano.com\/index.php?rest_route=%2Fwp%2Fv2%2Fmedia&parent=37399"}],"wp:term":[{"taxonomy":"category","embeddable":true,"href":"https:\/\/diariodominicano.com\/index.php?rest_route=%2Fwp%2Fv2%2Fcategories&post=37399"},{"taxonomy":"post_tag","embeddable":true,"href":"https:\/\/diariodominicano.com\/index.php?rest_route=%2Fwp%2Fv2%2Ftags&post=37399"}],"curies":[{"name":"wp","href":"https:\/\/api.w.org\/{rel}","templated":true}]}}