{"id":37397,"date":"2007-03-14T17:26:38","date_gmt":"2007-03-14T17:26:38","guid":{"rendered":"http:\/\/diariodominicano.ddns.net\/?p=37397"},"modified":"2007-03-14T17:26:38","modified_gmt":"2007-03-14T17:26:38","slug":"las-principales-en-teledebate-110","status":"publish","type":"post","link":"https:\/\/diariodominicano.com\/?p=37397","title":{"rendered":"LAS PRINCIPALES EN TELEDEBATE"},"content":{"rendered":"<p><body><\/p>\n<p align=\"justify\"><span class=\"titulogrande1\"><em>LAS PRINCIPALES EN TELEDEBATE\u00a0 <\/em><\/span><br \/>&#13;<br \/>\n  <br \/>&#13;<br \/>\n    <span class=\"linksnoticias\"><em>Lunes<\/em><\/span><strong> <span class=\"textopq1\"><em>12,03,07<\/em><\/span><br \/>    &#13;<br \/>\n    <br \/>&#13;<br \/>\n    <em>\u00bfGUERRA CALLEJERA?<\/em><\/strong><span class=\"text1noticias\">Todo parece indicar que el anunciado uso  del gas mostaza por parte de la   AMET para someter a conductores que hagan resistencia a la  autoridad, va a desatar una peligrosa guerra callejera. Tal se desprende de la  amenaza de Ram\u00f2n P\u00e9rez Figuereo de que por cada chofer del gremio que reciba  una aplicaci\u00f3n de gas, el agente responsable recibir\u00e0 la misma dosis  triplicada.\u00a0 \u00bfA tal punto ha llegado la  arrogancia de ciertos transportistas?<\/span><\/p>\n<p>&#13;<\/p>\n<p align=\"justify\" class=\"text1noticias\"><strong><em>PARA PREVENIR INCIDENTES.<\/em><\/strong> En  cambio, si bien se justifica el empleo del alcohol\u00ecmetro tomando en cuenta que  m\u00e0s del cuarenta porciento de los accidentes de tr\u00e0nsito son provocados por  conductores pasados de tragos, ser\u00e0 conveniente que se divulgue la cantidad tolerable  de alcohol en la sangre, como ocurre en otros pa\u00ecses.\u00a0 Una cosa es beberse una cerveza,un trago de  ron o una copa de vino y otras es estar borracho.\u00a0 Una buena informaci\u00f2n puede prevenir  incidentes innecesarios.<\/p>\n<p>&#13;<\/p>\n<p align=\"justify\" class=\"text1noticias\"><strong><em>\u00bfREBAJARAN O NO?<\/em><\/strong> Los  promotores del DR-CAFTA nos vendieron la idea de que miles de productos  importados iban a venderse a precios mucho m\u00e0s econ\u00f3micos.\u00a0 Pero de acuerdo a voceros del comercio, las  tales rebajas van a ser muy moderadas.\u00a0  Ser\u00eca bueno que las autoridades aclarasen esto para no crear falsas  expectativas,\u00a0 y de paso que se divulgue  el listado de los productos que no pagar\u00e0n arancel. Los consumidores tenemos  derecho a estar bien orientados.<\/p>\n<p>&#13;<\/p>\n<p align=\"justify\" class=\"text1noticias\"><span class=\"Estilo1\"><em>LA PELA A LA MADRE.<\/em>\u00a0<\/span> Antes, si un joven de 16  a\u00f1os que al parecer consume drogas apu\u00f1alaba y golpeaba a su maestra con  intenci\u00f3n de matarla y trataba de incendiar la escuela, los padres lo correg\u00edan  fuertemente y hasta le daban tremenda pela.\u00a0  Ahora, la progenitora del autor de esta haza\u00f1a criminal en Monte Plata,  reaccion\u00f2 diciendo que \u201cla tienen cogida con mi muchacho porque \u00e8l no es as\u00ec\u201d.  Que buen ejemplo para el vagabundito. La pela la merece la madre, no el hijo.<\/p>\n<p>&#13;<\/p>\n<p align=\"justify\" class=\"text1noticias\"><strong><em>Y LA EMPRESA&#8230;\u00bfINDEMNIZARA? <\/em><\/strong>Todo parece indicar que est\u00e0 arrojando buenos resultados el tratamiento de  desintoxicaci\u00f2n que se ha comenzado a aplicar en Para\u00edso de Dios, en Haina,  considerado entre las diez comunidades del mundo de mayor \u00edndice de  contaminaci\u00f3n con plomo.\u00a0 Pregunta  obligada es si la empresa que provoc\u00f2 este desastre tendr\u00e0 que\u00a0 indemnizar por los da\u00f1os y perjuicios ocasionados  por su irresponsabilidad.<\/p>\n<p>&#13;<\/p>\n<p align=\"justify\" class=\"text1noticias\"><strong><em>\u00bfPOR DONDE SE ESTA ESCAPANDO? <\/em><\/strong>Seg\u00fan el Director de la CAASD  el suministro de agua a la poblaci\u00f3n est\u00e0 dentro de los par\u00e1metros  normales.\u00a0 Pero tomando en cuenta las  muchas quejas que se producen sobre la falta del preciado l\u00ecquido, debe  investigar por d\u00f2nde se le est\u00e0 yendo,\u00a0  que se siente la carest\u00eda tanto en sectores residenciales como en  barrios marginados. El tema es fundamental porque disponer de agua corriente es  el primer requisito para garantizar la salud de la poblaci\u00f3n.<\/p>\n<p>&#13;<\/p>\n<p align=\"justify\" class=\"text1noticias\"><strong><em>UNA BURLA A LA AUTORIDAD Y LA LEY.<\/em><\/strong> Mucho se censur\u00f2  la pr\u00e0ctica\u00a0 ilegal de que los agentes de  la AMET  retuvieran las licencias de los conductores que comet\u00ecan alguna infracci\u00f3n. El  documento se devolv\u00eda despu\u00e9s de celebrado el juicio.\u00a0 Pero ocurre que ahora que dicha pr\u00e0ctica ha  sido descontinuada, los infractores no acuden a pagar sus multas.\u00a0 Sin volver a retener las licencias,\u00a0 alg\u00fan mecanismo habr\u00e0 que establecer para que  no contin\u00f9e la burla a la autoridad y la ley.\u00a0  \u00a1As\u00ec tampoco!<\/p>\n<p>&#13;<\/p>\n<p align=\"justify\" class=\"text1noticias\"><strong><em>OBRAS PARALIZADAS. <\/em><\/strong>Seg\u00fan el  diputado pelede\u00ecsta Alejandro Mont\u00e0s, quien presidente la Comisi\u00f3n de Obras  P\u00f9blicas de la C\u00e0mara Baja,  en estos momentos hay paralizadas unas mil doscientas obras en todo el  pa\u00ecs.\u00a0 El hecho reclama atenci\u00f3n en en  cuanto representa una inversi\u00f3n muerta, una elevaci\u00f3n de costos en el tiempo  sobre el presupuesto original y casi siempre un motivo de disgusto comunitario  que a veces degenera en violentos movimientos de protesta.<\/p>\n<p>&#13;<\/p>\n<p align=\"justify\" class=\"text1noticias\"><strong><em>\u00bfEN HUELGA DE HAMBRE?<\/em><\/strong> Hablando  de obras paralizadas, Angel Sosa, el peregrino de la cruz a cuestas de Dajab\u00f2n,  escogido entre los finalistas del concurso de Diario Libre de hombre y mujer  del a\u00f1o, advierte ahora su disposici\u00f3n a declararse en huelga de hambre si en  los pr\u00f3ximos quince d\u00ecas, no se reanuda la construcci\u00f3n de las carreteras de la  regi\u00f3n Noroeste, detenidas desde hace m\u00e0s de un mes.\u00a0 L\u00e0stima porque \u00e8l es un ejemplo a imitar de  protesta pac\u00ecfica.<\/p>\n<p>&#13;<\/p>\n<p align=\"justify\" class=\"text1noticias\"><strong><em>PREVENIR EL DENGUE.\u00a0 <\/em><\/strong>Vale destacar la r\u00e1pida reacci\u00f3n de las  autoridades sanitarias para retirar del mercado una mantequilla de man\u00ec  procedente de los Estados Unidos que ha provocado problemas de salud en ese  pa\u00ecs.\u00a0 De paso,\u00a0 llamar la atenci\u00f3n sobre las advertencias que  hacen infect\u00f2logos del hospital Robert Reid Cabral para que se ampl\u00ece la  campa\u00f1a de prevenci\u00f3n del dengue, del cual se han estado recibiendo pacientes  en ese centro. Que no ocurra lo del pasado a\u00f1o cuando se estuvo negando por  largo tiempo la existencia de la epidemia que cost\u00f2 no pocas vidas.<\/p>\n<p>&#13;<\/p>\n<p align=\"justify\" class=\"text1noticias\"><strong><em>NI DESPU\u00c9S DE MUERTOS.<\/em><\/strong>\u00a0 Aj\u00e0, \u00bfentonces tambi\u00e8n tenemos una mafia  integrada por empleados, alba\u00f1iles y buscones en el Cementerio Cristo Redentor  que se han dedicado a comprar anticipadamente numerosos terrenos ubicados en  los mejores lugares para especular con ellos y revenderlos con una jugosa  ganancia?\u00a0 \u00bfentonces Cristo Redentor de  campo santo ha devenido en negocio inmobiliario? <br \/>&#13;<br \/>\n  <br \/>&#13;<br \/>\n\u00bfentonces ni despu\u00e9s de muerto  se puede uno liberar de las mafias?\u00a0 \u00a1Qu\u00e8 destino!\u00a0 <\/p>\n<p>&#13;<\/p>\n<p align=\"justify\" class=\"text1noticias\"><strong><em>GENTE CACHAZUDA. <\/em><\/strong>Que la AES haya vendido sus acciones  en EDEESTE desde nada menos que 1999 sin ofrecerlas previamente al Estado ni  enterar a \u00e8ste ni tampoco declarar el monto de la operaci\u00f3n, que todav\u00eca a  estas alturas parece ignorarse, no es m\u00e0s que otra se\u00f1al de las muchas  vagabunder\u00ecas que se ha producido en el sector el\u00e9ctrico.\u00a0 Como si fuese poco, ahora el comprador se nos  aparece con la amenaza de una demanda por nada menos que 700 millones de  d\u00f3lares.\u00a0 \u00a1Qu\u00e8 cachazudos!<\/p>\n<p>&#13;<\/p>\n<p align=\"justify\" class=\"text1noticias\"><strong><em>EL ROBO DE LOS CABLES  EL\u00c9CTRICOS.\u00a0<\/em><\/strong> Y hablando de EDEESTE donde  el Estado es el propietario ignorado por su otro socio del cincuenta porciento  de las acciones de esa distribuidora, su gerencia denuncia que el alumbrado  p\u00f9blico de Las Am\u00e8ricas ha sido desmantelado casi en su totalidad debido al  robo impune de los cables del tendido el\u00e9ctrico.\u00a0 Lo mismo ha ocurrido en los puentes Juan  Bosch y Duarte.\u00a0 Y todo esto viene  ocurriendo con total impunidad. A este paso un d\u00eca se roban las bombillas del  Palacio Nacional.<\/p>\n<p>&#13;<\/p>\n<h6> 2007-03-14 17:26:38 <\/h6>\n<p><!--\n<link rel=\"stylesheet\" href=\"css\/bootstrap.min.css\">\n\n\n<ul class=\"pagination\">\n\t    \n\t\n\n<li >\n\t<a href='?page_no=13163'>Previous<\/a>\n\t<\/li>\n\n\n       \n    \n\n<li><a href='?page_no=1'>1<\/a><\/li>\n\n\n\n<li><a href='?page_no=2'>2<\/a><\/li>\n\n\n\n<li><a>...<\/a><\/li>\n\n\n\n<li><a href='?page_no=13162'>13162<\/a><\/li>\n\n\n\n<li><a href='?page_no=13163'>13163<\/a><\/li>\n\n\n\n<li class='active'><a>13164<\/a><\/li>\n\n\n\n<li><a href='?page_no=13165'>13165<\/a><\/li>\n\n\n\n<li><a href='?page_no=13166'>13166<\/a><\/li>\n\n\n\n<li><a>...<\/a><\/li>\n\n\n\n<li><a href='?page_no=13611'>13611<\/a><\/li>\n\n\n\n<li><a href='?page_no=13612'>13612<\/a><\/li>\n\n    \n\t\n\n<li >\n\t<a href='?page_no=13165'>Next<\/a>\n\t<\/li>\n\n\n    \n\n<li><a href='?page_no=13612'>Last &rsaquo;&rsaquo;<\/a><\/li>\n\n<\/ul>\n\n\n--><br \/>\n<\/body><\/p>\n","protected":false},"excerpt":{"rendered":"<p>LAS PRINCIPALES EN TELEDEBATE\u00a0 &#13; &#13; Lunes 12,03,07 &#13; &#13; \u00bfGUERRA CALLEJERA?Todo parece indicar que el anunciado uso del gas mostaza por parte de la AMET para someter a conductores que hagan resistencia a la autoridad, va a desatar una peligrosa guerra callejera. Tal se desprende de la amenaza de Ram\u00f2n P\u00e9rez Figuereo de que [&hellip;]<\/p>\n","protected":false},"author":3,"featured_media":0,"comment_status":"open","ping_status":"open","sticky":false,"template":"","format":"standard","meta":{"footnotes":""},"categories":[16],"tags":[],"class_list":["post-37397","post","type-post","status-publish","format-standard","hentry","category-opiniones"],"_links":{"self":[{"href":"https:\/\/diariodominicano.com\/index.php?rest_route=\/wp\/v2\/posts\/37397","targetHints":{"allow":["GET"]}}],"collection":[{"href":"https:\/\/diariodominicano.com\/index.php?rest_route=\/wp\/v2\/posts"}],"about":[{"href":"https:\/\/diariodominicano.com\/index.php?rest_route=\/wp\/v2\/types\/post"}],"author":[{"embeddable":true,"href":"https:\/\/diariodominicano.com\/index.php?rest_route=\/wp\/v2\/users\/3"}],"replies":[{"embeddable":true,"href":"https:\/\/diariodominicano.com\/index.php?rest_route=%2Fwp%2Fv2%2Fcomments&post=37397"}],"version-history":[{"count":0,"href":"https:\/\/diariodominicano.com\/index.php?rest_route=\/wp\/v2\/posts\/37397\/revisions"}],"wp:attachment":[{"href":"https:\/\/diariodominicano.com\/index.php?rest_route=%2Fwp%2Fv2%2Fmedia&parent=37397"}],"wp:term":[{"taxonomy":"category","embeddable":true,"href":"https:\/\/diariodominicano.com\/index.php?rest_route=%2Fwp%2Fv2%2Fcategories&post=37397"},{"taxonomy":"post_tag","embeddable":true,"href":"https:\/\/diariodominicano.com\/index.php?rest_route=%2Fwp%2Fv2%2Ftags&post=37397"}],"curies":[{"name":"wp","href":"https:\/\/api.w.org\/{rel}","templated":true}]}}