{"id":37396,"date":"2007-03-14T17:31:00","date_gmt":"2007-03-14T17:31:00","guid":{"rendered":"http:\/\/diariodominicano.ddns.net\/?p=37396"},"modified":"2007-03-14T17:31:00","modified_gmt":"2007-03-14T17:31:00","slug":"almeyda-y-la-democracia-del-guardia","status":"publish","type":"post","link":"https:\/\/diariodominicano.com\/?p=37396","title":{"rendered":"Almeyda y la democracia del guardia"},"content":{"rendered":"<p><body><\/p>\n<p align=\"right\"><strong><img loading=\"lazy\" decoding=\"async\" width=\"67\" height=\"36\" src=\"http:\/\/10.0.0.82:8080\/formato_clip_image002_0045.gif\" \/><\/strong><br \/>&#13;<br \/>\n    <strong><img loading=\"lazy\" decoding=\"async\" width=\"177\" height=\"33\" src=\"http:\/\/10.0.0.82:8080\/formato_clip_image004_0020.gif\" \/><\/strong><\/p>\n<p>&#13;<\/p>\n<p align=\"right\"><strong class=\"titulogrande\"><em>Comentarios de Medios<\/em><\/strong><br \/>&#13;<br \/>\n  <br \/>&#13;<br \/>\n    <span class=\"textopq1\"><em>13 de Marzo,<\/em><\/span><em class=\"textogrande\"> 2007<\/em><\/p>\n<p>&#13;<\/p>\n<p align=\"right\"><em><strong>\u201cLa dictadura se presenta acorazada porque ha de vencer. <br \/>&#13;<br \/>\n  La democracia se presenta desnuda porque ha de convencer\u201d<\/strong><\/em><br \/>&#13;<br \/>\n  <br \/>&#13;<br \/>\n    <em class=\"ttmediao\">(Antonio Gala)<\/em><\/p>\n<p>&#13;<\/p>\n<p class=\"titulogrande1\"><em><strong>Almeyda y la democracia del guardia<\/strong><\/em><\/p>\n<p>&#13;<\/p>\n<p align=\"justify\"><span class=\"text1noticias\">Las  Fuerzas Armadas, \u201clos guardias\u201d para muchos dominicanos, tienen por uno de sus  pilares fundamentales la    disciplina. Vertical. En donde las  disidencias se tornan peligrosas. Y en donde \u201cuna orden es una orden\u201d. \u201cLos  guardias\u201d pueden velar por la democracia dominicana, pero no constituyen en su  din\u00e1mica interna un ejemplo de democracia. Ni deben constituirlo. \u201cS\u00ed, se\u00f1or\u2026\u201d,  \u201cNo, se\u00f1or\u2026\u201d, \u201cMande, se\u00f1or\u2026\u201d, con espacios bien definidos en donde la  participaci\u00f3n de la oficialidad se torna consulta. Esta es una de sus virtudes  y, tambi\u00e9n, uno de sus l\u00edmites.<br \/>&#13;<br \/>\n  <br \/>&#13;<br \/>\n Algunos  funcionarios parecen desear para Rep\u00fablica Dominicana una \u201cdemocracia de  guardias\u201d. Aspiran a que los dominicanos a sus pol\u00edticas, ejecutorias,  afirmaciones, decisiones\u2026 digamos simplemente \u201cS\u00ed, se\u00f1or\u2026\u201d, \u201cOrdene, se\u00f1or\u2026\u201d.<br \/>&#13;<br \/>\n<br \/>&#13;<br \/>\n El  comentario viene por las dificultades que parece tener el secretario de  Interior y Polic\u00eda, Franklin Almeyda Rancier, para aceptar disidencias,  diferencias y puntualizaciones en torno al tema de los alcohol\u00edmetros.<br \/>&#13;<br \/>\n<br \/>&#13;<br \/>\n Creo que  todo dominicano sensato acepta que necesitamos fortalecer nuestros v\u00ednculos  sociales, mayor empe\u00f1o en cumplir y hacer cumplir la ley y una renuncia a esa  flexibilidad a la que casi todos aspiran cuando se trata de \u201csu caso\u201d y que  casi todos critican cuando se trata de un caso que no les toca en lo personal.<br \/>&#13;<br \/>\n<br \/>&#13;<br \/>\n\u201cDebieran  meterlo preso\u201d, es una expresi\u00f3n cuando alguien suele cruzar, por ejemplo, un  sem\u00e1foro en rojo o cuando nos vemos precisados a manejar detr\u00e1s de un cami\u00f3n  que m\u00e1s que cami\u00f3n parece chimenea. <br \/>&#13;<br \/>\n<br \/>&#13;<br \/>\n Somos una  sociedad que es todav\u00eda menor de edad.<br \/>&#13;<br \/>\n<br \/>&#13;<br \/>\n Sin  embargo, se equivoca el se\u00f1or secretario de Interior y Polic\u00eda cuando, con  buenas intenciones, quiere imponer el uso de los alcohol\u00edmetros de un modo  pr\u00e1cticamente dictatorial, sin disidencias.<br \/>&#13;<br \/>\n<br \/>&#13;<br \/>\n Se equivoca  cuando no sabe apreciar los aportes que hacen algunos cr\u00edticos para mejorar su  uso y hacerlo m\u00e1s eficiente. Un ejemplo, el tema del \u201cconductor designado\u201d.<br \/>&#13;<br \/>\n<br \/>&#13;<br \/>\n Se equivoca  cuando sintiendo que la medida es cuestionada por algunos y no aceptada por  otros, busca culpables detr\u00e1s de esa reacci\u00f3n. Un ejemplo: acusar al sector  fabricante de cervezas de montar una supuesta campa\u00f1a en contra de los  alcohol\u00edmetros.<br \/>&#13;<br \/>\n<br \/>&#13;<br \/>\n Se equivoca  cuando parece no aceptar que es papel del Estado el crecimiento ciudadano, la  \u201cconcientizacion\u201d, c\u00f3mo suele llamarse, sobre todo si queremos un Estado cuyas  instituciones policiales prevengan el delito m\u00e1s que tener que combatirlo. La  prevenci\u00f3n es hija de la educaci\u00f3n ciudadana y la educaci\u00f3n ciudadana es un  papel fundamental del Estado.<br \/>&#13;<br \/>\n<br \/>&#13;<br \/>\n Se equivoca  cuando indica que los fabricantes de cervezas debieran reorientar su publicidad  hacia \u201csalvar vidas\u201d, sin mostrar un ejemplo de una publicidad de estas  empresas que sea una incitaci\u00f3n a la muerte o a la indiferencia.<br \/>&#13;<br \/>\n<br \/>&#13;<br \/>\n Esas  equivocaciones conducen a un callej\u00f3n sin salida, a una democracia de  \u201cguardias\u201d y quiz\u00e1s, como guardias al fin, en esta ocasi\u00f3n digamos: \u201cNo,  se\u00f1or\u2026\u201d.<\/span><\/p>\n<p>&#13;<\/p>\n<p align=\"justify\"><em><strong>Milton Tejada C.<\/strong><\/em><br \/>&#13;<br \/>\n  <br \/>&#13;<br \/>\n<a href=\"mailto:tejadamilton@yahoo.com\">tejadamilton@yahoo.com<\/a><\/p>\n<p>&#13;<\/p>\n<h6> 2007-03-14 17:31:00 <\/h6>\n<p><!--\n<link rel=\"stylesheet\" href=\"css\/bootstrap.min.css\">\n\n\n<ul class=\"pagination\">\n\t    \n\t\n\n<li >\n\t<a href='?page_no=13162'>Previous<\/a>\n\t<\/li>\n\n\n       \n    \n\n<li><a href='?page_no=1'>1<\/a><\/li>\n\n\n\n<li><a href='?page_no=2'>2<\/a><\/li>\n\n\n\n<li><a>...<\/a><\/li>\n\n\n\n<li><a href='?page_no=13161'>13161<\/a><\/li>\n\n\n\n<li><a href='?page_no=13162'>13162<\/a><\/li>\n\n\n\n<li class='active'><a>13163<\/a><\/li>\n\n\n\n<li><a href='?page_no=13164'>13164<\/a><\/li>\n\n\n\n<li><a href='?page_no=13165'>13165<\/a><\/li>\n\n\n\n<li><a>...<\/a><\/li>\n\n\n\n<li><a href='?page_no=13611'>13611<\/a><\/li>\n\n\n\n<li><a href='?page_no=13612'>13612<\/a><\/li>\n\n    \n\t\n\n<li >\n\t<a href='?page_no=13164'>Next<\/a>\n\t<\/li>\n\n\n    \n\n<li><a href='?page_no=13612'>Last &rsaquo;&rsaquo;<\/a><\/li>\n\n<\/ul>\n\n\n--><br \/>\n<\/body><\/p>\n","protected":false},"excerpt":{"rendered":"<p>&#13; &#13; Comentarios de Medios&#13; &#13; 13 de Marzo, 2007 &#13; \u201cLa dictadura se presenta acorazada porque ha de vencer. &#13; La democracia se presenta desnuda porque ha de convencer\u201d&#13; &#13; (Antonio Gala) &#13; Almeyda y la democracia del guardia &#13; Las Fuerzas Armadas, \u201clos guardias\u201d para muchos dominicanos, tienen por uno de sus pilares [&hellip;]<\/p>\n","protected":false},"author":3,"featured_media":0,"comment_status":"open","ping_status":"open","sticky":false,"template":"","format":"standard","meta":{"footnotes":""},"categories":[16],"tags":[],"class_list":["post-37396","post","type-post","status-publish","format-standard","hentry","category-opiniones"],"_links":{"self":[{"href":"https:\/\/diariodominicano.com\/index.php?rest_route=\/wp\/v2\/posts\/37396","targetHints":{"allow":["GET"]}}],"collection":[{"href":"https:\/\/diariodominicano.com\/index.php?rest_route=\/wp\/v2\/posts"}],"about":[{"href":"https:\/\/diariodominicano.com\/index.php?rest_route=\/wp\/v2\/types\/post"}],"author":[{"embeddable":true,"href":"https:\/\/diariodominicano.com\/index.php?rest_route=\/wp\/v2\/users\/3"}],"replies":[{"embeddable":true,"href":"https:\/\/diariodominicano.com\/index.php?rest_route=%2Fwp%2Fv2%2Fcomments&post=37396"}],"version-history":[{"count":0,"href":"https:\/\/diariodominicano.com\/index.php?rest_route=\/wp\/v2\/posts\/37396\/revisions"}],"wp:attachment":[{"href":"https:\/\/diariodominicano.com\/index.php?rest_route=%2Fwp%2Fv2%2Fmedia&parent=37396"}],"wp:term":[{"taxonomy":"category","embeddable":true,"href":"https:\/\/diariodominicano.com\/index.php?rest_route=%2Fwp%2Fv2%2Fcategories&post=37396"},{"taxonomy":"post_tag","embeddable":true,"href":"https:\/\/diariodominicano.com\/index.php?rest_route=%2Fwp%2Fv2%2Ftags&post=37396"}],"curies":[{"name":"wp","href":"https:\/\/api.w.org\/{rel}","templated":true}]}}