{"id":37394,"date":"2007-03-14T17:36:48","date_gmt":"2007-03-14T17:36:48","guid":{"rendered":"http:\/\/diariodominicano.ddns.net\/?p=37394"},"modified":"2007-03-14T17:36:48","modified_gmt":"2007-03-14T17:36:48","slug":"el-tiro-rapido-420","status":"publish","type":"post","link":"https:\/\/diariodominicano.com\/?p=37394","title":{"rendered":"El TIRO RAPIDO"},"content":{"rendered":"<p><body><\/p>\n<p><span class=\"titulogrande1\"><em>El TIRO RAPIDO<\/em><\/span><br \/>&#13;<br \/>\n  <br \/>&#13;<br \/>\n    <strong class=\"textopq1\"><em>de<\/em><\/strong><br \/>&#13;<br \/>\n    <br \/>&#13;<br \/>\n    <strong class=\"textogrande\"><em>Mario  Rivadulla<\/em><\/strong><\/p>\n<p>&#13;<\/p>\n<p align=\"justify\"><em><strong>Entre las bondades y ventajas que seg\u00f9n sus defensores  reportar\u00eca para el pa\u00ecs el Tratado de Libre Comercio con los Estados Unidos y  Centroam\u00e9rica, se puso mucho \u00e9nfasis en que los consumidores se ver\u00ecan  altamente beneficiados al poder adquirir numerosos productos importados a mucho  menor precio.\u00a0 Esto como es natural,  despert\u00f2 grandes expectativas en el sentido de que contribuir\u00edan a abaratar el  costo de la vida.<\/strong><\/em><\/p>\n<p>&#13;<\/p>\n<p align=\"justify\" class=\"text1noticias\">Pero ahora que el Tratado ha  entrado en vigencia, empiezan a surgir dudas al respecto.<\/p>\n<p>&#13;<\/p>\n<p align=\"justify\" class=\"text1noticias\">Esto as\u00ec, porque importadores y  comerciantes se han apresurado a advertir que los precios no bajar\u00e0n de manera  significativa pese a que se se\u00f1ala que son miles los productos de consumo  importados que pasar\u00e0n por las aduanas sin pagar arancel.\u00a0 O sea, que la eliminaci\u00f3n de las cargas  aduanales no se reflejar\u00e0n de manera matem\u00e1tica en los precios al consumidor  final.<\/p>\n<p>&#13;<\/p>\n<p align=\"justify\" class=\"text1noticias\">El tema es del m\u00e0s alto  inter\u00e9s.\u00a0 Como lo es tambi\u00e8n\u00a0 aclarar la cantidad e identificar la  naturaleza de los art\u00edculos de importaci\u00f3n que no pagar\u00e0n los impuestos de  entrada al mercado nacional. Asimismo,\u00a0  cu\u00e0l ser\u00e0 el porcentaje de exoneraci\u00f3n en cada uno de ellos.<\/p>\n<p>&#13;<\/p>\n<p align=\"justify\" class=\"text1noticias\">Hasta ahora se han divulgado  distintas cifras.\u00a0 Se habla de cuatro mil  en la mayor\u00eca de las informaciones. <br \/>&#13;<br \/>\n  <br \/>&#13;<br \/>\nPero en otros se menciona la cantidad de  seis mil y en un caso al menos, se public\u00f2 que pudiera sobrepasar los nueve  mil.<\/p>\n<p>&#13;<\/p>\n<p align=\"justify\" class=\"text1noticias\">\u00bfCu\u00e0l es la cantidad  correcta?\u00a0 \u00bfCu\u00e0les son esos  art\u00edculos?\u00a0 \u00bfCu\u00e0l es el monto de los  aranceles de que quedan exentos? <\/p>\n<p>&#13;<\/p>\n<p align=\"justify\" class=\"text1noticias\">Todos son detalles de alto  inter\u00e9s para los consumidores.\u00a0 Y es  obligaci\u00f3n imperiosa de las autoridades de Industria y Comercio despejar dudas  al respecto.<\/p>\n<p>&#13;<\/p>\n<p align=\"justify\" class=\"text1noticias\">Es m\u00e0s que sabido que en  nuestro pa\u00ecs el p\u00f9blico consumidor sufre un gran nivel de desamparo.\u00a0 Salvo algunas empresas que mantienen un  comportamiento \u00e8tico en cuanto a precios y calidad, existe todav\u00eca un desorden  monumental en cuanto a esos dos factores esenciales. <\/p>\n<p>&#13;<\/p>\n<p align=\"justify\" class=\"text1noticias\">Muchos precios se aumentan de  manera medalaganaria y abusiva, a veces de la noche a la ma\u00f1ana,\u00a0 sin ning\u00f9n tipo de justificaci\u00f3n.\u00a0 La misma calidad queda en entredicho en no  pocos casos,\u00a0 en que importadores ganados  por un excesivo af\u00e0n de lucro compran en el exterior por lotes, grandes  cantidades de alimentos y productos de consumo masivo que por ley tienen que  ser retirados del mercado en los Estados Unidos y Puerto Rico y los traen al  pa\u00ecs,\u00a0 con su fecha vencida o muy pr\u00f3xima  a vencerse.\u00a0 Por desconocimiento, la mayor\u00eca  de los compradores no se fijan en este importante detalle que tampoco les resulta\u00a0  advertido por quienes los comercializan.<\/p>\n<p>&#13;<\/p>\n<p align=\"justify\" class=\"text1noticias\">Si con el DR-CAFTA nos  vendieron la idea de que el costo de la vida iba a bajar de manera  significativa y ahora resulta que no ocurrir\u00e0 as\u00ec,\u00a0 es imperativo,\u00a0 reiteramos,\u00a0  que las autoridades tomen empe\u00f1o en orientar correctamente a la  ciudadan\u00eca en este sentido para evitar frustraciones y cr\u00ecticas,\u00a0 que seguramente se dirigir\u00e0n hacia esas  mismas autoridades reproch\u00e1ndoles carecer de inter\u00e9s\u00a0 en proteger a los consumidores.<\/p>\n<p>&#13;<\/p>\n<p align=\"justify\" class=\"text1noticias\">Pensamos que el PROTECON, o  sea, la reci\u00e8n creada entidad destinada a la protecci\u00f3n del consumidor,\u00a0 pudiera intervenir en este caso exigiendo  explicaciones di\u00e0fanas y orientaciones claras al p\u00f9blico.<\/p>\n<p>&#13;<\/p>\n<p align=\"justify\" class=\"text1noticias\">Ser\u00eca una forma efectiva de  evitar burlas a los consumidores, que han sido objeto de ellas por tanto tiempo  y en tantas formas,\u00a0 de parte de  elementos inescrupulosos que siempre est\u00e0n a la caza de ganancias excesivas a  costa de saquear los bolsillos ajenos con maniobras especulativas y tortuosas,  apelando a todo g\u00e8nero de subterfugios.<\/p>\n<p>&#13;<\/p>\n<p align=\"justify\" class=\"text1noticias\">El p\u00f9blico consumidor que en su  gran mayor\u00eca tiene que hacer malabares para poder estirar el presupuesto  familiar hasta fin de mes, merece una orientaci\u00f3n clara sobre las posibles  ventajas que pudiera reportarle la entrada en vigencia del DR-CAFTA en el costo  de la vida.<\/p>\n<p>&#13;<\/p>\n<p align=\"justify\" class=\"text1noticias\">Y las autoridades por su parte,  est\u00e0n obligadas a darla por el bien del p\u00f9blico,\u00a0 por su propia imagen y por el\u00a0 costo pol\u00edtico que el no hacerlo pudiera  representarles.<\/p>\n<p>&#13;<\/p>\n<h6> 2007-03-14 17:36:48 <\/h6>\n<p><!--\n<link rel=\"stylesheet\" href=\"css\/bootstrap.min.css\">\n\n\n<ul class=\"pagination\">\n\t    \n\t\n\n<li >\n\t<a href='?page_no=13160'>Previous<\/a>\n\t<\/li>\n\n\n       \n    \n\n<li><a href='?page_no=1'>1<\/a><\/li>\n\n\n\n<li><a href='?page_no=2'>2<\/a><\/li>\n\n\n\n<li><a>...<\/a><\/li>\n\n\n\n<li><a href='?page_no=13159'>13159<\/a><\/li>\n\n\n\n<li><a href='?page_no=13160'>13160<\/a><\/li>\n\n\n\n<li class='active'><a>13161<\/a><\/li>\n\n\n\n<li><a href='?page_no=13162'>13162<\/a><\/li>\n\n\n\n<li><a href='?page_no=13163'>13163<\/a><\/li>\n\n\n\n<li><a>...<\/a><\/li>\n\n\n\n<li><a href='?page_no=13611'>13611<\/a><\/li>\n\n\n\n<li><a href='?page_no=13612'>13612<\/a><\/li>\n\n    \n\t\n\n<li >\n\t<a href='?page_no=13162'>Next<\/a>\n\t<\/li>\n\n\n    \n\n<li><a href='?page_no=13612'>Last &rsaquo;&rsaquo;<\/a><\/li>\n\n<\/ul>\n\n\n--><br \/>\n<\/body><\/p>\n","protected":false},"excerpt":{"rendered":"<p>El TIRO RAPIDO&#13; &#13; de&#13; &#13; Mario Rivadulla &#13; Entre las bondades y ventajas que seg\u00f9n sus defensores reportar\u00eca para el pa\u00ecs el Tratado de Libre Comercio con los Estados Unidos y Centroam\u00e9rica, se puso mucho \u00e9nfasis en que los consumidores se ver\u00ecan altamente beneficiados al poder adquirir numerosos productos importados a mucho menor precio.\u00a0 [&hellip;]<\/p>\n","protected":false},"author":3,"featured_media":0,"comment_status":"open","ping_status":"open","sticky":false,"template":"","format":"standard","meta":{"footnotes":""},"categories":[16],"tags":[],"class_list":["post-37394","post","type-post","status-publish","format-standard","hentry","category-opiniones"],"_links":{"self":[{"href":"https:\/\/diariodominicano.com\/index.php?rest_route=\/wp\/v2\/posts\/37394","targetHints":{"allow":["GET"]}}],"collection":[{"href":"https:\/\/diariodominicano.com\/index.php?rest_route=\/wp\/v2\/posts"}],"about":[{"href":"https:\/\/diariodominicano.com\/index.php?rest_route=\/wp\/v2\/types\/post"}],"author":[{"embeddable":true,"href":"https:\/\/diariodominicano.com\/index.php?rest_route=\/wp\/v2\/users\/3"}],"replies":[{"embeddable":true,"href":"https:\/\/diariodominicano.com\/index.php?rest_route=%2Fwp%2Fv2%2Fcomments&post=37394"}],"version-history":[{"count":0,"href":"https:\/\/diariodominicano.com\/index.php?rest_route=\/wp\/v2\/posts\/37394\/revisions"}],"wp:attachment":[{"href":"https:\/\/diariodominicano.com\/index.php?rest_route=%2Fwp%2Fv2%2Fmedia&parent=37394"}],"wp:term":[{"taxonomy":"category","embeddable":true,"href":"https:\/\/diariodominicano.com\/index.php?rest_route=%2Fwp%2Fv2%2Fcategories&post=37394"},{"taxonomy":"post_tag","embeddable":true,"href":"https:\/\/diariodominicano.com\/index.php?rest_route=%2Fwp%2Fv2%2Ftags&post=37394"}],"curies":[{"name":"wp","href":"https:\/\/api.w.org\/{rel}","templated":true}]}}