{"id":37393,"date":"2007-03-15T15:08:40","date_gmt":"2007-03-15T15:08:40","guid":{"rendered":"http:\/\/diariodominicano.ddns.net\/?p=37393"},"modified":"2007-03-15T15:08:40","modified_gmt":"2007-03-15T15:08:40","slug":"el-tiro-rapido-419","status":"publish","type":"post","link":"https:\/\/diariodominicano.com\/?p=37393","title":{"rendered":"EL TIRO RAPIDO"},"content":{"rendered":"<p><body><\/p>\n<p><span class=\"titulogrande1\"><em>EL TIRO RAPIDO<\/em><\/span><br \/>&#13;<br \/>\n  <br \/>&#13;<br \/>\n    <span class=\"textopq1\"><em>de<\/em><\/span><br \/>&#13;<br \/>\n  <br \/>&#13;<br \/>\n  <span class=\"textogrande\"><em>Mario  Rivadulla<\/em><\/span><\/p>\n<p>&#13;<\/p>\n<p align=\"justify\" class=\"text1noticias\">Si lo que buscaban los empresarios del transporte con su  \u201cparo sorpresa\u201d de ayer era llamar la atenci\u00f3n del pa\u00ecs, no cabe duda que lo  han conseguido.\u00a0 Pero en una forma bien  distinta a lo que seguramente persegu\u00edan y esperaban.\u00a0 No fue precisamente simpat\u00eda y apoyo lo que  consiguieron.\u00a0 Por el\u00a0 contrario, si antes ya ese sector gozaba de  muy poca credibilidad y en cambio de un gran margen de rechazo, ese capital  negativo se vi\u00f2 ayer acrecentado de manera significativa.<\/p>\n<p>&#13;<\/p>\n<p align=\"justify\" class=\"text1noticias\">Los resultados de esta  paralizaci\u00f3n del transporte por espacio de cuatro horas, en lo que uno de ellos  ha advertido es una simple jornada de calentamiento, no pueden ser m\u00e0s  lamentables.<\/p>\n<p>&#13;<\/p>\n<p align=\"justify\" class=\"text1noticias\">El paro dej\u00f2 varados y al  garete a miles de pasajeros de extracci\u00f3n humilde. De \u00e8sos que no poseen  veh\u00edculo propio.\u00a0 Que cada ma\u00f1ana tienen  que desplazarse a sus diferentes destinos utilizando el \u00f3mnibus, en el que, con  frecuencia, viajan en las condiciones m\u00e0s deprimentes y precarias.<\/p>\n<p>&#13;<\/p>\n<p align=\"justify\" class=\"text1noticias\">No es necesario enfatizar la  forma en que esto alter\u00f2 por completo la agenda diaria y afect\u00f2 el normal  desenvolvimiento de todas las actividades econ\u00f3micas y sociales.\u00a0 Tampoco los perjuicios que represent\u00f2 para  una econom\u00eca que a\u00f9n sufre los efectos de una crisis generada por diversos  factores adversos, y que en vez de interrupciones y entorpecimientos lo que  precisa por el contrario es mayor dinamismo y m\u00e0s acelerado crecimiento.<\/p>\n<p>&#13;<\/p>\n<p align=\"justify\" class=\"text1noticias\">Pero lo m\u00e0s penoso de todo son  esos ocho conductores heridos, las dos embarazadas y varios pasajeros quemados  por una bomba incendiaria arrojada en forma irresponsable y criminal contra un  \u00f3mnibus por el hecho del chofer de \u00e8ste no haberse sumado al paro. No era  voluntaria sino forzada la participaci\u00f2n, cuando no bastaron las presiones con  actos de aut\u00e8ntico terrorismo.<\/p>\n<p>&#13;<\/p>\n<p align=\"justify\" class=\"text1noticias\">Lo mismo ocurri\u00f2 en la UASD, donde elementos ajenos  al estudiantado se infiltraron para tomar el campus como escenario para actos  de vandalismo.\u00a0 Entre \u00e8stos, se asegura  figuraba un antiguo estudiante del Alma M\u00e0ter, al parecer un profesional del  desorden,\u00a0\u00a0 expulsado hace un par de a\u00f1os  por acciones similares.<\/p>\n<p>&#13;<\/p>\n<p align=\"justify\" class=\"text1noticias\">El accionar de los\u00a0 v\u00e0ndalos\u00a0  provoc\u00f2 la misma reacci\u00f3n de los organizadores del paro que en cada  oportunidad anterior. Negar que pertenezcan a sus huestes pese a lo cual se  abstienen de condenar sus desmanes, mucho menos se preocupan de reprimirlos ni  prevenir los mismos. Los esqueletos de los \u00f3mnibus destruidos por la tea  incendiaria quedan como testimonio de la forma desaprensiva en que se destruyen  propiedades financiadas con los dineros de los contribuyentes.<\/p>\n<p>&#13;<\/p>\n<p align=\"justify\" class=\"text1noticias\">Frente a estas expresiones de  presi\u00f3n extrema matizados con acciones terroristas, se justifica la recci\u00f2n del  representante del sector oficial en las hasta ahora frustradas negociaciones,  afirmando que no es posible reanudar el di\u00e0logo bajo tales condiciones.\u00a0 Yerra, sin embargo, cuando afirma que el  gobierno tiene que dar evidencias de que puede resistir las huelgas.\u00a0 Este no es lo que est\u00e0 en juego.\u00a0 El pa\u00ecs no puede resultar v\u00ecctima de una  prueba de resistencia entre los transportistas y el r\u00e9gimen, a ver qui\u00e8n  aguanta m\u00e0s mientras la gente de a pies, que son los m\u00e0s, carece de medios para  desplazarse y merma la actividad econ\u00f3mica. <\/p>\n<p>&#13;<\/p>\n<p align=\"justify\" class=\"text1noticias\">Lo que est\u00e0 a prueba en este  caso\u00a0 es el principio de autoridad. Este  no es un paro cualquiera.\u00a0 No es una  comunidad que cesa de palpitar por 24 \u00f2 48 horas en demanda de obras.\u00a0 Estamos hablando de la paralizaci\u00f2n del  pa\u00ecs.\u00a0 Ning\u00f9n gobierno puede permitir que  esto ocurra sin que resulte seriamente lesionado el ejercicio del poder.<\/p>\n<p>&#13;<\/p>\n<p align=\"justify\" class=\"text1noticias\">El pueblo espera acciones m\u00e0s  en\u00e9rgicas. No tienen que ser necesariamente violentas ni caer en excesos  condenables. Pero s\u00ec el gobierno apelar a todos los mecanismos disponibles y al  ejercicio leg\u00ectimo de su autoridad para dejar bien sentado que ning\u00f9n sector  por v\u00e0lidos que sean sus reclamos, mucho menos cuando carecen de raz\u00f3n, pueda  ponerlo contra la pared y hacer que deje de latir el coraz\u00f3n de la naci\u00f2n.\u00a0 <\/p>\n<p>&#13;<\/p>\n<p align=\"justify\" class=\"text1noticias\">Porque cuando esto ocurre y se  tolera, est\u00e0n cre\u00e0ndose las condiciones que conducen inevitablemente al caos y  la anarqu\u00eda.<\/p>\n<p>&#13;<\/p>\n<h6> 2007-03-15 15:08:40 <\/h6>\n<p><!--\n<link rel=\"stylesheet\" href=\"css\/bootstrap.min.css\">\n\n\n<ul class=\"pagination\">\n\t    \n\t\n\n<li >\n\t<a href='?page_no=13159'>Previous<\/a>\n\t<\/li>\n\n\n       \n    \n\n<li><a href='?page_no=1'>1<\/a><\/li>\n\n\n\n<li><a href='?page_no=2'>2<\/a><\/li>\n\n\n\n<li><a>...<\/a><\/li>\n\n\n\n<li><a href='?page_no=13158'>13158<\/a><\/li>\n\n\n\n<li><a href='?page_no=13159'>13159<\/a><\/li>\n\n\n\n<li class='active'><a>13160<\/a><\/li>\n\n\n\n<li><a href='?page_no=13161'>13161<\/a><\/li>\n\n\n\n<li><a href='?page_no=13162'>13162<\/a><\/li>\n\n\n\n<li><a>...<\/a><\/li>\n\n\n\n<li><a href='?page_no=13611'>13611<\/a><\/li>\n\n\n\n<li><a href='?page_no=13612'>13612<\/a><\/li>\n\n    \n\t\n\n<li >\n\t<a href='?page_no=13161'>Next<\/a>\n\t<\/li>\n\n\n    \n\n<li><a href='?page_no=13612'>Last &rsaquo;&rsaquo;<\/a><\/li>\n\n<\/ul>\n\n\n--><br \/>\n<\/body><\/p>\n","protected":false},"excerpt":{"rendered":"<p>EL TIRO RAPIDO&#13; &#13; de&#13; &#13; Mario Rivadulla &#13; Si lo que buscaban los empresarios del transporte con su \u201cparo sorpresa\u201d de ayer era llamar la atenci\u00f3n del pa\u00ecs, no cabe duda que lo han conseguido.\u00a0 Pero en una forma bien distinta a lo que seguramente persegu\u00edan y esperaban.\u00a0 No fue precisamente simpat\u00eda y apoyo [&hellip;]<\/p>\n","protected":false},"author":3,"featured_media":0,"comment_status":"open","ping_status":"open","sticky":false,"template":"","format":"standard","meta":{"footnotes":""},"categories":[16],"tags":[],"class_list":["post-37393","post","type-post","status-publish","format-standard","hentry","category-opiniones"],"_links":{"self":[{"href":"https:\/\/diariodominicano.com\/index.php?rest_route=\/wp\/v2\/posts\/37393","targetHints":{"allow":["GET"]}}],"collection":[{"href":"https:\/\/diariodominicano.com\/index.php?rest_route=\/wp\/v2\/posts"}],"about":[{"href":"https:\/\/diariodominicano.com\/index.php?rest_route=\/wp\/v2\/types\/post"}],"author":[{"embeddable":true,"href":"https:\/\/diariodominicano.com\/index.php?rest_route=\/wp\/v2\/users\/3"}],"replies":[{"embeddable":true,"href":"https:\/\/diariodominicano.com\/index.php?rest_route=%2Fwp%2Fv2%2Fcomments&post=37393"}],"version-history":[{"count":0,"href":"https:\/\/diariodominicano.com\/index.php?rest_route=\/wp\/v2\/posts\/37393\/revisions"}],"wp:attachment":[{"href":"https:\/\/diariodominicano.com\/index.php?rest_route=%2Fwp%2Fv2%2Fmedia&parent=37393"}],"wp:term":[{"taxonomy":"category","embeddable":true,"href":"https:\/\/diariodominicano.com\/index.php?rest_route=%2Fwp%2Fv2%2Fcategories&post=37393"},{"taxonomy":"post_tag","embeddable":true,"href":"https:\/\/diariodominicano.com\/index.php?rest_route=%2Fwp%2Fv2%2Ftags&post=37393"}],"curies":[{"name":"wp","href":"https:\/\/api.w.org\/{rel}","templated":true}]}}