{"id":37391,"date":"2007-03-16T15:45:22","date_gmt":"2007-03-16T15:45:22","guid":{"rendered":"http:\/\/diariodominicano.ddns.net\/?p=37391"},"modified":"2007-03-16T15:45:22","modified_gmt":"2007-03-16T15:45:22","slug":"los-temas-de-teledebate-23","status":"publish","type":"post","link":"https:\/\/diariodominicano.com\/?p=37391","title":{"rendered":"LOS TEMAS DE TELEDEBATE"},"content":{"rendered":"<p><body><\/p>\n<p class=\"titulogrande1\"><em>LOS TEMAS DE TELEDEBATE<\/em><\/p>\n<p>&#13;<\/p>\n<p align=\"justify\" class=\"text1noticias\"><em><strong>SE VAN A PIQUE.<\/strong><\/em>\u00a0 La  tragedia por la que est\u00e0n pasando ahora mismo las peque\u00f1as y medianas empresas  ahora mismo, no es nada f\u00e1cil.\u00a0 Ellas  est\u00e0n sometidas a un verdadero, exigente reto de aut\u00e8ntica sobrevivencia.\u00a0 Tan solo las peque\u00f1as empresas representan un  27 porciento del Producto Interno Bruto a m\u00e0s de ser las principales  empleadoras del pa\u00ecs.\u00a0 Muchas de ellas,  son negocios donde trabaja y libra el sustento todo el n\u00facleo fmiliar. Su  situaci\u00f3n al presente no puede resultar m\u00e0s complicada.\u00a0 Por un lado, muchas de ellas carecen de  sistemas contables organizados. Bajo las nuevas exigencias fiscales se ver\u00e0n  obligadas a contratar contables y a establecer programas que representan un  fuerte costo que no es capaz de soportar su limitada econom\u00eda.\u00a0 Les representa una carga tambi\u00e8n insoportable  el tener que avanzar el ITBIS sobre las facturas expedidas,\u00a0 antes de que \u00e8stas se hayan cobrado para lo  cual pueden transcurrir varios meses. S\u00f9mele a eso la Seguridad Social  y el Seguro de Salud que viene por ah\u00ec. Y como si fuese poco las grandes  restricciones que tienen para poder acceder al cr\u00e8dito bancario, donde se toma  como par\u00e1metro la evaluaci\u00f3n de sus activos, por lo general reducidos, y se  desecha su historial de cumplimiento, por lo com\u00f9n excelente. Finalmente  agr\u00e9guele el reto que impone en calidad y costos el Tratado de Libre Comercio  con los Estados Unidos y Centroam\u00e9rica. El resultado de todas estas  adversidades juntas, solo pueden conducir al cierre de muchas de esas empresas  o la reducci\u00f3n de sus operaciones y su personal.\u00a0 Las autoridades fiscales y bancarias deben  sopesar todos estos factores y el Poder Ejecutivo, a su vez, su costo pol\u00edtico.<\/p>\n<p>&#13;<\/p>\n<p align=\"justify\" class=\"text1noticias\"><em><strong>INCENTIVOS.<\/strong><\/em>\u00a0  Mientras el sector industrial formal cosecha rechazo desde distintos  puntos del litoral oficial a la propuesta entregada al Ejecutivo para  incrementar su competitividad basada en exenciones de car\u00e1cter fiscal, el  Senado de la Rep\u00f9blica  aprob\u00f2 ayer en primera lectura conceder la de impuestos y aranceles a los  subsectores de algod\u00f3n, fibra, textiles, confecci\u00f3n y accesorios, pieles,  fabricaci\u00f3n de calzado y manufactura de cuero,creando un r\u00e8gimen regulatorio  com\u00f9n para las industrias de esos ramos que operan dentro y fuera de zonas  francas.\u00a0 Sin dudas es un buen punto de  apoyo para las empresas dedicadas a estas actividades fabriles, que hoy se ven  sometidas a la fuerte y avasalladora competencia de China Comunista.\u00a0\u00a0 Contar\u00eca a continuaci\u00f3n que les permitan  adquirir la condici\u00f3n de usuarios no regulados para poder\u00a0 bajar el elevado monto de la facturaci\u00f3n  el\u00e9ctrica aunque en este sentido hay una fuerte oposici\u00f3n de las distribuidoras  de electricidad que temen perder as\u00ec buena parte de los ingresos que cobran.<\/p>\n<p>&#13;<\/p>\n<p align=\"justify\" class=\"text1noticias\"><em><strong>INVESTIGACI\u00d3N E INDEMNIZACI\u00d3N.<\/strong><\/em>\u00a0 El Procurador General de la Rep\u00f9blica informa que ha  dispuesto una exhaustiva investigaci\u00f3n para tratar de dar con los responsables  directos del atentado a un \u00f3mnibus de Caribe Tours que conduc\u00eda a un numeroso  grupo de trabajadores, entre \u00e8stos varias mujeres embarazadas, a su trabajo en  la zona franca de San Isidro. Los responsables intelectuales en este caso,  seg\u00fan juristas que est\u00e0n asesorando a las v\u00ecctimas, son quienes convocaron el  paro del transporte, creando las condiciones propicias para que se produjera  este cobarde ataque y otros actos vand\u00e1licos.\u00a0  <br \/>&#13;<br \/>\n  <br \/>&#13;<br \/>\nSeg\u00fan su criterio, las v\u00ecctimas tienen derecho a ser indemnizadas.\u00a0 Por lo pronto, ya el Secretario de Interior y  Polic\u00eca ha avanzado que el gobierno correr\u00e0 con los gastos de internamiento y  rehabilitaci\u00f3n de los afectados.\u00a0 Pero  eso no basta. El da\u00f1o inflingido a quienes resultaron quemados fruto del  atentado criminal, no ser\u00e0 f\u00e1cil de reparar\u00a0  en el aspecto psicol\u00f3gico. Pero al menos que los culpables paguen las  consecuencias materiales.\u00a0 Ver esos  rostros desfigurados y esas manos vendadas de hombres y mujeres que resultaron  v\u00ecctimas inocentes de la barbarie, estremece el coraz\u00f3n y motiva a  compasi\u00f3n,\u00a0 despierta justificada  indignaci\u00f3n y motiva a preocupaci\u00f3n ante el anuncio de nuevos paros que  pudieran ser escenarios propicios para la repetici\u00f3n de estos vergonzosos  hechos.<\/p>\n<p>&#13;<\/p>\n<p align=\"justify\" class=\"text1noticias\"><em><strong>FUNCIONARIOS VERSUS OBISPOS.\u00a0<\/strong><\/em> Dos de los ca\u00f1ones m\u00e0s pesados del gobierno,  Franklin Almeida y Alejandrina Germ\u00e0n acaban de disparar misiles del m\u00e0s alto  poder cr\u00ectico contra los obispos de La   Vega y Montecristi, quienes se pronunciaron antier en contra  de la reelecci\u00f2n. Aunque los prelados cat\u00f3licos hablaron en sentido gen\u00e9rico,  es evidente que a quien le serv\u00eca ese traje es precisamente al actual  mandatario que est\u00e0n aspirando a continuar al frente de los destinos nacionales  m\u00e0s all\u00e0 del 2008.\u00a0 Tanto Almeida como la  licenciada Germ\u00e0n acusan a los dos obispos a suscribir declaraciones de corte  pol\u00edtico partidario.\u00a0 Veremos que  responden los imputados, si es que lo hacen, o por el contrario, dejan correr  la bola y dan la callada por respuesta. El pleito sin dudas es poco rentable  para las dos partes.<\/p>\n<p>&#13;<\/p>\n<p align=\"justify\" class=\"text1noticias\"><em><strong>CRISIS DE AGUA.<\/strong><\/em>\u00a0  Mientras el director de la   CAASD asegura que el abastecimiento de agua est\u00e0 dentro de  los par\u00e1metros normales, la crisis del preciado l\u00ecquido contin\u00faa sinti\u00e9ndose en  muchos sectores.\u00a0 En barrios marginados,  se est\u00e0 vendiendo el balde de agua hasta cinco pesos, mientras que en los  residenciales, el cami\u00f2n de agua cuesta novecientos pesos.\u00a0 Si como asegura el funcionario la cantidad de  agua que est\u00e0 recibiendo y despachando el sistema es la habitual, entonces hay  que averiguar por donde se nos est\u00e0 desviando que no hay modo de que llegue a  las plumas.\u00a0 El tema es de primer\u00edsima  importancia por cuanto el agua es fuente primaria de salud y de vida.\u00a0 <\/p>\n<p>&#13;<\/p>\n<h6> 2007-03-16 15:45:22 <\/h6>\n<p><!--\n<link rel=\"stylesheet\" href=\"css\/bootstrap.min.css\">\n\n\n<ul class=\"pagination\">\n\t    \n\t\n\n<li >\n\t<a href='?page_no=13158'>Previous<\/a>\n\t<\/li>\n\n\n       \n    \n\n<li><a href='?page_no=1'>1<\/a><\/li>\n\n\n\n<li><a href='?page_no=2'>2<\/a><\/li>\n\n\n\n<li><a>...<\/a><\/li>\n\n\n\n<li><a href='?page_no=13157'>13157<\/a><\/li>\n\n\n\n<li><a href='?page_no=13158'>13158<\/a><\/li>\n\n\n\n<li class='active'><a>13159<\/a><\/li>\n\n\n\n<li><a href='?page_no=13160'>13160<\/a><\/li>\n\n\n\n<li><a href='?page_no=13161'>13161<\/a><\/li>\n\n\n\n<li><a>...<\/a><\/li>\n\n\n\n<li><a href='?page_no=13611'>13611<\/a><\/li>\n\n\n\n<li><a href='?page_no=13612'>13612<\/a><\/li>\n\n    \n\t\n\n<li >\n\t<a href='?page_no=13160'>Next<\/a>\n\t<\/li>\n\n\n    \n\n<li><a href='?page_no=13612'>Last &rsaquo;&rsaquo;<\/a><\/li>\n\n<\/ul>\n\n\n--><br \/>\n<\/body><\/p>\n","protected":false},"excerpt":{"rendered":"<p>LOS TEMAS DE TELEDEBATE &#13; SE VAN A PIQUE.\u00a0 La tragedia por la que est\u00e0n pasando ahora mismo las peque\u00f1as y medianas empresas ahora mismo, no es nada f\u00e1cil.\u00a0 Ellas est\u00e0n sometidas a un verdadero, exigente reto de aut\u00e8ntica sobrevivencia.\u00a0 Tan solo las peque\u00f1as empresas representan un 27 porciento del Producto Interno Bruto a m\u00e0s [&hellip;]<\/p>\n","protected":false},"author":3,"featured_media":0,"comment_status":"open","ping_status":"open","sticky":false,"template":"","format":"standard","meta":{"footnotes":""},"categories":[16],"tags":[],"class_list":["post-37391","post","type-post","status-publish","format-standard","hentry","category-opiniones"],"_links":{"self":[{"href":"https:\/\/diariodominicano.com\/index.php?rest_route=\/wp\/v2\/posts\/37391","targetHints":{"allow":["GET"]}}],"collection":[{"href":"https:\/\/diariodominicano.com\/index.php?rest_route=\/wp\/v2\/posts"}],"about":[{"href":"https:\/\/diariodominicano.com\/index.php?rest_route=\/wp\/v2\/types\/post"}],"author":[{"embeddable":true,"href":"https:\/\/diariodominicano.com\/index.php?rest_route=\/wp\/v2\/users\/3"}],"replies":[{"embeddable":true,"href":"https:\/\/diariodominicano.com\/index.php?rest_route=%2Fwp%2Fv2%2Fcomments&post=37391"}],"version-history":[{"count":0,"href":"https:\/\/diariodominicano.com\/index.php?rest_route=\/wp\/v2\/posts\/37391\/revisions"}],"wp:attachment":[{"href":"https:\/\/diariodominicano.com\/index.php?rest_route=%2Fwp%2Fv2%2Fmedia&parent=37391"}],"wp:term":[{"taxonomy":"category","embeddable":true,"href":"https:\/\/diariodominicano.com\/index.php?rest_route=%2Fwp%2Fv2%2Fcategories&post=37391"},{"taxonomy":"post_tag","embeddable":true,"href":"https:\/\/diariodominicano.com\/index.php?rest_route=%2Fwp%2Fv2%2Ftags&post=37391"}],"curies":[{"name":"wp","href":"https:\/\/api.w.org\/{rel}","templated":true}]}}