{"id":37389,"date":"2007-03-16T15:57:07","date_gmt":"2007-03-16T15:57:07","guid":{"rendered":"http:\/\/diariodominicano.ddns.net\/?p=37389"},"modified":"2007-03-16T15:57:07","modified_gmt":"2007-03-16T15:57:07","slug":"a-proposito-de-la-participacion-de-alvaro-uribe-velez-presidente-de-colombia-en-la-mini-cumbre-de-santo-domingo","status":"publish","type":"post","link":"https:\/\/diariodominicano.com\/?p=37389","title":{"rendered":"A prop\u00f3sito de la participaci\u00f3n de \u00c1lvaro Uribe V\u00e9lez, Presidente de Colombia en la mini-cumbre de Santo Domingo"},"content":{"rendered":"<p><body><\/p>\n<p align=\"justify\"><span class=\"titulogrande1\"><em>A  prop\u00f3sito de la participaci\u00f3n de \u00c1lvaro Uribe V\u00e9lez, Presidente de Colombia en  la mini-cumbre de Santo Domingo<\/em><\/span><br \/>&#13;<br \/>\n  <br \/>&#13;<br \/>\n  <span class=\"text1noticias\">Este 16 marzo se re\u00fanen en Santo Domingo, en el sal\u00f3n  de actos de la   Canciller\u00eda Dominicana, los presidentes \u00c1lvaro Uribe, de  Colombia, Ren\u00e9 Preval de Hait\u00ed, Leonel Fern\u00e1ndez de Rep\u00fablica Dominicana, y el  secretario general de la OEA Jos\u00e9  Miguel Isulza, para supuestamente tratar lo relativo al narcotr\u00e1fico en la  regi\u00f3n.<\/span><\/p>\n<p>&#13;<\/p>\n<p align=\"justify\" class=\"text1noticias\">De ese c\u00f3nclave fue excluido, por presiones de la Administraci\u00f3n   Bush y los halcones de Washington, el comandante Hugo Ch\u00e1vez,  presidente de Venezuela, como clara expresi\u00f3n de temor a la verdad y a la  honradez<\/p>\n<p>&#13;<\/p>\n<p align=\"justify\" class=\"text1noticias\">Contrastan con el supuesto prop\u00f3sito de esa  \u201cmini-cumbre\u201d, tanto las caracter\u00edsticas del gobierno de \u00c1lvaro Uribe V\u00e9lez  como el reciente esc\u00e1ndalo relacionado con las estrechas conexiones  narco-paramilitares del presidente colombiano, su equipo de gobierno y los  dirigentes de los partidos colombianos que apoyaron su reelecci\u00f3n. Esto se suma  a las complicidades del gobierno del PLD y Leonel Fern\u00e1ndez en el caso del  c\u00e1rtel Quirino.<\/p>\n<p>&#13;<\/p>\n<p align=\"justify\" class=\"text1noticias\">Para que se conozca lo que acontece hoy en Colombia, entrego  a los medios de comunicaci\u00f3n del pa\u00eds lo datos disponibles que develan la <strong>crisis narco-paramilitar-pol\u00edtica<\/strong> que  arropa la administraci\u00f3n de Uribe V\u00e9lez, lo que evidencia la doble moral, la  hipocres\u00eda y el enga\u00f1o de esta \u201cmini-cumbre\u201d auspiciada por EEUU.<\/p>\n<p>&#13;<\/p>\n<p align=\"justify\" class=\"text1noticias\"><strong>El caso Uribe  y la crisis colombiana<br \/>  &#13;<br \/>\n      <br \/>&#13;<br \/>\n<\/strong>Los resultados de la reci\u00e9n pasada elecciones  generales en Colombia, a pesar del inocultable avance de las fuerzas de  izquierda y centro- izquierda, fue publicitado por los medios masivos de  comunicaci\u00f3n y sobre todo por las grandes cadenas internacionales, como la gran  victoria reeleccionista de la nueva derecha y de su candidato \u00c1lvaro Uribe V\u00e9lez.  Y esto a su vez fue presentado como la legitimaci\u00f3n aplastante de la pol\u00edtica  de \u201cseguridad democr\u00e1tica\u201d, de los programas neoliberales y de la guerra contra  el \u201cnarco-terrorismo\u201d implementada por Uribe en el cuatrienio anterior.<\/p>\n<p>&#13;<\/p>\n<p align=\"justify\" class=\"text1noticias\">Se  difundi\u00f3 hasta la saturaci\u00f3n el supuesto 60% obtenido por Uribe y se present\u00f3  todo aquello como la mayor prueba de lo distante que supuestamente estaba  Colombia de la ola de cambios y del auge de las izquierdas en Suram\u00e9rica.<\/p>\n<p>&#13;<\/p>\n<p align=\"justify\" class=\"text1noticias\">Este personaje violento aparec\u00eda en los grandes medios  como la m\u00e1xima expresi\u00f3n del combate a la violencia, como el gran \u201cpacificador\u201d  en progresivo avance y marcha arrolladora, solo que sus balas anti-FARC no eran  de plomo sino de baba. Las FARC derrotaron el \u201cPlan Patriota\u201d, vertiente  militar del Plan Colombia.<\/p>\n<p>&#13;<\/p>\n<p align=\"justify\" class=\"text1noticias\">Las entra\u00f1as gansterizadas del poder que encabezaba,  fueron cuidadosamente ocultadas.<\/p>\n<p>&#13;<\/p>\n<p align=\"justify\" class=\"text1noticias\">El porcentaje de abstenci\u00f3n (superando el 60%) fue  silenciado.<\/p>\n<p>&#13;<\/p>\n<p align=\"justify\" class=\"text1noticias\">La verdadera votaci\u00f3n de Uribe, que en verdad no  sobrepas\u00f3 el 27% de los electores inscritos, fue fr\u00edamente suplantada por esa  cifra espectacular.<\/p>\n<p>&#13;<\/p>\n<p align=\"justify\" class=\"text1noticias\">El gran fraude implementando a su favor por las bandas  paramilitares ni siquiera se conoc\u00eda, salvo la votaci\u00f3n forzada a punta de  ametralladora de los capos y sus sicarios en algunas regiones del pa\u00eds.<\/p>\n<p>&#13;<\/p>\n<p align=\"justify\" class=\"text1noticias\">Pero todo aquel falso ropaje no tard\u00f3 en desgarrarse  al comp\u00e1s del destape y desarrollo de una crisis narco-para-pol\u00edtica que va  configurando una especie de crisis de gobernabilidad.<\/p>\n<p>&#13;<\/p>\n<p align=\"justify\" class=\"text1noticias\">Las pruebas dando cuentas de los fraudes electorales,  de los financiamientos sucios de la campa\u00f1a de Uribe, de las cuotas de  candidaturas auspiciadas por los paramilitares, de la penetraci\u00f3n de \u00e9stos y la  narco-pol\u00edtica en el Congreso de la Rep\u00fablica y en la administraci\u00f3n de Uribe,  tomaron vuelo en los meses posteriores a las elecciones.<\/p>\n<p>&#13;<\/p>\n<p align=\"justify\" class=\"text1noticias\">Y poco a poco la madeja fue desat\u00e1ndose con todas sus  malos olores, hasta convertirse en una <strong>crisis  narco-para-pol\u00edtica<\/strong>, es decir, en la eclosi\u00f3n de las evidencias delictivas  de un gobierno compartido por la oligarqu\u00eda y la partidocracia con  masacradores, asesinos, bandas mafiosas, y c\u00e1rteles de la droga.<\/p>\n<p>&#13;<\/p>\n<p align=\"justify\" class=\"text1noticias\">El presidente Uribe adopt\u00f3 la t\u00e1ctica de desligarse de  cada esc\u00e1ndalo, protegiendo en la mayor medida posible a una parte de sus  socios involucrado; mientras los m\u00e1s afectados terminaron dando declaraciones  altamente comprometedoras, que apuntaban y apuntan hacia el coraz\u00f3n y el centro  del gobierno.<\/p>\n<p>&#13;<\/p>\n<p align=\"justify\" class=\"text1noticias\">Salvatore Macuso, conocido capo del para-militarismo,  confes\u00f3 que el 35% de los(as) integrantes del Congreso Nacional son personas  que le responden a esas bandas.<\/p>\n<p>&#13;<\/p>\n<p align=\"justify\" class=\"text1noticias\">Los congresistas Araujo, Pimiento, Garc\u00eda Maloff,  Vives y Caballero \u2013todos altos dirigentes de los partidos y grupos del proyecto  de la nueva derecha (Partido U, Cambio Radical, Alas Colombia, Colombia  Democr\u00e1tica) que apoya al presidente Uribe- han tenido que ser procesados  judicialmente.<\/p>\n<p>&#13;<\/p>\n<p align=\"justify\" class=\"text1noticias\">El legislador Araujo, como su hermana, la tristemente  famosa cancillera Conchis Araujo, fueron evidenciados por esas denuncias como  productos de la cuota concedida por Uribe a nivel de Congreso y del gobierno  central al conocido capo <strong>Jorge 40.<\/strong><\/p>\n<p>&#13;<\/p>\n<p align=\"justify\" class=\"text1noticias\">A su vez Jorge 40, estrechamente vinculado a Jorge  Noguera, jefe de inteligencia del gobierno (Director del DAS) y enlace entre el  Palacio Nari\u00f1o y el propio \u00c1lvaro Uribe con las redes de bandas narco-paramilitares,  han sido acusados, con innumerables pruebas, de montar los fraudes electorales  en favor de la reelecci\u00f3n y de desplegar el terror paramilitar y la represi\u00f3n  militar para lograr votaciones forzadas.<\/p>\n<p>&#13;<\/p>\n<p align=\"justify\" class=\"text1noticias\">Escenas como la del general Rito Alejo de R\u00edo, ejecutando  junto a los paramilitares, ametralladora, a los campesinos de Salaqu\u00ed Norte y  el Choc\u00f3, han salido a la luz p\u00fablica estremeciendo la sociedad colombiana.<\/p>\n<p>&#13;<\/p>\n<p align=\"justify\" class=\"text1noticias\">Los carteles-bandas de Jorge 40 y Hern\u00e1n Giraldo  trabajaron directamente con Jorge Noguera y el DAS, quien adem\u00e1s fue acusado  por el gobierno revolucionario de Venezuela de organizar un atentado contra  Ch\u00e1vez, sin ninguna reacci\u00f3n posterior de la parte colombiana.<\/p>\n<p>&#13;<\/p>\n<p align=\"justify\" class=\"text1noticias\">Cuando las denuncias de asesinatos y corrupci\u00f3n  hicieron insostenible la presencia de Noguera en tan delicadas funciones, Uribe  intent\u00f3 protegerlo envi\u00e1ndolo de C\u00f3nsul a Mil\u00e1n, Italia; pero recientemente ha  sido sometido a los tribunales, acusado nada m\u00e1s y nada menos que de \u201c<strong>concierto para delinquir<\/strong>\u201d y <strong>\u201chomicidio agravado\u201d<\/strong><\/p>\n<p>&#13;<\/p>\n<p align=\"justify\" class=\"text1noticias\">Los gobernadores Hernando Molina del C\u00e9sar y Trino  Luna del Magdalena, ambos \u00edntimos colaboradores de Uribe, han sido indicados  como personeros pol\u00edticos de las bandas para-militares.<\/p>\n<p>&#13;<\/p>\n<p align=\"justify\" class=\"text1noticias\">La ca\u00edda de Noguera no ha dejado dudas sobre la  estrecha vinculaci\u00f3n de Uribe con el narco-poder y los \u201cparacos\u201d  (para-militares colombianos).<\/p>\n<p>&#13;<\/p>\n<p align=\"justify\" class=\"text1noticias\">El Palacio Nari\u00f1o y el Congreso, seg\u00fan las confesiones  del capo Macuso y de otros acusados, han sido pr\u00e1cticamente tomado por el  narco. Las denuncias de robos al presupuesto, masacres \u201cmoto-sierra en manos\u201d,  fraudes y sobornos practicados con la anuencia y protecci\u00f3n de altos personeros  civiles y militares del uribismo, se suceden una tras otras; agreg\u00e1ndose al  descubrimiento de 4 mil fosas comunes llenas de v\u00edctimas del para-militarismo,  a los ahogados en el ri\u00f3 Magdalena y a los 150 mil apresados durante su primera  administraci\u00f3n.<\/p>\n<p>&#13;<\/p>\n<p align=\"justify\" class=\"text1noticias\">Y esto se ha  producido en una sociedad cada vez m\u00e1s empobrecida y desprotegida, sometida a  una ineficaz pol\u00edtica de seguridad y de guerra que se traga gran parte del presupuesto  nacional, sufriendo la consecuencia de la carest\u00eda y el desempleo en gran  escala, y amenazada gran parte de su producci\u00f3n nacional por la imposici\u00f3n del  TLC.<\/p>\n<p>&#13;<\/p>\n<p align=\"justify\" class=\"text1noticias\">La percepci\u00f3n de Uribe como un presidente narco,  paraco, ileg\u00edtimo, obstructor de la paz anhelada, reticente a los di\u00e1logos  destinados a solucionar conflictos, resistente al intercambio humanitario de  prisioneros, fantoche, fanfarr\u00f3n, mentiroso\u2026es cada vez mayor en la sociedad  colombiana.<\/p>\n<p>&#13;<\/p>\n<p align=\"justify\" class=\"text1noticias\">Los votos de su reelecci\u00f3n han sido triturados por  estos hechos demoledores y amplios sectores pol\u00edticos y sociales est\u00e1n  demandando la renuncia de Uribe y la convocatoria de elecciones anticipadas.<\/p>\n<p>&#13;<\/p>\n<p align=\"justify\" class=\"text1noticias\"> <span class=\"textogrande\"><em>Narciso Isa Conde<\/em><\/span><br \/>&#13;<br \/>\n    <br \/>&#13;<br \/>\n    <span class=\"ttmediao\"><em><strong>15 de marzo 2006, Santo Domingo<\/strong><\/em><\/span><\/p>\n<p>&#13;<\/p>\n<h6> 2007-03-16 15:57:07 <\/h6>\n<p><!--\n<link rel=\"stylesheet\" href=\"css\/bootstrap.min.css\">\n\n\n<ul class=\"pagination\">\n\t    \n\t\n\n<li >\n\t<a href='?page_no=13156'>Previous<\/a>\n\t<\/li>\n\n\n       \n    \n\n<li><a href='?page_no=1'>1<\/a><\/li>\n\n\n\n<li><a href='?page_no=2'>2<\/a><\/li>\n\n\n\n<li><a>...<\/a><\/li>\n\n\n\n<li><a href='?page_no=13155'>13155<\/a><\/li>\n\n\n\n<li><a href='?page_no=13156'>13156<\/a><\/li>\n\n\n\n<li class='active'><a>13157<\/a><\/li>\n\n\n\n<li><a href='?page_no=13158'>13158<\/a><\/li>\n\n\n\n<li><a href='?page_no=13159'>13159<\/a><\/li>\n\n\n\n<li><a>...<\/a><\/li>\n\n\n\n<li><a href='?page_no=13611'>13611<\/a><\/li>\n\n\n\n<li><a href='?page_no=13612'>13612<\/a><\/li>\n\n    \n\t\n\n<li >\n\t<a href='?page_no=13158'>Next<\/a>\n\t<\/li>\n\n\n    \n\n<li><a href='?page_no=13612'>Last &rsaquo;&rsaquo;<\/a><\/li>\n\n<\/ul>\n\n\n--><br \/>\n<\/body><\/p>\n","protected":false},"excerpt":{"rendered":"<p>A prop\u00f3sito de la participaci\u00f3n de \u00c1lvaro Uribe V\u00e9lez, Presidente de Colombia en la mini-cumbre de Santo Domingo&#13; &#13; Este 16 marzo se re\u00fanen en Santo Domingo, en el sal\u00f3n de actos de la Canciller\u00eda Dominicana, los presidentes \u00c1lvaro Uribe, de Colombia, Ren\u00e9 Preval de Hait\u00ed, Leonel Fern\u00e1ndez de Rep\u00fablica Dominicana, y el secretario general [&hellip;]<\/p>\n","protected":false},"author":3,"featured_media":0,"comment_status":"open","ping_status":"open","sticky":false,"template":"","format":"standard","meta":{"footnotes":""},"categories":[16],"tags":[],"class_list":["post-37389","post","type-post","status-publish","format-standard","hentry","category-opiniones"],"_links":{"self":[{"href":"https:\/\/diariodominicano.com\/index.php?rest_route=\/wp\/v2\/posts\/37389","targetHints":{"allow":["GET"]}}],"collection":[{"href":"https:\/\/diariodominicano.com\/index.php?rest_route=\/wp\/v2\/posts"}],"about":[{"href":"https:\/\/diariodominicano.com\/index.php?rest_route=\/wp\/v2\/types\/post"}],"author":[{"embeddable":true,"href":"https:\/\/diariodominicano.com\/index.php?rest_route=\/wp\/v2\/users\/3"}],"replies":[{"embeddable":true,"href":"https:\/\/diariodominicano.com\/index.php?rest_route=%2Fwp%2Fv2%2Fcomments&post=37389"}],"version-history":[{"count":0,"href":"https:\/\/diariodominicano.com\/index.php?rest_route=\/wp\/v2\/posts\/37389\/revisions"}],"wp:attachment":[{"href":"https:\/\/diariodominicano.com\/index.php?rest_route=%2Fwp%2Fv2%2Fmedia&parent=37389"}],"wp:term":[{"taxonomy":"category","embeddable":true,"href":"https:\/\/diariodominicano.com\/index.php?rest_route=%2Fwp%2Fv2%2Fcategories&post=37389"},{"taxonomy":"post_tag","embeddable":true,"href":"https:\/\/diariodominicano.com\/index.php?rest_route=%2Fwp%2Fv2%2Ftags&post=37389"}],"curies":[{"name":"wp","href":"https:\/\/api.w.org\/{rel}","templated":true}]}}