{"id":37386,"date":"2007-03-18T22:30:32","date_gmt":"2007-03-18T22:30:32","guid":{"rendered":"http:\/\/diariodominicano.ddns.net\/?p=37386"},"modified":"2007-03-18T22:30:32","modified_gmt":"2007-03-18T22:30:32","slug":"las-principales-en-teledebate-108","status":"publish","type":"post","link":"https:\/\/diariodominicano.com\/?p=37386","title":{"rendered":"LAS PRINCIPALES EN TELEDEBATE"},"content":{"rendered":"<p><body><\/p>\n<p><span class=\"titulogrande1\"><em>LAS PRINCIPALES EN TELEDEBATE<\/em><\/span><br \/>&#13;<br \/>\n  <br \/>&#13;<br \/>\n    <span class=\"ttmediao\"><em>Jueves  15, 03,07<\/em><\/span><\/p>\n<p>&#13;<\/p>\n<p align=\"justify\" class=\"text1noticias\"><em><strong>CUMBRE ANTIDROGAS. <\/strong><\/em>Ma\u00f1ana se inaugura la cumbre contra las  drogas, teniendo como figuras principales al Presidente Leonel Fern\u00e1ndez como  anfitri\u00f3n y a los mandatarios de Hait\u00ec y Colombia, los dos pa\u00ecses m\u00e0s directamente  involucrados en el problema conjuntamente con el nuestro.\u00a0 Esto sin contar los Estados Unidos, cuyo  atractivo mercado de drogas es precisamente alrededor del cual gira la  problem\u00e1tica del narcotr\u00e1fico. Veremos qu\u00e8 sale de este encuentro.<\/p>\n<p>&#13;<\/p>\n<p align=\"justify\" class=\"text1noticias\"><em><strong>ESTRATEGIA CONJUNTA.<\/strong><\/em>\u00a0 El prop\u00f2sito principal de esta cumbre es  definir una estrategia conjunta y articular planes comunes de cooperaci\u00f3n,  prevenci\u00f3n y acci\u00f2n para enfrentar lo que posiblemente constituye hoy por hoy  el principal reto de car\u00e1cter social y de orden p\u00f9blico que enfrentan muchos  pa\u00ecses, entre ellos la   Rep\u00f9blica Dominicana convertida, al igual que Hait\u00ec, en  corredor propicio para el tr\u00e0fico internacional de las drogas producidas  principalmente en Colombia.<\/p>\n<p>&#13;<\/p>\n<p align=\"justify\" class=\"text1noticias\"><em><strong>LOS OJOS&#8230;Y EL BOLSILLO.<\/strong><\/em> El  matutino El D\u00eca afirma que el multimillonario mexicano Carlos Slim, nuevo due\u00f1o  de la antigua Verizon,\u00a0 hoy Claro  Codetel, considerado el tercer hombre m\u00e0s rico del mundo y al que se le estima  una fortuna de 40 mil millones de d\u00f3lares, tiene sus ojos puestos en la Rep\u00f9blica Dominicana.\u00a0 Ojal\u00e0 aparte de la mirada tenga tambi\u00e8n  dispuesto el bolsillo para seguir invirtiendo sobre todo en las \u00e0reas m\u00e0s  necesitadas de capital.<\/p>\n<p>&#13;<\/p>\n<p align=\"justify\" class=\"text1noticias\"><em><strong>BOFETADA SIN MANOS.<\/strong><\/em> El  Presidente haitiano Ren\u00e8 Garc\u00eca Pr\u00e8val acaba de darle una fuerte bofetada sin  manos a las organizaciones que mantienen montada una sistem\u00e1tica campa\u00f1a de  difamaci\u00f3n con la   Rep\u00f9blica Dominicana, rest\u00e1ndole importancia a las mismas y  declarando que las relaciones entre ambos pa\u00ecses son buenas. Su sola presencia  aqu\u00ec es un fuerte desmentido a quienes pretenden absurdamente que el Estado  Dominicano reconozca que es racista y haitian\u00f2fobo.<\/p>\n<p>&#13;<\/p>\n<p align=\"justify\" class=\"text1noticias\"><em><strong>LA PELOTA EN LA CANCHA DE RADHAMES.\u00a0<\/strong><\/em> La AES Dominicana rechaza las afirmaciones de  Radham\u00e8s Segura en el sentido de que ha estado obteniendo beneficios  adicionales por 30 millones de d\u00f3lares anuales, amparada en el Acuerdo de  Madrid, para vender la energ\u00eda m\u00e0s cara a EDESTE\u00a0\u00a0\u00a0\u00a0 , donde ya no posee acciones pero mantiene el control  gerencial.\u00a0\u00a0 Veremos c\u00f2mo responde el  Vicepresidente de la CDEEE  que desde hace tiempo le tiene puesto el ojo, y no como Carlos Slim, a esa  generadora, ahora que la pelota se la han devuelto a su lado de la cancha.<\/p>\n<p>&#13;<\/p>\n<p align=\"justify\" class=\"text1noticias\"><em><strong>TITO HERN\u00c1NDEZ.\u00a0 <\/strong><\/em>Lamentable el deceso del deportista Tito  Hern\u00e1ndez. Su pasi\u00f3n por las Aguilas Cibae\u00f1as lo llev\u00f2 a presidir el club por  espacio de catorce a\u00f1os consecutivos, hasta 1997 en que el equipo aguilucho  gan\u00f2 su primera Serie del Caribe.\u00a0  Durante su gesti\u00f3n, las Aguilas conquistaron cuatro gallardetes  nacionales. El fue quien descubri\u00f2 las magn\u00ecficas cualidades dirigenciales de  Chilote Llenas nombr\u00e1ndolo en distintas posiciones hasta ocupar ahora la Presidencia del equipo  cibae\u00f1o. Su muerte enluta el deporte dominicano.\u00a0 Descanse en paz.<\/p>\n<p>&#13;<\/p>\n<p align=\"justify\" class=\"text1noticias\"><em><strong>UN CRIMEN QUE NO DEBE QUEDAR  SIN CASTIGO.<\/strong><\/em> El Vicepresidente Rafael Albuquerque reclama sanciones fuertes  contra los responsables del cobarde atentado terrorista contra el \u00f3mnibus de  Caribe Tour, que provoc\u00f2 serias quemaduras a varios empleados de zona franca,  entre ellos mujeres embarazadas.\u00a0 Con ese  reclamo est\u00e0 intepretando el sentimiento mayoritario de la ciudadan\u00eca,  justamente indignada por este acto criminal que no debe quedar sin castigo.<\/p>\n<p>&#13;<\/p>\n<p align=\"justify\" class=\"text1noticias\"><em><strong>OPORTUNA ACLARACI\u00d3N. <\/strong><\/em>Oportuna  la aclaraci\u00f3n de Casa de Campo con respecto al secuestro e intento de asesinato  de que fue v\u00ecctima el ingeniero Jos\u00e8 Miguel Subero.\u00a0 El control de acceso y el nivel de vigilancia  de ese resort, que figura entre los mejores del mundo, no ofrece pr\u00e1cticamente  la m\u00e0s m\u00ednima posibilidad de que malhechores puedan penetrar el mismo, salvo  como en este caso, con la complicidad desde dentro de una persona de confianza  de la v\u00ecctima.<\/p>\n<p>&#13;<\/p>\n<p align=\"justify\" class=\"text1noticias\"><em><strong>MISTICA DE TRABAJO.<\/strong><\/em>\u00a0 La encuesta que publica hoy el Diario Libre  llevada a cabo por el Instituto Nacional de Opini\u00f3n P\u00f9blica de FUNGLODE sobre  la disposici\u00f2n de los dominicanos para el trabajo, arroja que m\u00e0s de la mitad  entienden que el \u00f9nico objetivo del mismo es ganar dinero.\u00a0 Este criterio tan exclusivamente  mercantilista,\u00a0 evidencia que nos falta  crear una m\u00ecstica sobre el valor moral del trabajo y el orgullo profesional de  desempe\u00f1arlo con\u00a0 la m\u00e1xima eficiencia.<\/p>\n<p>&#13;<\/p>\n<h6> 2007-03-18 22:30:32 <\/h6>\n<p><!--\n<link rel=\"stylesheet\" href=\"css\/bootstrap.min.css\">\n\n\n<ul class=\"pagination\">\n\t    \n\t\n\n<li >\n\t<a href='?page_no=13153'>Previous<\/a>\n\t<\/li>\n\n\n       \n    \n\n<li><a href='?page_no=1'>1<\/a><\/li>\n\n\n\n<li><a href='?page_no=2'>2<\/a><\/li>\n\n\n\n<li><a>...<\/a><\/li>\n\n\n\n<li><a href='?page_no=13152'>13152<\/a><\/li>\n\n\n\n<li><a href='?page_no=13153'>13153<\/a><\/li>\n\n\n\n<li class='active'><a>13154<\/a><\/li>\n\n\n\n<li><a href='?page_no=13155'>13155<\/a><\/li>\n\n\n\n<li><a href='?page_no=13156'>13156<\/a><\/li>\n\n\n\n<li><a>...<\/a><\/li>\n\n\n\n<li><a href='?page_no=13611'>13611<\/a><\/li>\n\n\n\n<li><a href='?page_no=13612'>13612<\/a><\/li>\n\n    \n\t\n\n<li >\n\t<a href='?page_no=13155'>Next<\/a>\n\t<\/li>\n\n\n    \n\n<li><a href='?page_no=13612'>Last &rsaquo;&rsaquo;<\/a><\/li>\n\n<\/ul>\n\n\n--><br \/>\n<\/body><\/p>\n","protected":false},"excerpt":{"rendered":"<p>LAS PRINCIPALES EN TELEDEBATE&#13; &#13; Jueves 15, 03,07 &#13; CUMBRE ANTIDROGAS. Ma\u00f1ana se inaugura la cumbre contra las drogas, teniendo como figuras principales al Presidente Leonel Fern\u00e1ndez como anfitri\u00f3n y a los mandatarios de Hait\u00ec y Colombia, los dos pa\u00ecses m\u00e0s directamente involucrados en el problema conjuntamente con el nuestro.\u00a0 Esto sin contar los Estados [&hellip;]<\/p>\n","protected":false},"author":3,"featured_media":0,"comment_status":"open","ping_status":"open","sticky":false,"template":"","format":"standard","meta":{"footnotes":""},"categories":[16],"tags":[],"class_list":["post-37386","post","type-post","status-publish","format-standard","hentry","category-opiniones"],"_links":{"self":[{"href":"https:\/\/diariodominicano.com\/index.php?rest_route=\/wp\/v2\/posts\/37386","targetHints":{"allow":["GET"]}}],"collection":[{"href":"https:\/\/diariodominicano.com\/index.php?rest_route=\/wp\/v2\/posts"}],"about":[{"href":"https:\/\/diariodominicano.com\/index.php?rest_route=\/wp\/v2\/types\/post"}],"author":[{"embeddable":true,"href":"https:\/\/diariodominicano.com\/index.php?rest_route=\/wp\/v2\/users\/3"}],"replies":[{"embeddable":true,"href":"https:\/\/diariodominicano.com\/index.php?rest_route=%2Fwp%2Fv2%2Fcomments&post=37386"}],"version-history":[{"count":0,"href":"https:\/\/diariodominicano.com\/index.php?rest_route=\/wp\/v2\/posts\/37386\/revisions"}],"wp:attachment":[{"href":"https:\/\/diariodominicano.com\/index.php?rest_route=%2Fwp%2Fv2%2Fmedia&parent=37386"}],"wp:term":[{"taxonomy":"category","embeddable":true,"href":"https:\/\/diariodominicano.com\/index.php?rest_route=%2Fwp%2Fv2%2Fcategories&post=37386"},{"taxonomy":"post_tag","embeddable":true,"href":"https:\/\/diariodominicano.com\/index.php?rest_route=%2Fwp%2Fv2%2Ftags&post=37386"}],"curies":[{"name":"wp","href":"https:\/\/api.w.org\/{rel}","templated":true}]}}