{"id":37385,"date":"2007-03-18T22:36:14","date_gmt":"2007-03-18T22:36:14","guid":{"rendered":"http:\/\/diariodominicano.ddns.net\/?p=37385"},"modified":"2007-03-18T22:36:14","modified_gmt":"2007-03-18T22:36:14","slug":"protesta-ante-la-cumbre-regional-de-presidentes","status":"publish","type":"post","link":"https:\/\/diariodominicano.com\/?p=37385","title":{"rendered":"Protesta ante la cumbre regional de presidentes"},"content":{"rendered":"<p><body><\/p>\n<p align=\"center\" class=\"titulogrande\"><em>Protesta ante la cumbre regional de presidentes:<\/em><\/p>\n<p>&#13;<\/p>\n<p align=\"center\"><em><strong>\u201cUribe, \u201cparaco\u201d, tu eres otro narco\u201d.<\/strong><\/em><\/p>\n<p>&#13;<\/p>\n<p align=\"center\"><strong><img loading=\"lazy\" decoding=\"async\" width=\"565\" height=\"283\" src=\"http:\/\/10.0.0.82:8080\/formato_clip_image002_0031.jpg\" \/><\/strong><\/p>\n<p>&#13;<\/p>\n<p align=\"justify\"><em><strong>Santo Domingo.-<\/strong><\/em><span class=\"text1noticias\">La acci\u00f3n tom\u00f3  de sorpresa a los que cercaron militarmente la llamada \u201cCumbre Regional Contra  el Narcotr\u00e1fico\u201d, inaugurada hoy, 16 de marzo del 2007 en la capital de la Rep\u00fablica Dominicana.<\/span><\/p>\n<p>&#13;<\/p>\n<p align=\"justify\" class=\"text1noticias\">De sorpresa un grupo de  manifestantes, en t\u00edpica operaci\u00f3n comando, perfor\u00f3 la barrera militar para  situarse en la puerta de entrada al anfiteatro de la Escuela de Relaciones  Exteriores, ubicada en el costado Este de la Canciller\u00eda dominicana.<\/p>\n<p>&#13;<\/p>\n<p align=\"justify\" class=\"text1noticias\">Un enorme cartel rojo fue  desplegado: en el centro una caricatura del Presidente \u00c1lvaro Uribe de Colombia,  vestido de paramilitar, motosierra en manos; al lado otra del presidente  dominicano Leonel Fern\u00e1ndez Reina, y encima de \u00e9l la pregunta \u201c\u00bfCu\u00e1nto le dio  el narco Quirino al PLD?\u201d (Partido de la Liberaci\u00f3n Dominicana,  que \u00e9l preside); y al lado de Uribe otro texto: \u201cNarco-cumbre: hipocres\u00eda y  simulaci\u00f3n\u201d.<\/p>\n<p>&#13;<\/p>\n<p align=\"justify\" class=\"text1noticias\">Los militares y agentes de  seguridad intentaron sacarlos por la fuerza, pero no pudieron: los  manifestantes se quedaron tranquilos y firmes, al tiempo que empezaron a corear  \u201cUribe, paraco, tu eres otro narco\u201d; y la prensa nacional e internacional que  cubr\u00eda en el evento, no tard\u00f3 en salir del sal\u00f3n de sesiones hacia el lugar de  la protesta.<\/p>\n<p>&#13;<\/p>\n<p align=\"justify\" class=\"text1noticias\">Narciso Isa Conde, promotor  de los \u201cC\u00edrculos Caama\u00f1istas\u201d (en honor al coronel Francisco Alberto Caama\u00f1o  De\u00f1\u00f3, l\u00edder de la   Revoluci\u00f3n de Abril de 1965 y de la Guerra Patria contra el invasor  yanqui) tom\u00f3 la palabra y explic\u00f3 las razones de esa protesta:<\/p>\n<p>&#13;<\/p>\n<p align=\"justify\" class=\"text1noticias\">\u201cLa sociedad dominicana no  pod\u00eda permitir, sin un gesto de dignidad, tanta hipocres\u00eda y simulaci\u00f3n.\u201d<\/p>\n<p>&#13;<\/p>\n<p align=\"justify\" class=\"text1noticias\">\u201cEsa mini-cumbre, mas bien  narco-cumbre, tiene como participantes de primera l\u00ednea al presidente Uribe de  Colombia y al presidente Fern\u00e1ndez de Rep\u00fablica Dominicana. El primero inmerso  ahora en uno de los mas grandes esc\u00e1ndalos de la narco-pol\u00edtica, involucrados  sus congresistas, su ex-cancillera, su jefe de seguridad, y sus gobernadores en  una verdadera crisis narco-paramilitar.\u201d<\/p>\n<p>&#13;<\/p>\n<p align=\"justify\" class=\"text1noticias\">\u201cUna parte de ellos  procesados, otras procesables. El propio Uribe cuestionado por amplios sectores  de la sociedad colombiana, impugnado por sus evidentes conexiones con la banda  del capo Jorge 40 y con una gran red de matones paramilitares, financiada su  reelecci\u00f3n con dinero sucio, y evidentemente favorecido por los fraudes  electorales ejecutados por esas mafias en procura de grandes cuotas legislativas  y gubernamentales\u201d<\/p>\n<p>&#13;<\/p>\n<p align=\"justify\" class=\"text1noticias\">\u201cEl presidente Fern\u00e1ndez,  protector del financiamiento que a favor de su partido (PLD), emiti\u00f3 el  narcotraficante Quirino Ernesto Paulino Castillo, ahora juzgado por tribunales  de EEUU. Protector de sus conexiones militares, incluida la representada por su  exjefe de inteligencia, general Florentino Florentino\u00a0 y por una de sus principales recolectoras de  fondos para su campa\u00f1a reeleccionista, Margarita G\u00f3mez, involucrada  recientemente en un de su esc\u00e1ndalo de corrupci\u00f3n\u201d<\/p>\n<p>&#13;<\/p>\n<p align=\"justify\" class=\"text1noticias\">\u201cMientras Hugo Ch\u00e1vez Fr\u00edas,  presidente de Venezuela -expresi\u00f3n de dignidad y decoro en nuestra Am\u00e9rica  actual- fue excluido de la mencionada cumbre, como expresi\u00f3n de censura previa  a la verdad y a la honestidad y en vano intento de estigmatizaci\u00f3n.<\/p>\n<p>&#13;<\/p>\n<p align=\"justify\" class=\"text1noticias\">\u201cLa factura gringa de la  narco-cumbre es m\u00e1s que evidente, la exclusi\u00f3n de Ch\u00e1vez es consecuencia de la  tutela de Bush sobre jefes de gobiernos sumisos y\/o corruptos, que hegemonizan  este c\u00f3nclave.\u201d<\/p>\n<p>&#13;<\/p>\n<p align=\"justify\" class=\"text1noticias\">La prensa nacional e  internacional pidi\u00f3 detalles a Isa Conde, que en representaci\u00f3n del proyecto  Nueva Izquierda-C\u00edrculos Caama\u00f1istas, se los ofreci\u00f3; mientras peri\u00f3dicamente  era interrumpido por las voces que coreaban \u201cUribe, paraco, tu eres otro  narco.\u201d<\/p>\n<p>&#13;<\/p>\n<p align=\"justify\" class=\"text1noticias\">Los militares y funcionarios  presentes luc\u00edan nerviosos y preocupados.<\/p>\n<p>&#13;<\/p>\n<p align=\"justify\" class=\"text1noticias\">A algunos se les escuch\u00f3  expresar temor por el castigo que le esperaba. Sus jefes ped\u00edan la lista de los  que se dejaron sorprender. Y como la soga siempre se rompe por lo m\u00e1s delgado\u2026<\/p>\n<p>&#13;<\/p>\n<p align=\"justify\" class=\"text1noticias\">Ni Uribe, ni Fern\u00e1ndez, ni la Narco-cumbre salieron  ilesos de esta ominosa expresi\u00f3n de hipocres\u00eda. Hubo quienes se atrevieron a  oponer la verdad a la mentira.<\/p>\n<p>&#13;<\/p>\n<h6> 2007-03-18 22:36:14 <\/h6>\n<p><!--\n<link rel=\"stylesheet\" href=\"css\/bootstrap.min.css\">\n\n\n<ul class=\"pagination\">\n\t    \n\t\n\n<li >\n\t<a href='?page_no=13152'>Previous<\/a>\n\t<\/li>\n\n\n       \n    \n\n<li><a href='?page_no=1'>1<\/a><\/li>\n\n\n\n<li><a href='?page_no=2'>2<\/a><\/li>\n\n\n\n<li><a>...<\/a><\/li>\n\n\n\n<li><a href='?page_no=13151'>13151<\/a><\/li>\n\n\n\n<li><a href='?page_no=13152'>13152<\/a><\/li>\n\n\n\n<li class='active'><a>13153<\/a><\/li>\n\n\n\n<li><a href='?page_no=13154'>13154<\/a><\/li>\n\n\n\n<li><a href='?page_no=13155'>13155<\/a><\/li>\n\n\n\n<li><a>...<\/a><\/li>\n\n\n\n<li><a href='?page_no=13611'>13611<\/a><\/li>\n\n\n\n<li><a href='?page_no=13612'>13612<\/a><\/li>\n\n    \n\t\n\n<li >\n\t<a href='?page_no=13154'>Next<\/a>\n\t<\/li>\n\n\n    \n\n<li><a href='?page_no=13612'>Last &rsaquo;&rsaquo;<\/a><\/li>\n\n<\/ul>\n\n\n--><br \/>\n<\/body><\/p>\n","protected":false},"excerpt":{"rendered":"<p>Protesta ante la cumbre regional de presidentes: &#13; \u201cUribe, \u201cparaco\u201d, tu eres otro narco\u201d. &#13; &#13; Santo Domingo.-La acci\u00f3n tom\u00f3 de sorpresa a los que cercaron militarmente la llamada \u201cCumbre Regional Contra el Narcotr\u00e1fico\u201d, inaugurada hoy, 16 de marzo del 2007 en la capital de la Rep\u00fablica Dominicana. &#13; De sorpresa un grupo de manifestantes, [&hellip;]<\/p>\n","protected":false},"author":3,"featured_media":0,"comment_status":"open","ping_status":"open","sticky":false,"template":"","format":"standard","meta":{"footnotes":""},"categories":[16],"tags":[],"class_list":["post-37385","post","type-post","status-publish","format-standard","hentry","category-opiniones"],"_links":{"self":[{"href":"https:\/\/diariodominicano.com\/index.php?rest_route=\/wp\/v2\/posts\/37385","targetHints":{"allow":["GET"]}}],"collection":[{"href":"https:\/\/diariodominicano.com\/index.php?rest_route=\/wp\/v2\/posts"}],"about":[{"href":"https:\/\/diariodominicano.com\/index.php?rest_route=\/wp\/v2\/types\/post"}],"author":[{"embeddable":true,"href":"https:\/\/diariodominicano.com\/index.php?rest_route=\/wp\/v2\/users\/3"}],"replies":[{"embeddable":true,"href":"https:\/\/diariodominicano.com\/index.php?rest_route=%2Fwp%2Fv2%2Fcomments&post=37385"}],"version-history":[{"count":0,"href":"https:\/\/diariodominicano.com\/index.php?rest_route=\/wp\/v2\/posts\/37385\/revisions"}],"wp:attachment":[{"href":"https:\/\/diariodominicano.com\/index.php?rest_route=%2Fwp%2Fv2%2Fmedia&parent=37385"}],"wp:term":[{"taxonomy":"category","embeddable":true,"href":"https:\/\/diariodominicano.com\/index.php?rest_route=%2Fwp%2Fv2%2Fcategories&post=37385"},{"taxonomy":"post_tag","embeddable":true,"href":"https:\/\/diariodominicano.com\/index.php?rest_route=%2Fwp%2Fv2%2Ftags&post=37385"}],"curies":[{"name":"wp","href":"https:\/\/api.w.org\/{rel}","templated":true}]}}