{"id":37382,"date":"2007-03-20T16:05:24","date_gmt":"2007-03-20T16:05:24","guid":{"rendered":"http:\/\/diariodominicano.ddns.net\/?p=37382"},"modified":"2007-03-20T16:05:24","modified_gmt":"2007-03-20T16:05:24","slug":"las-principales-en-teledebate-107","status":"publish","type":"post","link":"https:\/\/diariodominicano.com\/?p=37382","title":{"rendered":"LAS PRINCIPALES EN TELEDEBATE"},"content":{"rendered":"<p><body><\/p>\n<p><span class=\"titulogrande1\"><em>LAS PRINCIPALES EN TELEDEBATE<\/em><\/span><br \/>&#13;<br \/>\n  <br \/>&#13;<br \/>\n    <span class=\"linksnoticias\"><em>Viernes<\/em><\/span>  <span class=\"textogrande\">16,03,07<\/span><\/p>\n<p>&#13;<\/p>\n<p align=\"justify\" class=\"text1noticias\"><strong>RAMO DE OLIVO. <\/strong>El anuncio de que el Presidente Leonel  Fern\u00e1ndez ha instruido a todas las dependencias oficiales para que no sean  cesanteados los empleados partidarios de la corriente danilista y adem\u00e1s reincorporen  a sus puestos a los que hayan sido cancelados, es una especie de ramo de olivo  que pudiera contribuir a bajar la tensi\u00f3n interna provocada en el PLD por la  candidatura presidencial.\u00a0 Veremos si  ahora la campa\u00f1a baja de tono que ha estado bastante subido.<\/p>\n<p>&#13;<\/p>\n<p align=\"justify\" class=\"text1noticias\"><strong>\u00bfIGUAL AL PRD? <\/strong>Tan es as\u00ec que  en d\u00ecas pasados el a veces excesivamente locuaz Franklin Almeida, declar\u00f2 que  el PLD se estaba pareciendo al PRD.\u00a0 El  se\u00f1alamiento encontr\u00f2 caja de resonancia en otros dirigentes del sector  oficialista, justamente alarmados por el intercambio de imputaciones de frases  de tono fuerte y hasta imputaciones muy graves, que de no frenarse terminar\u00e0n  por reducir sus aspiraciones de continuar en el poder, no importa quien sea el  candidato.<\/p>\n<p>&#13;<\/p>\n<p align=\"justify\" class=\"text1noticias\"><strong>ESPEREMOS QUE MEJORE.<\/strong> Los  Estados Unidos donar\u00e0n seiscientos mil d\u00f3lares para dedicarlos al servicio de  emergencia del 911.\u00a0 Por ah\u00ec se podr\u00e0  llamar a la Polic\u00eca,  los bomberos y otras instituciones en caso de necesidad imperiosa. Veremos si  con esta ayuda se lograr mejorar de manera adecuada ese servicio que ahora se  presta de muy precaria. A veces uno llama y puede sentarse a esperar para que  le respondan. As\u00ec que de emergencia, tiene muy poco.<\/p>\n<p>&#13;<\/p>\n<p align=\"justify\" class=\"text1noticias\"><strong>LA CARGA NO PUEDE  SER IGUAL. <\/strong>\u00bfEst\u00e0n representadas las peque\u00f1as y medianas empresas en las  discusiones sobre reajuste laboral entre el sector patronal y los  representantes de las centrales sindicales?\u00a0  <br \/>&#13;<br \/>\n  <br \/>&#13;<br \/>\n\u00bfQui\u00e8n o qui\u00e8nes sirven de voceros a esos dos subsectores que aportan  m\u00e0s de la cuarta parte del Producto Interno Bruto y son las principales fuentes  de trabajo con que contamos?\u00a0 Recu\u00e9rdese  que \u00e8stas no pueden cargar el mismo fardo que las grandes corporaciones.<\/p>\n<p>&#13;<\/p>\n<p align=\"justify\" class=\"text1noticias\"><strong class=\"titulogrande\"><em>JCE:<\/em><\/strong> <strong>RESPALDO Y  COLABORACI\u00d3N.<\/strong>\u00a0 Excelente la idea de  instalar una oficial\u00eca civil en la principal Maternidad del pa\u00ecs de tal modo  que no se escape un solo nacimiento sin ser inscripto a tiempo.\u00a0 Mejor todav\u00eca que se sigan instalando  oficinas con esta misma finalidad en los dem\u00e0s hospitales p\u00fablicos, clinicas y  centros de salud privados como acaba de anunciar el Presidente de la Junta Central Electoral.  La tarea a la que se ha abocado el organismo en este sentido, merece respaldo y  colaboraci\u00f3n.<\/p>\n<p>&#13;<\/p>\n<p align=\"justify\" class=\"text1noticias\"><span class=\"titulogrande\"><em>JCE:<\/em><\/span> <strong>\u00bfDISCREPANCIAS PERSONALES? <\/strong>Hablando de la Junta,  preocupantes las se\u00f1ales que se est\u00e0n recibiendo de fuertes diferencias en su  seno que al parecer rebasan las simples discrepancias de criterio para caer en  planos personales.\u00a0 Ojal\u00e0 este enrarecido  clima pueda superarse.\u00a0 Lo menos que  necesitamos es que el tribunal electoral que ha dado notaciones de querer hacer  bien las cosas, vea empa\u00f1ada su imagen y credibilidad por causa de situaciones  de esta naturaleza.<\/p>\n<p>&#13;<\/p>\n<p align=\"justify\" class=\"text1noticias\"><strong>\u00bfQU\u00c9 ESTA PASANDO EN FINJUS?<\/strong> Y  hablando de crisis&#8230;\u00bfqu\u00e8 est\u00e0 pasando en el seno de la Fundaci\u00f2n   Institucionalidad y Justicia?\u00a0  \u00bfA qu\u00e8 se debe el que todo su actual directiva haya presentado renuncia  colectiva?\u00a0 \u00bfCu\u00e0n grave pueden llegar a  ser los problemas a lo interno de esta instituci\u00f3n de tanto prestigio, para  provocar una decisi\u00f2n de esta naturaleza, precisamente cuando m\u00e0s precisa el  pa\u00ecs de voces y planteamientos provenientes de entidades de la Sociedad Civil?<\/p>\n<p>&#13;<\/p>\n<p align=\"justify\" class=\"text1noticias\"><strong>LA ARROGANCIA DE LOS  TRANSPORTISTAS.<\/strong> Los transportistas han respondido a las advertencias oficiales  hechas por boca de Diandino Pe\u00f1a amenazando con incautar los \u00f3mnibus adquiridos  a trav\u00e8s del Plan Renove, anunciando un nuevo paro sorpresa para el pr\u00f2ximo  lunes.\u00a0 Veremos c\u00f2mo reaccionan las  autoridades frente a este nueva expresi\u00f2n de arrogante desaf\u00eco de un sector al  que se le permiti\u00f2 por parte de los sucesivos gobiernos, adquirir el  desmesurado poder de que hoy hacen gala.<\/p>\n<p>&#13;<\/p>\n<p align=\"justify\" class=\"text1noticias\"><strong>HASTA ELVINO DE  CONSAGRACI\u00d3N.\u00a0<\/strong> La Iglesia est\u00e0 como el  diablo, valga la paradoja, con motivo de los robos y saqueos en los templos  cat\u00f3licos.\u00a0 Se se\u00f1ala que ha habido  despojos en iglesias de las once di\u00f3cesis,\u00a0  Los ladrones no solo han cargado con objetos de valor sino que el  sacrilegio ha llegado al extremo de cargar con el vino de consagraci\u00f3n.\u00a0 A ese extremo de irrespeto por todos los  valores hemos llegado en el pa\u00ecs.\u00a0 Algo  realmente preocupante.<\/p>\n<p>&#13;<\/p>\n<h6> 2007-03-20 16:05:24 <\/h6>\n<p><!--\n<link rel=\"stylesheet\" href=\"css\/bootstrap.min.css\">\n\n\n<ul class=\"pagination\">\n\t    \n\t\n\n<li >\n\t<a href='?page_no=13149'>Previous<\/a>\n\t<\/li>\n\n\n       \n    \n\n<li><a href='?page_no=1'>1<\/a><\/li>\n\n\n\n<li><a href='?page_no=2'>2<\/a><\/li>\n\n\n\n<li><a>...<\/a><\/li>\n\n\n\n<li><a href='?page_no=13148'>13148<\/a><\/li>\n\n\n\n<li><a href='?page_no=13149'>13149<\/a><\/li>\n\n\n\n<li class='active'><a>13150<\/a><\/li>\n\n\n\n<li><a href='?page_no=13151'>13151<\/a><\/li>\n\n\n\n<li><a href='?page_no=13152'>13152<\/a><\/li>\n\n\n\n<li><a>...<\/a><\/li>\n\n\n\n<li><a href='?page_no=13611'>13611<\/a><\/li>\n\n\n\n<li><a href='?page_no=13612'>13612<\/a><\/li>\n\n    \n\t\n\n<li >\n\t<a href='?page_no=13151'>Next<\/a>\n\t<\/li>\n\n\n    \n\n<li><a href='?page_no=13612'>Last &rsaquo;&rsaquo;<\/a><\/li>\n\n<\/ul>\n\n\n--><br \/>\n<\/body><\/p>\n","protected":false},"excerpt":{"rendered":"<p>LAS PRINCIPALES EN TELEDEBATE&#13; &#13; Viernes 16,03,07 &#13; RAMO DE OLIVO. El anuncio de que el Presidente Leonel Fern\u00e1ndez ha instruido a todas las dependencias oficiales para que no sean cesanteados los empleados partidarios de la corriente danilista y adem\u00e1s reincorporen a sus puestos a los que hayan sido cancelados, es una especie de ramo [&hellip;]<\/p>\n","protected":false},"author":3,"featured_media":0,"comment_status":"open","ping_status":"open","sticky":false,"template":"","format":"standard","meta":{"footnotes":""},"categories":[16],"tags":[],"class_list":["post-37382","post","type-post","status-publish","format-standard","hentry","category-opiniones"],"_links":{"self":[{"href":"https:\/\/diariodominicano.com\/index.php?rest_route=\/wp\/v2\/posts\/37382","targetHints":{"allow":["GET"]}}],"collection":[{"href":"https:\/\/diariodominicano.com\/index.php?rest_route=\/wp\/v2\/posts"}],"about":[{"href":"https:\/\/diariodominicano.com\/index.php?rest_route=\/wp\/v2\/types\/post"}],"author":[{"embeddable":true,"href":"https:\/\/diariodominicano.com\/index.php?rest_route=\/wp\/v2\/users\/3"}],"replies":[{"embeddable":true,"href":"https:\/\/diariodominicano.com\/index.php?rest_route=%2Fwp%2Fv2%2Fcomments&post=37382"}],"version-history":[{"count":0,"href":"https:\/\/diariodominicano.com\/index.php?rest_route=\/wp\/v2\/posts\/37382\/revisions"}],"wp:attachment":[{"href":"https:\/\/diariodominicano.com\/index.php?rest_route=%2Fwp%2Fv2%2Fmedia&parent=37382"}],"wp:term":[{"taxonomy":"category","embeddable":true,"href":"https:\/\/diariodominicano.com\/index.php?rest_route=%2Fwp%2Fv2%2Fcategories&post=37382"},{"taxonomy":"post_tag","embeddable":true,"href":"https:\/\/diariodominicano.com\/index.php?rest_route=%2Fwp%2Fv2%2Ftags&post=37382"}],"curies":[{"name":"wp","href":"https:\/\/api.w.org\/{rel}","templated":true}]}}