{"id":37378,"date":"2007-03-21T17:55:20","date_gmt":"2007-03-21T17:55:20","guid":{"rendered":"http:\/\/diariodominicano.ddns.net\/?p=37378"},"modified":"2007-03-21T17:55:20","modified_gmt":"2007-03-21T17:55:20","slug":"los-temas-de-teledebate-22","status":"publish","type":"post","link":"https:\/\/diariodominicano.com\/?p=37378","title":{"rendered":"LOS TEMAS DE TELEDEBATE"},"content":{"rendered":"<p><body><\/p>\n<p class=\"titulogrande1\"><em>LOS TEMAS DE TELEDEBATE<\/em><\/p>\n<p>&#13;<\/p>\n<p align=\"justify\" class=\"text1noticias\"><em><strong>BRUGAL.\u00a0 <\/strong><\/em>El Fondo  para la Educaci\u00f3n  y la Investigaci\u00f2in  ha dejado abierta la solicitud de fondos para los trabajos de investigaci\u00f3n.  Una singular oportunidad para los cerebros privilegiados dotados del inter\u00e9s y  tes\u00f3n que se exige en ese campo para obtener hasta 500 mil pesos de  financiamiento para proyectos que re\u00f9nan los requisitos exigidos.\u00a0<br \/>&#13;<br \/>\n  <br \/> &#13;<br \/>\nLas \u00e0reas prioritarias son: energ\u00eda  renovable, recursos naturales y asuntos medioambientales, comunicaciones e  inform\u00e1tica, matem\u00e1ticas, gram\u00e1tica y ciencias, tratado de libre comercio y  negocios en el nuevo orden econ\u00f2mico, desarrollo e innovaci\u00f3n tecnol\u00f3gica y  dise\u00f1o industrial.\u00a0 La fecha l\u00ecmite de  aplicaci\u00f3n es el 13 de Abril.\u00a0 Un  excelente aporte del Fondo Brugal para estimular nuestro talento creativo.<\/p>\n<p>&#13;<\/p>\n<p align=\"justify\" class=\"text1noticias\"><em><strong>ABSURDO.<\/strong><\/em>\u00a0 La sanci\u00f3n que se le impuso al m\u00e8dico jefe de  audiometr\u00eda del Instituto Dominicano de Seguros Sociales por el hecho de  revelar en la prensa que a ese departamento le faltaba el aud\u00edmetro para medir  el grado de audici\u00f3n de los pacientes fue un completo absurdo. Mucho m\u00e0s,  cuando ese mismo d\u00eca se estaban disponiendo fondos para la adquisici\u00f3n de ese  mismo equipo, se\u00f1al m\u00e0s que evidente de que al galeno le sobraba raz\u00f3n. Sus  compa\u00f1eros hicieron bien en respaldarlo.\u00a0  Y quienes dispusieron la arbitraria sanci\u00f3n de sancionarlo con un mes de  salario, bien har\u00ecan en rectificar y echar abajo esa disposici\u00f3n mordaza. Si no  fuera por la prensa sirviendo de caja de resonancia a las denuncias proveniente  de su seno ya el Instituto hubiese desaparecido definitivamente hundido en la  corrupci\u00f2n, el clientelismo pol\u00edtico y la vagabunder\u00eca.<\/p>\n<p>&#13;<\/p>\n<p align=\"justify\" class=\"text1noticias\"><em><strong>CEA.<\/strong><\/em>\u00a0 El Director Ejecutivo del CEA anunci\u00f2 el  arrendamiento de los ingenios Consuelo, Quisqueya, Santa Fe y Porvenir a un  consorcio integrado por los principales due\u00f1os del Central Romana y el Grupo  Vicini. Las metas son producir 100 mil toneladas de az\u00facar, 50 millones de  galones de etanol y 60 megas de energ\u00eda a partir del bagazo de la ca\u00f1a.\u00a0 La inversi\u00f2n proyectada oscilar\u00e0 entre 600 y  800 millones de d\u00f3lares y se estima ser\u00e0n creados unos 28 mil empleos  principalmente en la provincia de San Pedro de Macor\u00eds.\u00a0\u00a0 Una buena se\u00f1al de confianza en el pa\u00ecs.<\/p>\n<p>&#13;<\/p>\n<p align=\"justify\" class=\"text1noticias\"><em><strong>MANOS AMPUTADAS.\u00a0<\/strong><\/em> De justicia es poner cada cosa en su sitio.  Cuando se dict\u00f2 fall\u00f2 en d\u00ecas recientes disponiendo el cese de prisi\u00f3n a cambio  de una fianza de un abusador que secuestr\u00f2 y amput\u00f2 ambas manos a una  infortunada joven de 19 a\u00f1os quien se neg\u00f2 a restablecer la rota relaci\u00f2n entre  ambos, sobre la jueza autora del mismo llovieron las cr\u00ecticas.\u00a0 Posteriormente, ella dej\u00f2 bien claro que con  el nuevo C\u00f3digo nadie puede estar m\u00e0s de un a\u00f1o en prisi\u00f3n preventiva sin haber  sido juzgado, por lo que no le qued\u00f2 m\u00e0s remedio que disponer la excarcelaci\u00f3n  del reo.\u00a0 El fallo sin embargo, es m\u00e0s  te\u00f3rico que real.\u00a0 La magistrada busc\u00f2  una f\u00f2rmula que hace bien dif\u00eccil, por no decir imposible, que el autor de esta  acci\u00f2n repulsiva y b\u00e1rbara pueda abrir las rejas de la c\u00e0rcel. Para lograrlo  tendr\u00e0 que buscar nada menos que siete millones de pesos.\u00a0 <\/p>\n<p>&#13;<\/p>\n<p align=\"justify\" class=\"text1noticias\"><em><strong>FELIX CALVO. <\/strong><\/em>A F\u00e8lix Calvo, ex  vicegobernador del Banco Central en \u00e8pocas de Hip\u00f3lito Mej\u00eca, parece haberle  picado tremenda avispa.\u00a0 El hombre ha  bajado duro y curvero de verdad, afirmando que graves errores en el equipo  econ\u00f2mico del controversial \u201cguapo de Gurabo\u201d fueron los responsables de la  derrota de su proyecto reeleccionista.\u00a0<br \/>&#13;<br \/>\n  <br \/>  &#13;<br \/>\nSus palabras textuales: \u201cHubo 10 equipos, 20 enemigos, 30 gentes  haciendo las cosas por su cuenta y otros haci\u00e8ndole guerrillas al que intenta  tomar medidas de pol\u00edticas sanas\u201d.\u00a0 Como  si fuese poco, Calvo afirma que la compra de Uni\u00f3n Fenosa fue un gran negocio  para la empresa espa\u00f1ola que para entonces estaba en virtual estado de quiebra.  El economista sostiene que alg\u00fan d\u00eca la historia econ\u00f3mica deber\u00e0 aclarar esta  operaci\u00f3n.\u00a0 Despu\u00e8s de estos torpedos y  misiles, solo queda repetir aquello de no m\u00e0s palabras magistrado.<\/p>\n<p>&#13;<\/p>\n<p align=\"justify\" class=\"text1noticias\"><em><strong>FRANKLIN ALMEIDA.<\/strong><\/em> El Secretario  de Interior y Polic\u00eca al parecer le ha subido la presi\u00f3n en estos d\u00ecas, quiz\u00e0s  como consecuencia de la campa\u00f1a interna en el seno del PLD.\u00a0 El hombre no ha cesado de lanzar torpedos en  cadena contra todo lo que se mueve, las m\u00e0s de las veces con resultados que en  nada favorecen a \u00e8l ni al gobierno.Primero dijo que el PLD estaba pareci\u00e9ndose  cada vez m\u00e0s al PRD.\u00a0\u00a0 Luego lanz\u00f2 una  acusaci\u00f2n sin la menor sustentaci\u00f3n de pruebas contra el sector cervecero,  principal contribuyente al fisco, responsabiliz\u00e1ndolo de una campa\u00f1a contra los  alcohol\u00ecmetros. M\u00e0s tarde, declar\u00f2 que \u00e8stos se instalar\u00ecan en los centros de  bebida y diversi\u00f3n para que cada persona que hubiese ingerido tragos antes de  abandonar el local se tomase el mismo la prueba para saber si estaba en  condiciones de conducir, pero adem\u00e1s pretendiendo responsabilizar  solidariamente a los propietarios de los negocios en caso de violaci\u00f2n.\u00a0 Pero donde realmente perdi\u00f2 la compostura, la  pista y la visi\u00f2n, fue al marcharle de frente a los obispos que se pronunciaron  en contra de la reelecci\u00f3n, acus\u00e0ndolos de partidistas. Si hubiese dejado pasar  la bola, nada hubiese pasado. Pero al adversar y tratar de descalificar a los  prelados provoc\u00f2 una reacci\u00f3n en cadena por l\u00f3gica solidaridad dejando ahora la  impresi\u00f3n`de que existen un virtual estado de confrontaci\u00f3n de la Iglesia contra el gobierno  y el proyecto reeleccionista del Presidente Fern\u00e1ndez, un grav\u00edsimo error  pol\u00edtico.<\/p>\n<p>&#13;<\/p>\n<p align=\"justify\" class=\"text1noticias\"><em><strong>ROBO DE VEH\u00cdCULO.<\/strong><\/em>\u00a0 Se denuncia el robo de un Toyota Camry de  1988, azul claro,placa A398345,propiedad de Marilda Santos. El hecho se produjo  en la Heriberto N\u00fa\u00f1ez  34, Urbanizaci\u00f3n Fern\u00e1ndez, detr\u00e0s del Supermercado Bravo el pasado 6 de Marzo  a las 8 y 50 a.m.  Cualquier informaci\u00f2n sobre el veh\u00edculo ser\u00e0 apreciada en los tel\u00e9fonos 809 592  1271, 809 412 2471 y el celular 809 868 8238.<\/p>\n<p>&#13;<\/p>\n<h6> 2007-03-21 17:55:20 <\/h6>\n<p><!--\n<link rel=\"stylesheet\" href=\"css\/bootstrap.min.css\">\n\n\n<ul class=\"pagination\">\n\t    \n\t\n\n<li >\n\t<a href='?page_no=13146'>Previous<\/a>\n\t<\/li>\n\n\n       \n    \n\n<li><a href='?page_no=1'>1<\/a><\/li>\n\n\n\n<li><a href='?page_no=2'>2<\/a><\/li>\n\n\n\n<li><a>...<\/a><\/li>\n\n\n\n<li><a href='?page_no=13145'>13145<\/a><\/li>\n\n\n\n<li><a href='?page_no=13146'>13146<\/a><\/li>\n\n\n\n<li class='active'><a>13147<\/a><\/li>\n\n\n\n<li><a href='?page_no=13148'>13148<\/a><\/li>\n\n\n\n<li><a href='?page_no=13149'>13149<\/a><\/li>\n\n\n\n<li><a>...<\/a><\/li>\n\n\n\n<li><a href='?page_no=13611'>13611<\/a><\/li>\n\n\n\n<li><a href='?page_no=13612'>13612<\/a><\/li>\n\n    \n\t\n\n<li >\n\t<a href='?page_no=13148'>Next<\/a>\n\t<\/li>\n\n\n    \n\n<li><a href='?page_no=13612'>Last &rsaquo;&rsaquo;<\/a><\/li>\n\n<\/ul>\n\n\n--><br \/>\n<\/body><\/p>\n","protected":false},"excerpt":{"rendered":"<p>LOS TEMAS DE TELEDEBATE &#13; BRUGAL.\u00a0 El Fondo para la Educaci\u00f3n y la Investigaci\u00f2in ha dejado abierta la solicitud de fondos para los trabajos de investigaci\u00f3n. Una singular oportunidad para los cerebros privilegiados dotados del inter\u00e9s y tes\u00f3n que se exige en ese campo para obtener hasta 500 mil pesos de financiamiento para proyectos que [&hellip;]<\/p>\n","protected":false},"author":3,"featured_media":0,"comment_status":"open","ping_status":"open","sticky":false,"template":"","format":"standard","meta":{"footnotes":""},"categories":[16],"tags":[],"class_list":["post-37378","post","type-post","status-publish","format-standard","hentry","category-opiniones"],"_links":{"self":[{"href":"https:\/\/diariodominicano.com\/index.php?rest_route=\/wp\/v2\/posts\/37378","targetHints":{"allow":["GET"]}}],"collection":[{"href":"https:\/\/diariodominicano.com\/index.php?rest_route=\/wp\/v2\/posts"}],"about":[{"href":"https:\/\/diariodominicano.com\/index.php?rest_route=\/wp\/v2\/types\/post"}],"author":[{"embeddable":true,"href":"https:\/\/diariodominicano.com\/index.php?rest_route=\/wp\/v2\/users\/3"}],"replies":[{"embeddable":true,"href":"https:\/\/diariodominicano.com\/index.php?rest_route=%2Fwp%2Fv2%2Fcomments&post=37378"}],"version-history":[{"count":0,"href":"https:\/\/diariodominicano.com\/index.php?rest_route=\/wp\/v2\/posts\/37378\/revisions"}],"wp:attachment":[{"href":"https:\/\/diariodominicano.com\/index.php?rest_route=%2Fwp%2Fv2%2Fmedia&parent=37378"}],"wp:term":[{"taxonomy":"category","embeddable":true,"href":"https:\/\/diariodominicano.com\/index.php?rest_route=%2Fwp%2Fv2%2Fcategories&post=37378"},{"taxonomy":"post_tag","embeddable":true,"href":"https:\/\/diariodominicano.com\/index.php?rest_route=%2Fwp%2Fv2%2Ftags&post=37378"}],"curies":[{"name":"wp","href":"https:\/\/api.w.org\/{rel}","templated":true}]}}