{"id":373779,"date":"2022-08-05T07:57:25","date_gmt":"2022-08-05T11:57:25","guid":{"rendered":"http:\/\/diariodominicano.com\/?p=373779"},"modified":"2022-08-05T07:57:25","modified_gmt":"2022-08-05T11:57:25","slug":"baez-escogido-presidente-de-la-republica-con-el-respaldo-de-santana","status":"publish","type":"post","link":"https:\/\/diariodominicano.com\/?p=373779","title":{"rendered":"B\u00e1ez escogido Presidente de la Rep\u00fablica con el respaldo de Santana"},"content":{"rendered":"\n<p><strong> <\/strong><\/p>\n\n\n\n<p>Por H\u00e9ctor Tineo Nolasco<\/p>\n\n\n\n<p>Diariodominicano.com<\/p>\n\n\n\n<p><\/p>\n\n\n\n<p>SANTO DOMINGO, el \u00a05 de agosto de 1849, se hizo efectiva la convocatoria del Congreso Nacional para escoger este  d\u00eda el nuevo Presidente de la Rep\u00fablica. El ganador fue Buenaventura B\u00e1ez,\u00a0 quien se desempe\u00f1aba como presidente del Congreso Nacional.<\/p>\n\n\n\n<p>\u00a0\u00a0 \u00a0\u00a0\u00a0\u00a0\u00a0\u00a0 Tras  la ca\u00edda del Presidente Manuel Jimenes,\u00a0 el 29 de mayo de 1849, las del 5 de agosto fueron las segundas elecciones convocadas por la voluntad del encargado del Poder Ejecutivo,\u00a0 general Pedro Santana.<\/p>\n\n\n\n<p>&nbsp;&nbsp; &nbsp;&nbsp;&nbsp;&nbsp;&nbsp;&nbsp; En las primeras celebradas el 5 de julio de 1849, fue electo Presidente el ciudadano Santiago Espaillat, quien declin\u00f3.<\/p>\n\n\n\n<p>&nbsp;&nbsp; &nbsp;&nbsp;&nbsp;&nbsp;&nbsp;&nbsp; Las elecciones del 5 de agosto hab\u00edan sido convocadas&nbsp; por el General Pedro Santana, quien encabez\u00f3 una revuelta armada que oblig\u00f3 al Presidente Manuel Jimenes a entregar el poder el 29 de mayo de 1849.<\/p>\n\n\n\n<p>&nbsp;&nbsp;&nbsp; &nbsp;&nbsp;&nbsp;&nbsp;&nbsp; A partir del 30 de Mayo de 1849 Pedro Santana tom\u00f3 el Poder Ejecutivo.<\/p>\n\n\n\n<p>&nbsp;&nbsp;&nbsp;&nbsp;&nbsp; En las elecciones iniciadas el 5 de julio de 1849, fue electo Presidente de la Rep\u00fablica, Buenaventura B\u00e1ez,&nbsp; quien se desempe\u00f1aba como presidente del Congreso Nacional.<\/p>\n\n\n\n<p>La candidatura de Buenaventura B\u00e1ez, quien contribuy\u00f3 a la ca\u00edda del Presidente Manuel Jimenes,&nbsp; era promovida por el general Pedro Santana.<\/p>\n\n\n\n<p>&nbsp;&nbsp;&nbsp; En efecto el proceso culmin\u00f3 con el triunfo de su candidatura el d\u00eda 18 de agosto de 1849.<\/p>\n\n\n\n<p>&nbsp;&nbsp;&nbsp;&nbsp; Cuando&nbsp; Santiago Espaillat fue electo Presidente el 5 de julio,&nbsp; aleg\u00f3 para no asumir la jefatura del Estado, razones de edad y salud.<\/p>\n\n\n\n<p>\u00a0\u00a0\u00a0\u00a0\u00a0\u00a0 El ciudadano\u00a0 Santiago Espaillat\u00a0 hab\u00eda sido escogido para el cargo por el encargado del Poder Ejecutivo, general\u00a0 Pedro Santana. El historiador Frank Moya Pons, en su obra\u00a0 Manual de Historia Dominicana, expresa el criterio de\u00a0 que Espaillat  declin\u00f3 la Presidencia a conciencia de que si no lo hac\u00eda, se convertir\u00eda en un t\u00edtere del Jefe del Ej\u00e9rcito.<\/p>\n\n\n\n<p>\u00a0\u00a0\u00a0 Ante esa situaci\u00f3n, el Congreso Nacional convoc\u00f3 a nuevas elecciones para el 5 de agosto de 1849.<\/p>\n\n\n\n<p>&nbsp;&nbsp;&nbsp; Cuando Pedro Santana se hizo cargo del Poder Ejecutivo el 30 de mayo de 1849, proclam\u00f3 que lo hizo \u201cpor mandato de los pueblos y el Ej\u00e9rcito\u201d.<\/p>\n\n\n\n<p>&nbsp;&nbsp; Durante ese per\u00edodo desat\u00f3 una campa\u00f1a de represi\u00f3n contra sus adversarios. Algunos pudieron salir al exilio.<\/p>\n\n\n\n<p>&nbsp;&nbsp;&nbsp; En las&nbsp; decisiones&nbsp; el&nbsp; autoritarismo de Pedro Santana fue evidente.<\/p>\n","protected":false},"excerpt":{"rendered":"<p>Por H\u00e9ctor Tineo Nolasco Diariodominicano.com SANTO DOMINGO, el \u00a05 de agosto de 1849, se hizo efectiva la convocatoria del Congreso Nacional para escoger este d\u00eda el nuevo Presidente de la Rep\u00fablica. El ganador fue Buenaventura B\u00e1ez,\u00a0 quien se desempe\u00f1aba como presidente del Congreso Nacional. \u00a0\u00a0 \u00a0\u00a0\u00a0\u00a0\u00a0\u00a0 Tras la ca\u00edda del Presidente Manuel Jimenes,\u00a0 el 29 [&hellip;]<\/p>\n","protected":false},"author":28,"featured_media":366684,"comment_status":"closed","ping_status":"","sticky":true,"template":"","format":"standard","meta":{"footnotes":""},"categories":[26,27],"tags":[],"class_list":["post-373779","post","type-post","status-publish","format-standard","has-post-thumbnail","hentry","category-efemerides","category-portada"],"_links":{"self":[{"href":"https:\/\/diariodominicano.com\/index.php?rest_route=\/wp\/v2\/posts\/373779","targetHints":{"allow":["GET"]}}],"collection":[{"href":"https:\/\/diariodominicano.com\/index.php?rest_route=\/wp\/v2\/posts"}],"about":[{"href":"https:\/\/diariodominicano.com\/index.php?rest_route=\/wp\/v2\/types\/post"}],"author":[{"embeddable":true,"href":"https:\/\/diariodominicano.com\/index.php?rest_route=\/wp\/v2\/users\/28"}],"replies":[{"embeddable":true,"href":"https:\/\/diariodominicano.com\/index.php?rest_route=%2Fwp%2Fv2%2Fcomments&post=373779"}],"version-history":[{"count":1,"href":"https:\/\/diariodominicano.com\/index.php?rest_route=\/wp\/v2\/posts\/373779\/revisions"}],"predecessor-version":[{"id":373780,"href":"https:\/\/diariodominicano.com\/index.php?rest_route=\/wp\/v2\/posts\/373779\/revisions\/373780"}],"wp:featuredmedia":[{"embeddable":true,"href":"https:\/\/diariodominicano.com\/index.php?rest_route=\/wp\/v2\/media\/366684"}],"wp:attachment":[{"href":"https:\/\/diariodominicano.com\/index.php?rest_route=%2Fwp%2Fv2%2Fmedia&parent=373779"}],"wp:term":[{"taxonomy":"category","embeddable":true,"href":"https:\/\/diariodominicano.com\/index.php?rest_route=%2Fwp%2Fv2%2Fcategories&post=373779"},{"taxonomy":"post_tag","embeddable":true,"href":"https:\/\/diariodominicano.com\/index.php?rest_route=%2Fwp%2Fv2%2Ftags&post=373779"}],"curies":[{"name":"wp","href":"https:\/\/api.w.org\/{rel}","templated":true}]}}