{"id":37377,"date":"2007-03-21T18:03:41","date_gmt":"2007-03-21T18:03:41","guid":{"rendered":"http:\/\/diariodominicano.ddns.net\/?p=37377"},"modified":"2007-03-21T18:03:41","modified_gmt":"2007-03-21T18:03:41","slug":"las-principales-en-teledebate-106","status":"publish","type":"post","link":"https:\/\/diariodominicano.com\/?p=37377","title":{"rendered":"LAS PRINCIPALES EN TELEDEBATE"},"content":{"rendered":"<p><body><\/p>\n<p align=\"justify\"><span class=\"titulogrande1\"><em>LAS PRINCIPALES EN TELEDEBATE<\/em><\/span><br \/>&#13;<br \/>\n  <br \/>&#13;<br \/>\n    <span class=\"Estilo5\">Lunes  17,03,07<\/span><br \/>&#13;<br \/>\n<br \/>&#13;<br \/>\n<span class=\"text1noticias\"><em><strong>DERECHO A SABER.\u00a0<\/strong><\/em> La  gasolina sube por s\u00e9ptima semana consecutiva mientras el petr\u00f3leo acus\u00f2 una  baja la pasada semana.\u00a0 No obstante ello,  no hay ninguna explicaci\u00f2n oficial.\u00a0 La  gente se merece saber y al gobierno debe interesarle mantenerla debidamente  informada sobre todo en situaciones que resultan en apariencia incongruentes.<\/span><\/p>\n<p>&#13;<\/p>\n<p align=\"justify\" class=\"text1noticias\"><em><strong>NO SE LE APRET\u00d2 EL PECHO.<\/strong><\/em> Mientras los dirigentes choferiles eran interrogados en la Fiscal\u00eca el pasado  viernes a petici\u00f3n de ellos mismos, se produjo un nuevo paro del transporte  p\u00f9blico por parte de los sindicatos empresariales involucrados as\u00ec como una  agresiva demostraci\u00f3n`frente a la fiscal\u00eca. Por suerte al titular de \u00e8sta,  Perfecto Acosta, no se le apret\u00f2 el pecho para hacer su trabajo.<\/p>\n<p>&#13;<\/p>\n<p align=\"justify\" class=\"text1noticias\"><em><strong>GERMEN DE DISCORDIA.<\/strong><\/em> No ocurre  solo en pol\u00edtica. El germen de las discordia y la divisi\u00f2n internas no son  privilegio exclusivo de los partidos pol\u00edticos. Ejemplos: la renuncia del  ejecutivo completo de la FINJUS  y la disputa de los accionistas del Centro M\u00e8dico Real involucrados en una  fuerte controversia p\u00f9blica por el control de la empresa. <\/p>\n<p>&#13;<\/p>\n<p align=\"justify\" class=\"text1noticias\"><em><strong>\u00bfFOTOCOPIA DEL PRD? <\/strong><\/em>En tanto,  se agudiza la pugna interna en el seno del PLD.\u00a0  Este fin de semana, Danilo Medina subi\u00f2 de tono su discurso varios  decibeles al calificar de sucios a dirigentes y activistas de su corriente a  los que no identific\u00f2, quienes se habr\u00ecan pasado al bando reeleccionista.\u00a0 A este paso, el PLD terminar\u00e0 de convertirse  en una fotocopia del PRD.<\/p>\n<p>&#13;<\/p>\n<p align=\"justify\" class=\"text1noticias\"><em><strong>NUEVO PARQUE INDUSTRIAL. <\/strong><\/em>Excelente la noticia de que en La   Canela, en Santiago, se levanta un parque industrial a la  carrera, que entrar\u00eca en operaci\u00f3n el pr\u00f2ximo mes de junio, donde se instalar\u00e0n  unas 200 peque\u00f1as y medianas empresas. La inversi\u00f2n es de 135 millones de pesos  y se estima que habr\u00e0 de generar cuatro mil nuevos empleos.<br \/>&#13;<br \/>\n  \u00a0<br \/>&#13;<br \/>\n  <em><strong>EL TAPON DEL NCF:<\/strong><\/em> Hablando de  los peque\u00f1os y medianos empresarios, la Federaci\u00f3n de Comerciantes Dominicanos atribuye  una baja significativa en sus ventas al tap\u00f2n creado en esos niveles de  mercadeo por el Nuevo Comprobante Fiscal.\u00a0  Mientras sectores representativos de la agropecuaria reclaman una  amnist\u00eda fiscal.<\/p>\n<p>&#13;<\/p>\n<p align=\"justify\" class=\"text1noticias\"><em><strong>EVITEMOS LA ESPECULACI\u00d3N.<\/strong><\/em> Tambi\u00e8n  la propia Federaci\u00f3n adelanta que ya desde la pr\u00f3xima semana deber\u00e0 reflejarse  la baja en los precios de muchos productos de importaci\u00f3n libre, debido a la  entrada en vigencia del DR-CAFTA,\u00a0  Insistimos en que Industria y Comercio debe publicar un amplio listado  de los art\u00edculos exonerados para prevenir especulaci\u00f3n y abuso en los precios.<\/p>\n<p>&#13;<\/p>\n<p align=\"justify\" class=\"text1noticias\"><em><strong>SE NOS FUE DO\u00d1A ROSA.<\/strong><\/em>\u00a0 Rosa de Herrera fue la compa\u00f1era inseparable,  fiel y amante esposa de aquel gran maestro del periodismo dominicano que fue  don Rafael Herrera.\u00a0 No vivi\u00f2 a la sombra  del bien ganado prestigio de su esposo. Ella fue una dedicada educadora por  muchos a\u00f1os que supo conquistar por s\u00ec misma respeto y afecto.\u00a0 Hoy ya no est\u00e0 m\u00e0s entre nosotros.\u00a0 Descanse en paz.<\/p>\n<p>&#13;<\/p>\n<p align=\"justify\" class=\"text1noticias\"><em><strong>\u00bfNUEVO REY MIDAS?<\/strong><\/em> Carlos Slim,  el magnate mexicano que adquiri\u00f2 recientemente la propiedad total de Verizon  convertida ahora en Claro-Codetel por m\u00e0s de dos mil millones de d\u00f3lares,  obtuvo el pasado a\u00f1o ganancias por 19 mil millones de d\u00f3lares.\u00a0 Por lo visto, el hombre es pr\u00e1cticamente un  Midas que convierte en d\u00f3lares todo lo que toca. Veremos si aqu\u00ec pasa igual.<\/p>\n<p>&#13;<\/p>\n<p align=\"justify\" class=\"text1noticias\"><em><strong>BOCA ROTA FANFARRON.<\/strong><\/em> A la  imagen de Hugo Ch\u00e0vez no le ha ido muy bien \u00faltimamente. Nuestro Rafael Molina  Morillo,presidente de la SIP,lo  acusa de querer destruir la prensa libre, mientras que la prensa brasile\u00f1a lo  ataca duramente por oponerse al plan del Presidente Lula de impulsar la  producci\u00f2n de etanol. Uno de los medios lo llama \u201cboca rota fanfarr\u00f3n\u201d.\u00a0 Casi nada&#8230;<\/p>\n<p>&#13;<\/p>\n<p align=\"justify\" class=\"text1noticias\"><em><strong>LA PROPUESTA DE  AMABLE.\u00a0<\/strong><\/em> Amable Aristy formaliz\u00f2 su  esperada aspiraci\u00f2n a la nominaci\u00f3n presidencial por el Partido  Reformista.\u00a0 En su discurso abog\u00f2 porque  ese partido deje de hacer de bisagra y se presente solo a la contienda  electoral.\u00a0 Veremos la reacci\u00f2n en el  seno de esa agrupaci\u00f3n, donde hay tantos negociadores entre los cuales siempre  ha figurado el propio Aristy.<\/p>\n<p>&#13;<\/p>\n<h6> 2007-03-21 18:03:41 <\/h6>\n<p><!--\n<link rel=\"stylesheet\" href=\"css\/bootstrap.min.css\">\n\n\n<ul class=\"pagination\">\n\t    \n\t\n\n<li >\n\t<a href='?page_no=13145'>Previous<\/a>\n\t<\/li>\n\n\n       \n    \n\n<li><a href='?page_no=1'>1<\/a><\/li>\n\n\n\n<li><a href='?page_no=2'>2<\/a><\/li>\n\n\n\n<li><a>...<\/a><\/li>\n\n\n\n<li><a href='?page_no=13144'>13144<\/a><\/li>\n\n\n\n<li><a href='?page_no=13145'>13145<\/a><\/li>\n\n\n\n<li class='active'><a>13146<\/a><\/li>\n\n\n\n<li><a href='?page_no=13147'>13147<\/a><\/li>\n\n\n\n<li><a href='?page_no=13148'>13148<\/a><\/li>\n\n\n\n<li><a>...<\/a><\/li>\n\n\n\n<li><a href='?page_no=13611'>13611<\/a><\/li>\n\n\n\n<li><a href='?page_no=13612'>13612<\/a><\/li>\n\n    \n\t\n\n<li >\n\t<a href='?page_no=13147'>Next<\/a>\n\t<\/li>\n\n\n    \n\n<li><a href='?page_no=13612'>Last &rsaquo;&rsaquo;<\/a><\/li>\n\n<\/ul>\n\n\n--><br \/>\n<\/body><\/p>\n","protected":false},"excerpt":{"rendered":"<p>LAS PRINCIPALES EN TELEDEBATE&#13; &#13; Lunes 17,03,07&#13; &#13; DERECHO A SABER.\u00a0 La gasolina sube por s\u00e9ptima semana consecutiva mientras el petr\u00f3leo acus\u00f2 una baja la pasada semana.\u00a0 No obstante ello, no hay ninguna explicaci\u00f2n oficial.\u00a0 La gente se merece saber y al gobierno debe interesarle mantenerla debidamente informada sobre todo en situaciones que resultan en [&hellip;]<\/p>\n","protected":false},"author":3,"featured_media":0,"comment_status":"open","ping_status":"open","sticky":false,"template":"","format":"standard","meta":{"footnotes":""},"categories":[16],"tags":[],"class_list":["post-37377","post","type-post","status-publish","format-standard","hentry","category-opiniones"],"_links":{"self":[{"href":"https:\/\/diariodominicano.com\/index.php?rest_route=\/wp\/v2\/posts\/37377","targetHints":{"allow":["GET"]}}],"collection":[{"href":"https:\/\/diariodominicano.com\/index.php?rest_route=\/wp\/v2\/posts"}],"about":[{"href":"https:\/\/diariodominicano.com\/index.php?rest_route=\/wp\/v2\/types\/post"}],"author":[{"embeddable":true,"href":"https:\/\/diariodominicano.com\/index.php?rest_route=\/wp\/v2\/users\/3"}],"replies":[{"embeddable":true,"href":"https:\/\/diariodominicano.com\/index.php?rest_route=%2Fwp%2Fv2%2Fcomments&post=37377"}],"version-history":[{"count":0,"href":"https:\/\/diariodominicano.com\/index.php?rest_route=\/wp\/v2\/posts\/37377\/revisions"}],"wp:attachment":[{"href":"https:\/\/diariodominicano.com\/index.php?rest_route=%2Fwp%2Fv2%2Fmedia&parent=37377"}],"wp:term":[{"taxonomy":"category","embeddable":true,"href":"https:\/\/diariodominicano.com\/index.php?rest_route=%2Fwp%2Fv2%2Fcategories&post=37377"},{"taxonomy":"post_tag","embeddable":true,"href":"https:\/\/diariodominicano.com\/index.php?rest_route=%2Fwp%2Fv2%2Ftags&post=37377"}],"curies":[{"name":"wp","href":"https:\/\/api.w.org\/{rel}","templated":true}]}}