{"id":37376,"date":"2007-03-21T18:11:44","date_gmt":"2007-03-21T18:11:44","guid":{"rendered":"http:\/\/diariodominicano.ddns.net\/?p=37376"},"modified":"2007-03-21T18:11:44","modified_gmt":"2007-03-21T18:11:44","slug":"el-tiro-rapido-415","status":"publish","type":"post","link":"https:\/\/diariodominicano.com\/?p=37376","title":{"rendered":"EL TIRO RAPIDO"},"content":{"rendered":"<p><body><\/p>\n<p><span class=\"titulogrande1\"><em>-EL TIRO RAPIDO-<\/em><\/span><br \/>&#13;<br \/>\n  <br \/>&#13;<br \/>\n    <span class=\"textopq1\"><em>de<\/em><\/span><br \/>&#13;<br \/>\n  <br \/>&#13;<br \/>\n  <span class=\"textogrande\"><em>Mario  Rivadulla<\/em><\/span><\/p>\n<p>&#13;<\/p>\n<p align=\"justify\" class=\"text1noticias\">Bien hizo el Presidente Leonel Fern\u00e1ndez, en el discurso  que pronunci\u00f2 en la reci\u00e8n celebrada cumbre antidrogas\u00a0 a la que servimos de anfitriones, en se\u00f1alar  que despu\u00e8s del 11 de Septiembre del 2001, fecha infausta del destructivo  ataque terrorista a las Torres Gemelas de Nueva York, la vigilancia de los  cuerpos especializados estadounidenses en la lucha contra el narcotr\u00e1fico  descendi\u00f2 un sesenta y dos porciento en el \u00e0rea del Caribe.\u00a0 El dato est\u00e0 bien documentado y procede de  las propias fuentes autorizadas de los Estados Unidos.<\/p>\n<p>&#13;<\/p>\n<p align=\"justify\" class=\"text1noticias\">Sus afirmaciones en tan  importante foro, donde estaba presente precisamente el embajador norteamericano  Hans Hertell, vinieron muy a punto y de hecho constituyen una respuesta, m\u00e0s  que simple reproche, al se\u00f1alamiento de que el tr\u00e0fico de estupefacientes se ha  cuadriplicado en la regi\u00f2n. <\/p>\n<p>&#13;<\/p>\n<p align=\"justify\" class=\"text1noticias\">De cierto que la cantidad de  droga trasegada por esta agua ha aumentado de manera significativa.\u00a0 Pero no hay estad\u00edsticas coincidentes ni  manera de comprobar con exactitud en qu\u00e8 magnitud. As\u00ec, mientras las  autoridades norte\u00f1as estiman que asciende a m\u00e0s de cien toneladas por a\u00f1o las  que se reciben en Rep\u00f9blica Dominicana.\u00a0  una figura tan bien enterada del tema, sin embargo, como lo es el  diputado Pelegr\u00ecn Castillo, asegur\u00f2 en su comparecencia del pasado jueves en  TELEDEBATE que una cifra m\u00e0s real oscila entre las doscientas y trescientas  toneladas.\u00a0 Cual sea en definitiva, se  trata de una cantidad impresionante con un valor de miles de millones de  d\u00f3lares.<\/p>\n<p>&#13;<\/p>\n<p align=\"justify\" class=\"text1noticias\">Ahora bien: \u00bfSomos  nosotros,\u00a0 pa\u00ecses pobres, peque\u00f1os,  haciendo esfuerzos ingentes por salir del subdesarrollo como nosotros o de la  extrema miseria como Hait\u00ec,\u00a0 responsables  de esta situaci\u00f2n?\u00a0 Urgidos de grandes  apremios en \u00e0reas tan b\u00e1sicas como salud, educaci\u00f3n, vivienda digna y  trabajo&#8230;\u00bfPodemos acaso disponer de los recursos extraordinarios que reclama  enfrentar a los grandes y poderosos carteles de la droga internacional?\u00a0 <\/p>\n<p>&#13;<\/p>\n<p align=\"justify\" class=\"text1noticias\">En d\u00ecas recientes, el propio  embajador Hertell declar\u00f2 que los Estados Unidos asume como propio el problema  de la Rep\u00f9blica   Dominicana en el caso de las drogas.\u00a0 Se agradece el gesto. Pero ser\u00eca m\u00e0s propio y  ver\u00eddico decir que nosotros hemos debido asumir como propio el problema de las  drogas de los Estados Unidos, donde existe el mayor n\u00f9mero de consumidores y  hacia donde se dirige el grueso de los alijos de narc\u00f3ticos que se trafican a  trav\u00e8s de Rep\u00f9blica Dominicana.<\/p>\n<p>&#13;<\/p>\n<p align=\"justify\" class=\"text1noticias\">Nos hemos convertido en  v\u00ecctimas de un problema que no era nuestro, y que ha pasado a serlo por la  infortunada circunstancia de nuestra ubicaci\u00f3n geogr\u00e1fica en el Caribe, la  vulnerable frontera con Hait\u00ec y nuestra pobreza de recursos defensivos.\u00a0 Hoy no solo hemos ca\u00ecdo en manos de los  carteles de la droga, sino que contamos con una gran cantidad de  microtraficantes barriales y decenas de miles de adictos, con un n\u00f9mero cada  vez mayor y m\u00e0s preocupante de adolescentes y ni\u00f1os involucrados, tanto en la  distribuci\u00f3n como en el consumo.<\/p>\n<p>&#13;<\/p>\n<p align=\"justify\" class=\"text1noticias\">Cierto que el problema tiene un  gran componente social, como bien recuerda con su habitual agudeza la pluma de  Adriano Miguel Tejada, en Diario Libre.\u00a0  Y que es preciso atacarlo de ra\u00ecz si queremos salir exitosos de esta  batalla, yendo a los barrios y ofreciendo a los potenciales futuros\u00a0 narco-pandilleros\u00a0 un ejemplo que permee hacia abajo,  oportunidades distintas de vida y reconocimiento social y una escala de  valores, hoy boca abajo, ubicada en la posici\u00f3n correcta.\u00a0 Tarea necesaria, indispensable, que es  preciso comenzar cuanto antes. Pero que por desgracia, no se completa de un d\u00eca  para otro. <\/p>\n<p>&#13;<\/p>\n<p align=\"justify\" class=\"text1noticias\">Hacen falta por tanto,\u00a0 las medidas de emergencia para tratar de  poner freno al tr\u00e0fico cada vez m\u00e0s intenso de estupefacientes por territorio  nacional.\u00a0 Para atajar el crecimiento  desbordado de la violencia criminal, a menudo s\u00e1dica como si quisiera cumplir  un ritual o dejar un mensaje,\u00a0 asociada  al narcotr\u00e1fico que ha tomado nuestro pedazo de isla como escenario  propicio.\u00a0 De reducir el aumento de los  actos delictivos que siempre trae aparejado el incremento del comercio y  consumo de drogas.<\/p>\n<p>&#13;<\/p>\n<p align=\"justify\" class=\"text1noticias\">Dentro de este contexto real,  actual, presente de exigencia inmediata,\u00a0  de medidas de contenci\u00f3n que permitir\u00e0n trabajar m\u00e0s a fondo en el  contexto social para corregir las principales causas del problema, hay que saludar  el compromiso adoptado por los presidentes participantes en la cumbre de  establecer estrategias comunes y sentar l\u00edneas de cooperaci\u00f3n m\u00e0s estrechas  para enfrentar el desaf\u00eco que representan los carteles.<\/p>\n<p>&#13;<\/p>\n<p align=\"justify\" class=\"text1noticias\">Esto as\u00ec, al tiempo de reclamar  de la comunidad internacional y de los propios Estados Unidos prestar ayuda en  unos casos e incrementarla en otros para sustentar y apuntalar los esfuerzos  que despliegan nuestros pa\u00ecses, en algunos casos a pura mano pelada para  combatir este grav\u00edsimo flagelo, del cual somos mucho m\u00e0s v\u00ecctimas que responsables.<\/p>\n<p>&#13;<\/p>\n<h6> 2007-03-21 18:11:44 <\/h6>\n<p><!--\n<link rel=\"stylesheet\" href=\"css\/bootstrap.min.css\">\n\n\n<ul class=\"pagination\">\n\t    \n\t\n\n<li >\n\t<a href='?page_no=13144'>Previous<\/a>\n\t<\/li>\n\n\n       \n    \n\n<li><a href='?page_no=1'>1<\/a><\/li>\n\n\n\n<li><a href='?page_no=2'>2<\/a><\/li>\n\n\n\n<li><a>...<\/a><\/li>\n\n\n\n<li><a href='?page_no=13143'>13143<\/a><\/li>\n\n\n\n<li><a href='?page_no=13144'>13144<\/a><\/li>\n\n\n\n<li class='active'><a>13145<\/a><\/li>\n\n\n\n<li><a href='?page_no=13146'>13146<\/a><\/li>\n\n\n\n<li><a href='?page_no=13147'>13147<\/a><\/li>\n\n\n\n<li><a>...<\/a><\/li>\n\n\n\n<li><a href='?page_no=13611'>13611<\/a><\/li>\n\n\n\n<li><a href='?page_no=13612'>13612<\/a><\/li>\n\n    \n\t\n\n<li >\n\t<a href='?page_no=13146'>Next<\/a>\n\t<\/li>\n\n\n    \n\n<li><a href='?page_no=13612'>Last &rsaquo;&rsaquo;<\/a><\/li>\n\n<\/ul>\n\n\n--><br \/>\n<\/body><\/p>\n","protected":false},"excerpt":{"rendered":"<p>-EL TIRO RAPIDO-&#13; &#13; de&#13; &#13; Mario Rivadulla &#13; Bien hizo el Presidente Leonel Fern\u00e1ndez, en el discurso que pronunci\u00f2 en la reci\u00e8n celebrada cumbre antidrogas\u00a0 a la que servimos de anfitriones, en se\u00f1alar que despu\u00e8s del 11 de Septiembre del 2001, fecha infausta del destructivo ataque terrorista a las Torres Gemelas de Nueva York, [&hellip;]<\/p>\n","protected":false},"author":3,"featured_media":0,"comment_status":"open","ping_status":"open","sticky":false,"template":"","format":"standard","meta":{"footnotes":""},"categories":[16],"tags":[],"class_list":["post-37376","post","type-post","status-publish","format-standard","hentry","category-opiniones"],"_links":{"self":[{"href":"https:\/\/diariodominicano.com\/index.php?rest_route=\/wp\/v2\/posts\/37376","targetHints":{"allow":["GET"]}}],"collection":[{"href":"https:\/\/diariodominicano.com\/index.php?rest_route=\/wp\/v2\/posts"}],"about":[{"href":"https:\/\/diariodominicano.com\/index.php?rest_route=\/wp\/v2\/types\/post"}],"author":[{"embeddable":true,"href":"https:\/\/diariodominicano.com\/index.php?rest_route=\/wp\/v2\/users\/3"}],"replies":[{"embeddable":true,"href":"https:\/\/diariodominicano.com\/index.php?rest_route=%2Fwp%2Fv2%2Fcomments&post=37376"}],"version-history":[{"count":0,"href":"https:\/\/diariodominicano.com\/index.php?rest_route=\/wp\/v2\/posts\/37376\/revisions"}],"wp:attachment":[{"href":"https:\/\/diariodominicano.com\/index.php?rest_route=%2Fwp%2Fv2%2Fmedia&parent=37376"}],"wp:term":[{"taxonomy":"category","embeddable":true,"href":"https:\/\/diariodominicano.com\/index.php?rest_route=%2Fwp%2Fv2%2Fcategories&post=37376"},{"taxonomy":"post_tag","embeddable":true,"href":"https:\/\/diariodominicano.com\/index.php?rest_route=%2Fwp%2Fv2%2Ftags&post=37376"}],"curies":[{"name":"wp","href":"https:\/\/api.w.org\/{rel}","templated":true}]}}