{"id":37373,"date":"2007-03-23T16:16:10","date_gmt":"2007-03-23T16:16:10","guid":{"rendered":"http:\/\/diariodominicano.ddns.net\/?p=37373"},"modified":"2007-03-23T16:16:10","modified_gmt":"2007-03-23T16:16:10","slug":"latinoamerica-cadalso-de-periodistas","status":"publish","type":"post","link":"https:\/\/diariodominicano.com\/?p=37373","title":{"rendered":"Latinoam\u00e9rica, cadalso de periodistas"},"content":{"rendered":"<p><body><\/p>\n<p class=\"titulogrande1\"><em>Latinoam\u00e9rica, cadalso de periodistas<\/em><\/p>\n<p>&#13;<\/p>\n<p class=\"textogrande\"><em>Teodoro Renter\u00eda Arr\u00f3yave<\/em><\/p>\n<p>&#13;<\/p>\n<p align=\"justify\"><em><strong>ALAI AMLATINA, 22\/03\/2007, M\u00e9xico D.F.-\u00a0<\/strong><\/em> <span class=\"text1noticias\">Es de preocupaci\u00f3n contin\u00faa que \u00a0nuestra Latinoam\u00e9rica no s\u00f3lo contin\u00fae siendo  terreno f\u00e9rtil de todo tipo de agresiones a comunicadores, sino lo que es m\u00e1s  grave, que tenga \u00a0la prioridad en el mundo como cadalso de periodistas. Los hechos recientes que se suman a todos los anteriores engrosan las  listas l\u00fagubres y de todo tipo de atentados: un colega asesinado en  Per\u00fa y otro m\u00e1s\u00a0 agredido, uno en  desaparici\u00f3n forzosa en Colombia y uno m\u00e1s es amenazado\u00a0 en nuestro  dolorido M\u00e9xico que ostenta el vergonzoso primer lugar en el mundo en asesinatos, desapariciones y dem\u00e1s  agresiones a trabajadores de la prensa, y como siempre las autoridades  ajenas a estos preocupantes acontecimientos, de ah\u00ed la impunidad reinante  en la regi\u00f3n continental.<\/span><\/p>\n<p>&#13;<\/p>\n<p align=\"justify\" class=\"text1noticias\">En Per\u00fa, se nos informa, el periodista radial Miguel P\u00e9rez  Julca de 38 a\u00f1os, fue asesinado la noche del s\u00e1bado 17 de marzo de dos  disparos en la cabeza en las afueras de su domicilio en la urbanizaci\u00f3n  Las Palmeras, en Ja\u00e9n, departamento de Cajamarca. Fueron dos  sicarios sicarios los que dispararon contra el comunicador social,  quien trabajaba en el noticiero \u00abEl informativo del  pueblo\u00bb de Radio \u00c9xitos, en presencia de su esposa, Nelly Guevara Arrascue, quien fue  herida de un balazo en la rodilla izquierda, y de sus menores hijos  Yahir y Miguel.<\/p>\n<p>&#13;<\/p>\n<p align=\"justify\" class=\"text1noticias\">P\u00e9rez Julca se hab\u00eda dirigido muy temprano al centro de la  ciudad y, tras conversar con algunos amigos, regresaba a su domicilio  a reunirse con su familia. Los dos sujetos, a bordo de una moto, uno de  ellos, con la cara descubierta y rev\u00f3lver en mano, le dispar\u00f3 a  quemarropa en la cabeza. La hoy viuda Nelly Guevara Arrascue, precis\u00f3 que el  jueves 15 de marzo su esposo le inform\u00f3 que un carro blanco lo segu\u00eda,  pero que nunca imagin\u00f3 que lo asesinar\u00edan. <\/p>\n<p>&#13;<\/p>\n<p align=\"justify\" class=\"text1noticias\">El periodista Dar\u00edo Arizmendi Posada de 60 a\u00f1os, director de  noticias de la cadena colombiana, Caracol Radio, sali\u00f3 del pa\u00eds tras ser  avisado por las autoridades sobre un posible atentado contra su vida.  Seg\u00fan la cadena privada de radio colombiana, RCN, el periodista,  quien debi\u00f3 abandonar Bogot\u00e1 con su familia, sigue dirigiendo el espacio  informativo matutino desde un sitio sin precisar.<\/p>\n<p>&#13;<\/p>\n<p align=\"justify\" class=\"text1noticias\">El reportero gr\u00e1fico, Edwin G\u00f3mez, del diario \u00abLa Calle\u00bb y de la emisora Radio Estaci\u00f3n Wari, fue agredido, el \u00faltimo 10 de  marzo,\u00a0 por Yuri Revollar, secretario general del Sindicato \u00danico de  Trabajadores de la Educaci\u00f3n de Ayacucho, cuando el periodista intentaba  fotografiarlo durante una asamblea p\u00fablica. El reportero confirm\u00f3 que  Revollar lo insult\u00f3 para impedir que lo fotograf\u00ede. Al no hacerle caso,  el dirigente lo golpe\u00f3 en el brazo y le arrebat\u00f3 la c\u00e1mara. El aparato  fue da\u00f1ado.<\/p>\n<p>&#13;<\/p>\n<p align=\"justify\" class=\"text1noticias\">Y aqu\u00ed en nuestro pa\u00eds, los exgobernadores creen que tienen  permanente patente de corzo\u00a0 Por  segunda ocasi\u00f3n en menos de seis meses el es jefe del ejecutivo de Campeche, Jorge Salom\u00f3n Azar Garc\u00eda amenaz\u00f3  de muerte \u00a0al colega, Alexandro Arceo  Azar. La primera vez, nos relata amigo, a \u00a0gritos y en presencia de mi hija me pregunt\u00f3  \u00absi iba a heredar el pleito \u00a0de mi  padre\u00bb. Ante mi prudente silencio, su ira aument\u00f3. \u00abAqu\u00ed estoy, \u00a0eh\u00bb, farfull\u00f3. \u00abYo tambi\u00e9n estoy  aqu\u00ed, no te tengo ning\u00fan miedo\u00bb, ataj\u00e9.<\/p>\n<p>&#13;<\/p>\n<p align=\"justify\" class=\"text1noticias\">El pasado viernes por la tarde, de nuevo, ahora ante unas  se\u00f1oras que esperaban a sus hijos en el campo de f\u00fatbol M\u00e1rquez, se me  acerc\u00f3 retador y se\u00f1al\u00e1ndome con el \u00edndice, me grit\u00f3: \u00abEn el  pasqu\u00edn propiedad de tu familia siguen publicando que yo soy el ex gobernador  m\u00e1s ladr\u00f3n, esp\u00eda y sinverg\u00fcenza en la historia de Campeche, pero quiero  decirte que el m\u00e1s sinverg\u00fcenza que hay en Campeche es tu padre\u00bb.  Me limit\u00e9 a contestarle que sus alardes eran innecesarios, y que lo que  quisiera decir lo enviara por escrito a la redacci\u00f3n del peri\u00f3dico.<\/p>\n<p>&#13;<\/p>\n<p align=\"justify\" class=\"text1noticias\">Durante los a\u00f1os de batallas fiscales y legales enderezadas  contra TRIBUNA por este sujeto, apoyado en la sinraz\u00f3n del poder  que indebidamente ejerci\u00f3, he mostrado la cara. Los delitos  inventados durante su administraci\u00f3n contra quienes formamos parte de  este peri\u00f3dico cayeron como castillos de naipes. Con orgullo  puedo decir que de las m\u00e1s de diez auditor\u00edas que gestion\u00f3 ante Hacienda  para perseguir a mi familia, en ninguna se encontraron irregularidades. <br \/>&#13;<br \/>\n  <br \/>&#13;<br \/>\n  Con  todo el poder gubernamental en sus manos no pudo probar il\u00edcito  alguno.<\/p>\n<p>&#13;<\/p>\n<p align=\"justify\" class=\"text1noticias\">As\u00ed se dan las cosas en esta nuestra Latinoam\u00e9rica. \u00bfHasta  cuando, y es pregunta, las autoridades competentes actuaran de acuerdos a  las leyes de cada pa\u00eds y a los protocolos que han firmado con los  organismos internacionales en defensa de las libertades de prensa y  expresi\u00f3n y el derecho a la informaci\u00f3n de los pueblos?<\/p>\n<p>&#13;<\/p>\n<p align=\"justify\"><span class=\"text1noticias\">&#8211; Teodoro Renter\u00eda Arr\u00f3yave es periodista y escritor  mexicano, vicepresidente de la Federaci\u00f3n   Latinoamericana de Periodistas, FELAP.<br \/>&#13;<br \/>\n<\/span><br \/>&#13;<br \/>\n    <span class=\"ttmediao Estilo16\"><span class=\"Estilo20\">www.ciap-felap.org,\u00a0  www.fapermex.com<\/span><\/span><\/p>\n<p>&#13;<\/p>\n<h6> 2007-03-23 16:16:10 <\/h6>\n<p><!--\n<link rel=\"stylesheet\" href=\"css\/bootstrap.min.css\">\n\n\n<ul class=\"pagination\">\n\t    \n\t\n\n<li >\n\t<a href='?page_no=13141'>Previous<\/a>\n\t<\/li>\n\n\n       \n    \n\n<li><a href='?page_no=1'>1<\/a><\/li>\n\n\n\n<li><a href='?page_no=2'>2<\/a><\/li>\n\n\n\n<li><a>...<\/a><\/li>\n\n\n\n<li><a href='?page_no=13140'>13140<\/a><\/li>\n\n\n\n<li><a href='?page_no=13141'>13141<\/a><\/li>\n\n\n\n<li class='active'><a>13142<\/a><\/li>\n\n\n\n<li><a href='?page_no=13143'>13143<\/a><\/li>\n\n\n\n<li><a href='?page_no=13144'>13144<\/a><\/li>\n\n\n\n<li><a>...<\/a><\/li>\n\n\n\n<li><a href='?page_no=13611'>13611<\/a><\/li>\n\n\n\n<li><a href='?page_no=13612'>13612<\/a><\/li>\n\n    \n\t\n\n<li >\n\t<a href='?page_no=13143'>Next<\/a>\n\t<\/li>\n\n\n    \n\n<li><a href='?page_no=13612'>Last &rsaquo;&rsaquo;<\/a><\/li>\n\n<\/ul>\n\n\n--><br \/>\n<\/body><\/p>\n","protected":false},"excerpt":{"rendered":"<p>Latinoam\u00e9rica, cadalso de periodistas &#13; Teodoro Renter\u00eda Arr\u00f3yave &#13; ALAI AMLATINA, 22\/03\/2007, M\u00e9xico D.F.-\u00a0 Es de preocupaci\u00f3n contin\u00faa que \u00a0nuestra Latinoam\u00e9rica no s\u00f3lo contin\u00fae siendo terreno f\u00e9rtil de todo tipo de agresiones a comunicadores, sino lo que es m\u00e1s grave, que tenga \u00a0la prioridad en el mundo como cadalso de periodistas. Los hechos recientes que [&hellip;]<\/p>\n","protected":false},"author":3,"featured_media":0,"comment_status":"open","ping_status":"open","sticky":false,"template":"","format":"standard","meta":{"footnotes":""},"categories":[16],"tags":[],"class_list":["post-37373","post","type-post","status-publish","format-standard","hentry","category-opiniones"],"_links":{"self":[{"href":"https:\/\/diariodominicano.com\/index.php?rest_route=\/wp\/v2\/posts\/37373","targetHints":{"allow":["GET"]}}],"collection":[{"href":"https:\/\/diariodominicano.com\/index.php?rest_route=\/wp\/v2\/posts"}],"about":[{"href":"https:\/\/diariodominicano.com\/index.php?rest_route=\/wp\/v2\/types\/post"}],"author":[{"embeddable":true,"href":"https:\/\/diariodominicano.com\/index.php?rest_route=\/wp\/v2\/users\/3"}],"replies":[{"embeddable":true,"href":"https:\/\/diariodominicano.com\/index.php?rest_route=%2Fwp%2Fv2%2Fcomments&post=37373"}],"version-history":[{"count":0,"href":"https:\/\/diariodominicano.com\/index.php?rest_route=\/wp\/v2\/posts\/37373\/revisions"}],"wp:attachment":[{"href":"https:\/\/diariodominicano.com\/index.php?rest_route=%2Fwp%2Fv2%2Fmedia&parent=37373"}],"wp:term":[{"taxonomy":"category","embeddable":true,"href":"https:\/\/diariodominicano.com\/index.php?rest_route=%2Fwp%2Fv2%2Fcategories&post=37373"},{"taxonomy":"post_tag","embeddable":true,"href":"https:\/\/diariodominicano.com\/index.php?rest_route=%2Fwp%2Fv2%2Ftags&post=37373"}],"curies":[{"name":"wp","href":"https:\/\/api.w.org\/{rel}","templated":true}]}}