{"id":37372,"date":"2007-03-23T16:49:35","date_gmt":"2007-03-23T16:49:35","guid":{"rendered":"http:\/\/diariodominicano.ddns.net\/?p=37372"},"modified":"2007-03-23T16:49:35","modified_gmt":"2007-03-23T16:49:35","slug":"el-tiro-rapido-413","status":"publish","type":"post","link":"https:\/\/diariodominicano.com\/?p=37372","title":{"rendered":"EL TIRO RAPIDO"},"content":{"rendered":"<p><body><\/p>\n<p><span class=\"titulogrande1\"><em>EL TIRO RAPIDO<\/em><\/span><br \/>&#13;<br \/>\n  <br \/>&#13;<br \/>\n    <span class=\"textopq1\"><em>de<\/em><\/span><br \/>&#13;<br \/>\n  <br \/>&#13;<br \/>\n  <span class=\"textogrande\"><em>Mario Rivadulla<\/em><\/span><\/p>\n<p>&#13;<\/p>\n<p align=\"justify\" class=\"text1noticias\">Por a\u00f1os y de manera cada vez m\u00e0s acentuada y agresiva, un  grupo de organizaciones y activistas, tanto locales como extranjeros, han  venido desarrollando una campa\u00f1a sistem\u00e1tica contra el pa\u00ecs bajo el cargo de  violaciones de los derechos humanos, espec\u00edficamente con los inmigrantes  haitianos, en foros e instancias internacionales. Estos grupos reciben  generosos aportes econ\u00f3micos del exterior para financiar sus actividades.<\/p>\n<p>&#13;<\/p>\n<p align=\"justify\" class=\"text1noticias\">La m\u00e0s reciente acci\u00f2n emprendida contra el pa\u00ecs consisti\u00f2  en solicitar a la   Comisi\u00f3n Interamericana de Derechos Humanos que exija al  Estado Dominicano declararse racista.\u00a0 La  pretensi\u00f3n obviamente raya en lo absurdo y resulta a todas luces  inadmisible.\u00a0 Pero a\u00f9n en el hipot\u00e9tico y  dudoso caso de que fue acogida, exigir\u00eca del gobierno y el pueblo dominicanos  el m\u00e0s vigoroso rechazo.<\/p>\n<p>&#13;<\/p>\n<p align=\"justify\" class=\"text1noticias\">Por cierto que la gesti\u00f2n a que hacemos referencia tuvo  como escenario a Washington, donde estos grupos parecen disponer de varios  diligentes cabilderos en el Congreso y el Gobierno Norteamericanos.\u00a0 Parad\u00f3jicamente su reclamo se produce en  momentos en que el Departamento de Migraci\u00f3n de los Estados Unidos, conocido en  lenguaje coloquial como la \u201cmigra\u201d, ha desatado una cacer\u00eca contra los  inmigrantes ilegales busc\u00e1ndolos en sus centros de trabajo,\u00a0 llev\u00e1ndolos a prisi\u00f3n, separ\u00e1ndolos de sus  familias e iniciando los procesos de deportaci\u00f3n que inexorablemente les  devolver\u00e0n a sus pa\u00ecses de origen.<\/p>\n<p>&#13;<\/p>\n<p align=\"justify\" class=\"text1noticias\">La pertinaz campa\u00f1a de estos grupos sin dudas que ha  contribuido a presentar una imagen totalmente distorsionada de nuestro pa\u00ecs en  el exterior. Apelan a casos espec\u00edficos y espor\u00e1dicos, que se producen en todos  las latitudes, y de que pueden ser \u2013y son-\u00a0  victimas tanto los inmigrantes como los nacionales, para proyectar la  falsa impresi\u00f2n de que aqu\u00ec existen una pol\u00edtica de Estado\u00a0 y una disposici\u00f3n colectiva de perseguir y  maltratar a los haitianos, lo que dista mucho de la verdad.<\/p>\n<p>&#13;<\/p>\n<p align=\"justify\" class=\"text1noticias\">Silencian que por el contrario, Rep\u00f9blica Dominicana ha  cargado con el peso de la inmigraci\u00f3n ilegal haitiana que las naciones que los  apoyan en cambio, rechazan. Que decenas de miles de haitianos trabajan en la  agricultura, la construcci\u00f3n, el turismo y otras actividades sin que se les  acose ni moleste. Que gracias a ello han encontrado aqu\u00ec medios de subsistencia  de que carecen en su pa\u00ecs, y que su condici\u00f3n de vida en el peor de los casos  no lo es m\u00e0s que la de infinidad de dominicanos, tres millones de los cuales  viven por debajo de la l\u00ednea de pobreza.<br \/>&#13;<br \/>\n  <br \/>&#13;<br \/>\nTambi\u00e8n pasan por alto que Hait\u00ed no ha contado con un  cruzado m\u00e0s apasionado ni consistente que la Rep\u00f9blica Dominicana  en todos los eventos y tribunas internacionales, reclamando ayuda para que el  pueblo vecino pueda salir del estado de profunda miseria en que se desenvuelve  y articular un proyecto de estado y sociedad que sea viable.\u00a0 <\/p>\n<p>&#13;<\/p>\n<p align=\"justify\" class=\"text1noticias\">Frente a esta campa\u00f1a interesada, parcializada, de medias  verdades, exageraciones y falsedades el pa\u00ecs no puede seguir cruzado de brazos  soportando resignada y calladamente el caudal de acusaciones injustas de que  est\u00e0 siendo objeto de manera sistem\u00e1tica, cuyo pr\u00f2ximo episodio se anuncia  tendr\u00e0 efecto pr\u00f3ximamente en Paris con otro montaje de imputaciones similares.  Es hora de pasar a la contraofensiva en defensa de la naci\u00f3n y su imagen.\u00a0 As\u00ec como hemos sido y somos los principales  cruzados de la causa haitiana reclamando una y otra vez la ayuda solidaria de  la comunidad internacional para que el infortunado vecino pueda salir de su  postraci\u00f3n,\u00a0\u00a0 tenemos que serlo tambi\u00e8n de nuestra propia causa.<\/p>\n<p>&#13;<\/p>\n<p align=\"justify\" class=\"text1noticias\">La reciente visita del Presidente de Hait\u00ec, Ren\u00e8 Garc\u00eca  Pr\u00e8val, al pa\u00ecs, nos brinda una excelente oportunidad para iniciar esta  necesaria contraofensiva.\u00a0 Sus  expresiones de amistad y firmes deseos de alcanzar niveles de cooperaci\u00f3n y de  realizaci\u00f3n de obras de com\u00f9n beneficio para ambos pueblos vecinos, son una  demostraci\u00f3n de confianza y buenas relaciones con Rep\u00f9blica Dominicana lo que  no ser\u00eca posible si fu\u00e9semos o nos considerase un pa\u00ecs racista, y menos contra  sus propios connacionales.\u00a0\u00a0 Como para  que no quedasen dudas en este sentido,\u00a0  el estadista vecino sell\u00f2 su despedida con una r\u00f9brica categ\u00f3rica al  afirmar que aqu\u00ed ni se persigue ni se maltrata a los trabajadores  haitianos.\u00a0 M\u00e0s claro no pod\u00eca ser.<\/p>\n<p>&#13;<\/p>\n<p align=\"justify\" class=\"text1noticias\">La visita de Garc\u00eca Pr\u00e8val, su actitud y sus expresiones  constituyen el mejor testimonio que echa por tierra el trabajo de zapa en  contra de nuestra imagen internacional.\u00a0  Ella, insistimos, debe servir de valioso punto de partida para la  contraofensiva que estamos reclamando en defensa del pa\u00ecs, sin que esto sirva  de excusa en ning\u00f9n caso para silenciar la m\u00e0s vigorosa condena a todo acto  discriminatorio o abuso que pueda registrarse en contra de cualquier ciudadano  sin importar su nacionalidad, color ni status legal.<\/p>\n<p>&#13;<\/p>\n<h6> 2007-03-23 16:49:35 <\/h6>\n<p><!--\n<link rel=\"stylesheet\" href=\"css\/bootstrap.min.css\">\n\n\n<ul class=\"pagination\">\n\t    \n\t\n\n<li >\n\t<a href='?page_no=13140'>Previous<\/a>\n\t<\/li>\n\n\n       \n    \n\n<li><a href='?page_no=1'>1<\/a><\/li>\n\n\n\n<li><a href='?page_no=2'>2<\/a><\/li>\n\n\n\n<li><a>...<\/a><\/li>\n\n\n\n<li><a href='?page_no=13139'>13139<\/a><\/li>\n\n\n\n<li><a href='?page_no=13140'>13140<\/a><\/li>\n\n\n\n<li class='active'><a>13141<\/a><\/li>\n\n\n\n<li><a href='?page_no=13142'>13142<\/a><\/li>\n\n\n\n<li><a href='?page_no=13143'>13143<\/a><\/li>\n\n\n\n<li><a>...<\/a><\/li>\n\n\n\n<li><a href='?page_no=13611'>13611<\/a><\/li>\n\n\n\n<li><a href='?page_no=13612'>13612<\/a><\/li>\n\n    \n\t\n\n<li >\n\t<a href='?page_no=13142'>Next<\/a>\n\t<\/li>\n\n\n    \n\n<li><a href='?page_no=13612'>Last &rsaquo;&rsaquo;<\/a><\/li>\n\n<\/ul>\n\n\n--><br \/>\n<\/body><\/p>\n","protected":false},"excerpt":{"rendered":"<p>EL TIRO RAPIDO&#13; &#13; de&#13; &#13; Mario Rivadulla &#13; Por a\u00f1os y de manera cada vez m\u00e0s acentuada y agresiva, un grupo de organizaciones y activistas, tanto locales como extranjeros, han venido desarrollando una campa\u00f1a sistem\u00e1tica contra el pa\u00ecs bajo el cargo de violaciones de los derechos humanos, espec\u00edficamente con los inmigrantes haitianos, en foros [&hellip;]<\/p>\n","protected":false},"author":3,"featured_media":0,"comment_status":"open","ping_status":"open","sticky":false,"template":"","format":"standard","meta":{"footnotes":""},"categories":[16],"tags":[],"class_list":["post-37372","post","type-post","status-publish","format-standard","hentry","category-opiniones"],"_links":{"self":[{"href":"https:\/\/diariodominicano.com\/index.php?rest_route=\/wp\/v2\/posts\/37372","targetHints":{"allow":["GET"]}}],"collection":[{"href":"https:\/\/diariodominicano.com\/index.php?rest_route=\/wp\/v2\/posts"}],"about":[{"href":"https:\/\/diariodominicano.com\/index.php?rest_route=\/wp\/v2\/types\/post"}],"author":[{"embeddable":true,"href":"https:\/\/diariodominicano.com\/index.php?rest_route=\/wp\/v2\/users\/3"}],"replies":[{"embeddable":true,"href":"https:\/\/diariodominicano.com\/index.php?rest_route=%2Fwp%2Fv2%2Fcomments&post=37372"}],"version-history":[{"count":0,"href":"https:\/\/diariodominicano.com\/index.php?rest_route=\/wp\/v2\/posts\/37372\/revisions"}],"wp:attachment":[{"href":"https:\/\/diariodominicano.com\/index.php?rest_route=%2Fwp%2Fv2%2Fmedia&parent=37372"}],"wp:term":[{"taxonomy":"category","embeddable":true,"href":"https:\/\/diariodominicano.com\/index.php?rest_route=%2Fwp%2Fv2%2Fcategories&post=37372"},{"taxonomy":"post_tag","embeddable":true,"href":"https:\/\/diariodominicano.com\/index.php?rest_route=%2Fwp%2Fv2%2Ftags&post=37372"}],"curies":[{"name":"wp","href":"https:\/\/api.w.org\/{rel}","templated":true}]}}