{"id":37371,"date":"2007-03-23T16:54:34","date_gmt":"2007-03-23T16:54:34","guid":{"rendered":"http:\/\/diariodominicano.ddns.net\/?p=37371"},"modified":"2007-03-23T16:54:34","modified_gmt":"2007-03-23T16:54:34","slug":"resolver-el-problema-de-transporte-en-lugar-de-solo-enfrentar-a-los-gremios","status":"publish","type":"post","link":"https:\/\/diariodominicano.com\/?p=37371","title":{"rendered":"Resolver el problema de transporte en lugar de s\u00f3lo enfrentar a los gremios"},"content":{"rendered":"<p><body><\/p>\n<p class=\"titulogrande1\"><em>Resolver  el problema de transporte en lugar de\u00a0s\u00f3lo enfrentar a los gremios<\/em><\/p>\n<p>&#13;<\/p>\n<p align=\"justify\"><span class=\"linksnoticias\"><em><strong>Por<\/strong><\/em><\/span><strong class=\"textogrande\"><em> Guillermo Caram<\/em><\/strong><br \/>&#13;<br \/>\n  <br \/>&#13;<br \/>\n    <span class=\"text1noticias\">Hace  bien el Gobierno en aplicar la ley a quienes obstaculicen la prestaci\u00f3n de un  servicio p\u00fablico que a su vez incite a la alteraci\u00f3n del orden. <br \/>&#13;<br \/>\n    <br \/>&#13;<br \/>\nPor  otro lado, nadie puede negarle al gobierno o al PLD, y a sus funcionarios y  directivos, el derecho de propiciar un nuevo gremio \u2013 UNATRAFIN -, dividiendo  los actuales; para contrarrestar\u00a0 a  quienes han protagonizados estas acciones sin ocultar su identificaci\u00f3n y  preferencias partidarias.<br \/>&#13;<br \/>\n<br \/>&#13;<br \/>\nPero  en lo que no se puede equivocar al gobierno es en que las medidas que est\u00e1  tomando solo conducen a enfrentar las amenazas de los gremios y no a solucionar  los problemas del transporte, que es lo que aspira la ciudadan\u00eda.<br \/>&#13;<br \/>\n<br \/>&#13;<br \/>\nSi  el Gobierno creyera que la ciudadan\u00eda se conforma con que las autoridades  enfrenten a los gremios, estar\u00eda tan desenfocado de la percepci\u00f3n ciudadana  como lo han estado los gremios al creer que cuentan con apoyo popular en sus  absurdas pretensiones; tal y como declararon en una ocasi\u00f3n, de que cuentan con  7 de cada 10 ciudadanos favoreciendo su causa.<br \/>&#13;<br \/>\n<br \/>&#13;<br \/>\n\u00a0M\u00e1s a\u00fan cuando en realidad ha sucedido todo lo contrario. Las absurdas  pretensiones y acciones de los gremios han contribuido a que el gobierno recupere  autoridad perdida por falta de decisiones; y ha volcado a\u00a0 su favor una opini\u00f3n p\u00fablica que le estaba  resultando adversa en este campo, y, por extensi\u00f3n, en los dem\u00e1s campos del  accionar gubernamental.<br \/>&#13;<br \/>\n<br \/>&#13;<br \/>\nLa  ciudadan\u00eda espera que el gobierno solucione el problema del transporte y no se  limite ni entretenga con enfrentar a los gremios; pudiendo lo \u00faltimo agravar lo  primero. \u00bfQuien garantiza que UNATRAFIN no se convierta en un nuevo foco  demandante de los mismos privilegios \u2013 de rutas, financiamiento de unidades,  subsidios, etc. &#8211; que hoy disfrutan los gremios actuales; o que estimule el  establecimiento por parte del gobierno de otro ONATRATE, OMSA o RENOVE.<\/span><\/p>\n<p>&#13;<\/p>\n<p align=\"justify\" class=\"text1noticias\">Para  solucionar el problema del transporte, el gobierno tiene en sus manos un arma  poderosa que al mismo tiempo desactivar\u00eda las amenazas ya permanentes  provenientes des gremios: ejercer plenamente su autoridad,\u00a0 eliminando controles en tarifas y rutas,  hasta liberarlas, dejarla al libre juego de la oferta y la demanda como se  supone que debe ser en una naci\u00f3n regida por la econom\u00eda de mercado como es la Rep\u00fablica Dominicana. <br \/>&#13;<br \/>\n  <br \/>&#13;<br \/>\nEsta  liberalizaci\u00f3n desactivar\u00eda las amenazas de los gremios, puesto el absurdo  subsidio que solicitan lo hacen\u00a0  argumentando\u00a0 que el gobierno no  le autoriza aumentos tarifarios. <br \/>&#13;<br \/>\n<br \/>&#13;<br \/>\nPero  liberar las tarifas manteniendo al mismo tiempo la oferta controlada a trav\u00e9s  de los permisos para operar rutas, tiende a fomentar oligopolios privados  prohibidos constitucionalmente y al consecuente enriquecimiento excesivo de  quienes las operan puesto que fijan los precios antojadizamente, poni\u00e9ndose de  acuerdo entre ellos.<br \/>&#13;<br \/>\n<br \/>&#13;<br \/>\nDe  all\u00ed que la liberalizaci\u00f3n de las tarifas se impone una contraparte  obligatoria: liberar rutas mediante la cancelaci\u00f3n de los permisos actualmente  otorgados. De esta forma se aumentar\u00eda la oferta. Recu\u00e9rdese al respecto que  las rutas constituyen un activo intangible generado por la evoluci\u00f3n de la  sociedad y la inversi\u00f3n del Estado, por lo que sus beneficios no pueden recaer  en ning\u00fan sector en particular. <br \/>&#13;<br \/>\n<br \/>&#13;<br \/>\nCon  el proceder sugerido en \u00e9sta declaraci\u00f3n, el gobierno resolver\u00eda el problema de  transporte y al mismo tiempo desactivar\u00eda las amenazas provenientes de los  gremios; y no actuar\u00eda solamente orientado hacia esto \u00faltimo que es lo que se  est\u00e1 vislumbrando.<br \/>&#13;<br \/>\n<br \/>&#13;<br \/>\nLa  liberalizaci\u00f3n de las rutas estimular\u00eda a personas y empresas reconocidas,  entre los cuales no pueden excluirse los gremios actuales, a invertir en  unidades que satisfagan la demanda, contribuyendo a su eficientizaci\u00f3n y  abaratamiento en la medida que las unidades agregadas sean de gran capacidad.<br \/>&#13;<br \/>\n<br \/>&#13;<br \/>\nEsta  soluci\u00f3n abrir\u00edan nuevas l\u00edneas de negocios activadoras de la econom\u00eda y  eliminar\u00eda el factor de corrupci\u00f3n que siempre subyace donde quiera que haya  que conceder un permiso. <br \/>&#13;<br \/>\n<br \/>&#13;<br \/>\nEl  gobierno tiene la palabra<\/p>\n<p>&#13;<\/p>\n<h6> 2007-03-23 16:54:34 <\/h6>\n<p><!--\n<link rel=\"stylesheet\" href=\"css\/bootstrap.min.css\">\n\n\n<ul class=\"pagination\">\n\t    \n\t\n\n<li >\n\t<a href='?page_no=13139'>Previous<\/a>\n\t<\/li>\n\n\n       \n    \n\n<li><a href='?page_no=1'>1<\/a><\/li>\n\n\n\n<li><a href='?page_no=2'>2<\/a><\/li>\n\n\n\n<li><a>...<\/a><\/li>\n\n\n\n<li><a href='?page_no=13138'>13138<\/a><\/li>\n\n\n\n<li><a href='?page_no=13139'>13139<\/a><\/li>\n\n\n\n<li class='active'><a>13140<\/a><\/li>\n\n\n\n<li><a href='?page_no=13141'>13141<\/a><\/li>\n\n\n\n<li><a href='?page_no=13142'>13142<\/a><\/li>\n\n\n\n<li><a>...<\/a><\/li>\n\n\n\n<li><a href='?page_no=13611'>13611<\/a><\/li>\n\n\n\n<li><a href='?page_no=13612'>13612<\/a><\/li>\n\n    \n\t\n\n<li >\n\t<a href='?page_no=13141'>Next<\/a>\n\t<\/li>\n\n\n    \n\n<li><a href='?page_no=13612'>Last &rsaquo;&rsaquo;<\/a><\/li>\n\n<\/ul>\n\n\n--><br \/>\n<\/body><\/p>\n","protected":false},"excerpt":{"rendered":"<p>Resolver el problema de transporte en lugar de\u00a0s\u00f3lo enfrentar a los gremios &#13; Por Guillermo Caram&#13; &#13; Hace bien el Gobierno en aplicar la ley a quienes obstaculicen la prestaci\u00f3n de un servicio p\u00fablico que a su vez incite a la alteraci\u00f3n del orden. &#13; &#13; Por otro lado, nadie puede negarle al gobierno o [&hellip;]<\/p>\n","protected":false},"author":3,"featured_media":0,"comment_status":"open","ping_status":"open","sticky":false,"template":"","format":"standard","meta":{"footnotes":""},"categories":[16],"tags":[],"class_list":["post-37371","post","type-post","status-publish","format-standard","hentry","category-opiniones"],"_links":{"self":[{"href":"https:\/\/diariodominicano.com\/index.php?rest_route=\/wp\/v2\/posts\/37371","targetHints":{"allow":["GET"]}}],"collection":[{"href":"https:\/\/diariodominicano.com\/index.php?rest_route=\/wp\/v2\/posts"}],"about":[{"href":"https:\/\/diariodominicano.com\/index.php?rest_route=\/wp\/v2\/types\/post"}],"author":[{"embeddable":true,"href":"https:\/\/diariodominicano.com\/index.php?rest_route=\/wp\/v2\/users\/3"}],"replies":[{"embeddable":true,"href":"https:\/\/diariodominicano.com\/index.php?rest_route=%2Fwp%2Fv2%2Fcomments&post=37371"}],"version-history":[{"count":0,"href":"https:\/\/diariodominicano.com\/index.php?rest_route=\/wp\/v2\/posts\/37371\/revisions"}],"wp:attachment":[{"href":"https:\/\/diariodominicano.com\/index.php?rest_route=%2Fwp%2Fv2%2Fmedia&parent=37371"}],"wp:term":[{"taxonomy":"category","embeddable":true,"href":"https:\/\/diariodominicano.com\/index.php?rest_route=%2Fwp%2Fv2%2Fcategories&post=37371"},{"taxonomy":"post_tag","embeddable":true,"href":"https:\/\/diariodominicano.com\/index.php?rest_route=%2Fwp%2Fv2%2Ftags&post=37371"}],"curies":[{"name":"wp","href":"https:\/\/api.w.org\/{rel}","templated":true}]}}