{"id":37368,"date":"2007-03-25T21:11:17","date_gmt":"2007-03-25T21:11:17","guid":{"rendered":"http:\/\/diariodominicano.ddns.net\/?p=37368"},"modified":"2007-03-25T21:11:17","modified_gmt":"2007-03-25T21:11:17","slug":"rincon-de-yuboa-sin-puente-ni-carretera","status":"publish","type":"post","link":"https:\/\/diariodominicano.com\/?p=37368","title":{"rendered":"RINCON DE YUBOA, SIN PUENTE NI CARRETERA"},"content":{"rendered":"<p><body><\/p>\n<p><span class=\"titulogrande1\"><em>PUNTO Y COMA<\/em><\/span><br \/>&#13;<br \/>\n  <br \/>&#13;<br \/>\n    <span class=\"linksnoticias\"><em>Por<\/em><\/span> <span class=\"textogrande\"><em>Santos Aquino Rubio<\/em><\/span><br \/>&#13;<br \/>\n  <br \/>&#13;<br \/>\n  <em><strong>RINCON DE YUBOA, SIN PUENTE NI  CARRETERA<\/strong><\/em><\/p>\n<p>&#13;<\/p>\n<p align=\"justify\" class=\"text1noticias\">La comunidad de Rinc\u00f3n de  Yuboa, uno de los m\u00e1s atractivos lugares de la provincia Monse\u00f1or Nouel. <br \/>&#13;<br \/>\n  <br \/>&#13;<br \/>\nEnclavado en la misma Cordillera Central, est\u00e1 a punto de quedar incomunicada.<\/p>\n<p>&#13;<\/p>\n<p align=\"justify\" class=\"text1noticias\">La carretera, prometida por la  mayor\u00eda de los gobernantes que hemos tenido en las \u00faltimas d\u00e9cadas, logr\u00f3  cierto paso de avance en el segundo mandato del doctor Joaqu\u00edn Balaguer, es  decir en el per\u00edodo 1990-94, pero no fue concluida.<\/p>\n<p>&#13;<\/p>\n<p align=\"justify\" class=\"text1noticias\">Luego ha sido prometida tanto  por el presidente Leonel Fern\u00e1ndez como por Hip\u00f3lito Mej\u00eda, quien coloc\u00f3 la v\u00eda  en el trayecto Rancho Arriba-Sonador, como una de las prioridades de su  gesti\u00f3n. Los trabajos fueron reiniciados, pero sin orden ni control, quedando  definitivamente como otras tantas cosas en el desorden.\u00a0\u00a0 <\/p>\n<p>&#13;<\/p>\n<p align=\"justify\" class=\"text1noticias\">La situaci\u00f3n para esta  laboriosa y productiva comunidad, con gran potencial tur\u00edstico, es cada vez  peor. No s\u00f3lo ha sido olvidada por las autoridades, sino que el principal  puente sobre el caudaloso r\u00edo Yuboa est\u00e1 pr\u00e1cticamente en el suelo. La  comunicaci\u00f3n es pr\u00e1cticamente nula y nada se hace al respecto.<\/p>\n<p>&#13;<\/p>\n<p align=\"justify\" class=\"text1noticias\">Las autoridades han anunciado  de nuevo la comunicaci\u00f3n Cibao-Sur, pero mejorando la v\u00eda Rancho Arriba-Piedra  Blanca, por la comunidad de Juan Adri\u00e1n, lo que aleja m\u00e1s las posibilidades de  desarrollo de Rinc\u00f3n de Yuboa.<\/p>\n<p>&#13;<\/p>\n<p align=\"justify\" class=\"text1noticias\">La reparaci\u00f3n del actual o la  construcci\u00f3n de un puente nuevo no es un capricho para los residentes en las  distintas localidades del trayecto, sino una necesidad sentida que no tiene  tiempo de espera-<\/p>\n<p>&#13;<\/p>\n<p align=\"justify\" class=\"text1noticias\">Ojala el gobierno del  presidente Leonel Fern\u00e1ndez, a trav\u00e9s de Ministerio de Obras P\u00fablicas o por las  v\u00edas que considere de rigor, coloque en su agenda esta obra que puede servir de  mucho a sus beneficiarios. <br \/>&#13;<br \/>\n  <br \/>&#13;<br \/>\nEsto evitar\u00eda un estancamiento en la producci\u00f3n de  los hombres y mujeres de esta zona y, en cambio, ayudar\u00eda mucho, en\u00a0 su hasta ahora frustrado desarrollo.<\/p>\n<p>&#13;<\/p>\n<p align=\"justify\" class=\"text1noticias\"><em><strong>El autor es periodista y  abogado. <\/strong><\/em><\/p>\n<p>&#13;<\/p>\n<h6> 2007-03-25 21:11:17 <\/h6>\n<p><!--\n<link rel=\"stylesheet\" href=\"css\/bootstrap.min.css\">\n\n\n<ul class=\"pagination\">\n\t    \n\t\n\n<li >\n\t<a href='?page_no=13137'>Previous<\/a>\n\t<\/li>\n\n\n       \n    \n\n<li><a href='?page_no=1'>1<\/a><\/li>\n\n\n\n<li><a href='?page_no=2'>2<\/a><\/li>\n\n\n\n<li><a>...<\/a><\/li>\n\n\n\n<li><a href='?page_no=13136'>13136<\/a><\/li>\n\n\n\n<li><a href='?page_no=13137'>13137<\/a><\/li>\n\n\n\n<li class='active'><a>13138<\/a><\/li>\n\n\n\n<li><a href='?page_no=13139'>13139<\/a><\/li>\n\n\n\n<li><a href='?page_no=13140'>13140<\/a><\/li>\n\n\n\n<li><a>...<\/a><\/li>\n\n\n\n<li><a href='?page_no=13611'>13611<\/a><\/li>\n\n\n\n<li><a href='?page_no=13612'>13612<\/a><\/li>\n\n    \n\t\n\n<li >\n\t<a href='?page_no=13139'>Next<\/a>\n\t<\/li>\n\n\n    \n\n<li><a href='?page_no=13612'>Last &rsaquo;&rsaquo;<\/a><\/li>\n\n<\/ul>\n\n\n--><br \/>\n<\/body><\/p>\n","protected":false},"excerpt":{"rendered":"<p>PUNTO Y COMA&#13; &#13; Por Santos Aquino Rubio&#13; &#13; RINCON DE YUBOA, SIN PUENTE NI CARRETERA &#13; La comunidad de Rinc\u00f3n de Yuboa, uno de los m\u00e1s atractivos lugares de la provincia Monse\u00f1or Nouel. &#13; &#13; Enclavado en la misma Cordillera Central, est\u00e1 a punto de quedar incomunicada. &#13; La carretera, prometida por la mayor\u00eda [&hellip;]<\/p>\n","protected":false},"author":3,"featured_media":0,"comment_status":"open","ping_status":"open","sticky":false,"template":"","format":"standard","meta":{"footnotes":""},"categories":[16],"tags":[],"class_list":["post-37368","post","type-post","status-publish","format-standard","hentry","category-opiniones"],"_links":{"self":[{"href":"https:\/\/diariodominicano.com\/index.php?rest_route=\/wp\/v2\/posts\/37368","targetHints":{"allow":["GET"]}}],"collection":[{"href":"https:\/\/diariodominicano.com\/index.php?rest_route=\/wp\/v2\/posts"}],"about":[{"href":"https:\/\/diariodominicano.com\/index.php?rest_route=\/wp\/v2\/types\/post"}],"author":[{"embeddable":true,"href":"https:\/\/diariodominicano.com\/index.php?rest_route=\/wp\/v2\/users\/3"}],"replies":[{"embeddable":true,"href":"https:\/\/diariodominicano.com\/index.php?rest_route=%2Fwp%2Fv2%2Fcomments&post=37368"}],"version-history":[{"count":0,"href":"https:\/\/diariodominicano.com\/index.php?rest_route=\/wp\/v2\/posts\/37368\/revisions"}],"wp:attachment":[{"href":"https:\/\/diariodominicano.com\/index.php?rest_route=%2Fwp%2Fv2%2Fmedia&parent=37368"}],"wp:term":[{"taxonomy":"category","embeddable":true,"href":"https:\/\/diariodominicano.com\/index.php?rest_route=%2Fwp%2Fv2%2Fcategories&post=37368"},{"taxonomy":"post_tag","embeddable":true,"href":"https:\/\/diariodominicano.com\/index.php?rest_route=%2Fwp%2Fv2%2Ftags&post=37368"}],"curies":[{"name":"wp","href":"https:\/\/api.w.org\/{rel}","templated":true}]}}