{"id":37367,"date":"2007-03-25T21:15:19","date_gmt":"2007-03-25T21:15:19","guid":{"rendered":"http:\/\/diariodominicano.ddns.net\/?p=37367"},"modified":"2007-03-25T21:15:19","modified_gmt":"2007-03-25T21:15:19","slug":"el-tiro-rapido-412","status":"publish","type":"post","link":"https:\/\/diariodominicano.com\/?p=37367","title":{"rendered":"EL TIRO RAPIDO"},"content":{"rendered":"<p><body><\/p>\n<p><span class=\"titulogrande1\"><em>EL TIRO RAPIDO<\/em><\/span><br \/>&#13;<br \/>\n  <br \/>&#13;<br \/>\n    <span class=\"textopq1\"><em>de<\/em><\/span><br \/>&#13;<br \/>\n  <br \/>&#13;<br \/>\n  <span class=\"textogrande\"><em>Mario  Rivadulla<\/em><\/span><\/p>\n<p>&#13;<\/p>\n<p align=\"justify\" class=\"text1noticias\">Saludable, necesaria y valiosa la existencia de  organizaciones que en el mundo se preocupan en velar por los derechos  humanos.\u00a0 Muchas de estas entidades han  rendido eminentes servicios en este campo y gozan de merecido respeto,  prestigio y apoyo.\u00a0 Lamentablemente,  existen otras en cambio,\u00a0 que no parecen  estar motivadas por los mismos fines altruistas y desinteresados, o en el mejor  de los casos act\u00faan en base a informaciones incorrectas, parciales y  prejuiciadas.<\/p>\n<p>&#13;<\/p>\n<p align=\"justify\" class=\"text1noticias\">Contra el pa\u00ecs se ha emprendido desde hace a\u00f1os una  sistem\u00e1tica campa\u00f1a de denuncias en foros internacionales de abusos contra la  inmigraci\u00f3n haitiana.\u00a0 Debemos reconocer  que por desidia de nuestros sucesivos gobiernos, esta campa\u00f1a ha ido creciendo  de tono cada vez m\u00e0s hasta alcanzar niveles verdaderamente aberrantes.\u00a0 <\/p>\n<p>&#13;<\/p>\n<p align=\"justify\" class=\"text1noticias\">La verdad es entonces presentada como traje a la medida de  quienes promueven y llevan a cabo estas actividades, contando con una gran  cantidad de recursos y de relaciones en instancias de poder del extranjero  previamente cabildeadas.\u00a0 <\/p>\n<p>&#13;<\/p>\n<p align=\"justify\" class=\"text1noticias\">As\u00ec ha ocurrido con respecto a nuestro pa\u00ecs en relaci\u00f2n al  trato que se dispensa a los cientos de miles de haitianos que aqu\u00ec han buscado  y encontrado en nuestra pobreza y relativa seguridad, refugio a su miseria extrema  y al clima de cr\u00f3nica y grave inseguridad que reina al otro lado de la  frontera. <\/p>\n<p>&#13;<\/p>\n<p align=\"justify\" class=\"text1noticias\">La presentaci\u00f3n hecha ayer por una entidad del cr\u00e8dito de  Amnist\u00eda Internacional sobre la problem\u00e1tica haitiana en Rep\u00f9blica Dominicana  ofrece esa caracter\u00edsticas de verdades a medias e informaciones incompletas,  cuando no totalmente prejuiciadas y distorsionadas.<\/p>\n<p>&#13;<\/p>\n<p align=\"justify\" class=\"text1noticias\">Una de ellas es cuando se habla de repatriaciones en  masa.\u00a0 Cabe preguntar de cu\u00e0ntos  repatriados se est\u00e0 hablando dentro de un universo de poblaci\u00f3n haitiana  estimado entre 800 mil y un mill\u00f2n de personas cuyo n\u00f9mero crece de  continuo,\u00a0 de las cuales apenas menos de  cinco mil aparecen debidamente registradas en la Direcci\u00f2n General  de Migraci\u00f3n.<\/p>\n<p>&#13;<\/p>\n<p align=\"justify\" class=\"text1noticias\">Se quiere satanizar el pa\u00ecs present\u00e0ndolo como responsable  de la condicion de ap\u00e0tridas de hijos nacidos aqu\u00ec de haitianos indocumentados  en caso de no registrarlos como dominicanos. Se obvia reiteradamente el hecho  de que la Constituci\u00f3n  de Hait\u00ec establece, de manera expresa, que todo hijo de haitiano no importa donde  nazca es considerado como nacional haitiano.\u00a0  Bastar\u00eca entonces,\u00a0 para replicar  el argumento de la apatricidad de que se echa mano,que esos ni\u00f1os fuesen  inscriptos como tales haitianos en las oficinas consulares que posee ese pa\u00ecs  en el nuestro.<\/p>\n<p>&#13;<\/p>\n<p align=\"justify\" class=\"text1noticias\">Se pretende imponer por otra parte, un fallo de la Corte Interamericana  de Derechos Humanos al pa\u00ecs sobre el otorgamiento de la nacionalidad  dominicana. El mismo es a todas luces violatorio de un elemental ejercicio de  soberan\u00eca como fijar y aplicar las normas para adquirir la condici\u00f3n de  dominicano, facultad privativa del pa\u00ecs y que en nuestro caso,\u00a0 dilucid\u00f2 la controversia constitucional sobre  los extranjeros \u201cen tr\u00e0nsito\u201d mediante una sentencia de la Suprema Corte de  Justicia.<\/p>\n<p>&#13;<\/p>\n<p align=\"justify\" class=\"text1noticias\">Se citan condiciones precarias de vida de haitianos, pero  se silencia que son las mismas condiciones que infortunadamente prevalecen  todav\u00eca para muchos dominicanos que viven en extrema marginalidad.\u00a0 M\u00e0s que discrimen, es una situaci\u00f2n de miseria  compartida.<\/p>\n<p>&#13;<\/p>\n<p align=\"justify\" class=\"text1noticias\">Se silencia en cambio,\u00a0  que son decenas de miles los haitianos que aqu\u00ec se ganan el sustento en  las m\u00e0s diversas actividades, desde el sector agr\u00edcola hasta el turismo sin que  nadie los persiga ni atropelle.<\/p>\n<p>&#13;<\/p>\n<p align=\"justify\" class=\"text1noticias\">Y se desconoce por fin que el propio Presidente de Hait\u00ec,  quien parece tener la cabeza muy bien puesta sobre los hombros y es reconocido  como un fervoroso defensor de su pa\u00ecs, no hace ni tantos d\u00ecas declar\u00f2 de manera  enf\u00e1tica y que no deja margen a interpretaciones, que aqu\u00ec ni se persigue ni se  maltrata al obrero haitiano.<\/p>\n<p>&#13;<\/p>\n<p align=\"justify\" class=\"text1noticias\">Bien han hecho el matutino Hoy y el vespertino El  Nacional, del Grupo de Comunicaci\u00f3n Corripio, en editorializar sobre el tema,  en particular el pr\u00f2ximo cap\u00ectulo de esta tenaz y mezquina campa\u00f1a de  descr\u00e9dito contra el pa\u00ecs que se pretende montar en Par\u00ecs, la luminosa capital  de Francia pr\u00f3ximamente.\u00a0 La idea de  quienes preparan este nuevo escenario y fardo de acusaciones contra la Rep\u00f9blica es\u00a0 declararnos un pa\u00ecs esclavista.\u00a0 <\/p>\n<p>&#13;<\/p>\n<p align=\"justify\" class=\"text1noticias\">El prop\u00f2sito es tan absurdo como el hecho de escoger para  el montaje precisamente la naci\u00f2n que en su momento fue la\u00a0 que esclaviz\u00f2 a Hait\u00ec hasta un punto de  crueldad\u00a0 que promovi\u00f3 una feroz y  sagrienta rebeli\u00f3n contra los colonizadores.\u00a0  Una deuda hist\u00f2rica de brutal explotaci\u00f3n que la antigua metr\u00f3poli  insiste hoy\u00a0 en no querer reconocer  aunque los hechos la desmienten y se\u00f1alan.<\/p>\n<p>&#13;<\/p>\n<p align=\"justify\" class=\"text1noticias\">El Nacional calific\u00f2 el proyecto de infamia en su nota  editorial.\u00a0\u00a0 La suscribimos.\u00a0 No cabe otra expresi\u00f2n.\u00a0 Y hora es ya reiteramos nosotros, de que el  pleno del pa\u00ecs haga frente a esa nueva infamia que en vez de allanar el camino  de la mejor relaci\u00f2n con el pueblo vecino y con la congregaci\u00f3n haitiana  residente aqu\u00ec, lo que hace por el contrario es sembrar semillas de discordia y  confrontaci\u00f3n que a nada bueno conducen y de las que ser\u00e0n los principales  culpables.\u00a0 <\/p>\n<p>&#13;<\/p>\n<h6> 2007-03-25 21:15:19 <\/h6>\n<p><!--\n<link rel=\"stylesheet\" href=\"css\/bootstrap.min.css\">\n\n\n<ul class=\"pagination\">\n\t    \n\t\n\n<li >\n\t<a href='?page_no=13136'>Previous<\/a>\n\t<\/li>\n\n\n       \n    \n\n<li><a href='?page_no=1'>1<\/a><\/li>\n\n\n\n<li><a href='?page_no=2'>2<\/a><\/li>\n\n\n\n<li><a>...<\/a><\/li>\n\n\n\n<li><a href='?page_no=13135'>13135<\/a><\/li>\n\n\n\n<li><a href='?page_no=13136'>13136<\/a><\/li>\n\n\n\n<li class='active'><a>13137<\/a><\/li>\n\n\n\n<li><a href='?page_no=13138'>13138<\/a><\/li>\n\n\n\n<li><a href='?page_no=13139'>13139<\/a><\/li>\n\n\n\n<li><a>...<\/a><\/li>\n\n\n\n<li><a href='?page_no=13611'>13611<\/a><\/li>\n\n\n\n<li><a href='?page_no=13612'>13612<\/a><\/li>\n\n    \n\t\n\n<li >\n\t<a href='?page_no=13138'>Next<\/a>\n\t<\/li>\n\n\n    \n\n<li><a href='?page_no=13612'>Last &rsaquo;&rsaquo;<\/a><\/li>\n\n<\/ul>\n\n\n--><br \/>\n<\/body><\/p>\n","protected":false},"excerpt":{"rendered":"<p>EL TIRO RAPIDO&#13; &#13; de&#13; &#13; Mario Rivadulla &#13; Saludable, necesaria y valiosa la existencia de organizaciones que en el mundo se preocupan en velar por los derechos humanos.\u00a0 Muchas de estas entidades han rendido eminentes servicios en este campo y gozan de merecido respeto, prestigio y apoyo.\u00a0 Lamentablemente, existen otras en cambio,\u00a0 que no [&hellip;]<\/p>\n","protected":false},"author":3,"featured_media":0,"comment_status":"open","ping_status":"open","sticky":false,"template":"","format":"standard","meta":{"footnotes":""},"categories":[16],"tags":[],"class_list":["post-37367","post","type-post","status-publish","format-standard","hentry","category-opiniones"],"_links":{"self":[{"href":"https:\/\/diariodominicano.com\/index.php?rest_route=\/wp\/v2\/posts\/37367","targetHints":{"allow":["GET"]}}],"collection":[{"href":"https:\/\/diariodominicano.com\/index.php?rest_route=\/wp\/v2\/posts"}],"about":[{"href":"https:\/\/diariodominicano.com\/index.php?rest_route=\/wp\/v2\/types\/post"}],"author":[{"embeddable":true,"href":"https:\/\/diariodominicano.com\/index.php?rest_route=\/wp\/v2\/users\/3"}],"replies":[{"embeddable":true,"href":"https:\/\/diariodominicano.com\/index.php?rest_route=%2Fwp%2Fv2%2Fcomments&post=37367"}],"version-history":[{"count":0,"href":"https:\/\/diariodominicano.com\/index.php?rest_route=\/wp\/v2\/posts\/37367\/revisions"}],"wp:attachment":[{"href":"https:\/\/diariodominicano.com\/index.php?rest_route=%2Fwp%2Fv2%2Fmedia&parent=37367"}],"wp:term":[{"taxonomy":"category","embeddable":true,"href":"https:\/\/diariodominicano.com\/index.php?rest_route=%2Fwp%2Fv2%2Fcategories&post=37367"},{"taxonomy":"post_tag","embeddable":true,"href":"https:\/\/diariodominicano.com\/index.php?rest_route=%2Fwp%2Fv2%2Ftags&post=37367"}],"curies":[{"name":"wp","href":"https:\/\/api.w.org\/{rel}","templated":true}]}}