{"id":37366,"date":"2007-03-25T21:21:17","date_gmt":"2007-03-25T21:21:17","guid":{"rendered":"http:\/\/diariodominicano.ddns.net\/?p=37366"},"modified":"2007-03-25T21:21:17","modified_gmt":"2007-03-25T21:21:17","slug":"el-complejo-de-jano","status":"publish","type":"post","link":"https:\/\/diariodominicano.com\/?p=37366","title":{"rendered":"El complejo de Jano"},"content":{"rendered":"<p><body><\/p>\n<p class=\"titulogrande\"><em>OPINION <\/em><\/p>\n<p>&#13;<\/p>\n<p class=\"titulogrande1\"><em><strong>El complejo de Jano <\/strong><\/em><\/p>\n<p>&#13;<\/p>\n<p align=\"justify\"><em><strong>La desgracia de nuestro  pa\u00eds, es que no hemos podido erradicar a los pol\u00edticos que se han hecho  millonarios robando a los fondos p\u00fablicos, saciando sus deseos de grandeza,  jugando con la miseria y el hambre de los m\u00e1s despose\u00eddos. <\/strong><\/em><\/p>\n<p>&#13;<\/p>\n<p><span class=\"linksnoticias\"><em>Por<\/em><\/span><strong class=\"textogrande\"><em> Luis Acosta Moreta <\/em><\/strong><\/p>\n<p>&#13;<\/p>\n<p align=\"justify\"><em><strong>(Utilizo este  lenguaje, que no es mi forma directa de tratar los problemas pol\u00edticos y  sociales, para que el traje se lo ponga quien entienda que est\u00e1 a su medida) <\/strong><\/em><\/p>\n<p>&#13;<\/p>\n<p align=\"justify\" class=\"text1noticias\">Uno  de los pecados capitales de algunos intelectuales dominicanos es que padecen  del s\u00edndrome de Jano. <br \/>&#13;<br \/>\n  <br \/>&#13;<br \/>\nTienen diferentes personalidades, las cuales como una  camisa utilitaria, se la ponen o quitan de acuerdo a las coyunturas y  evoluciones sociales que les toca vivir.<\/p>\n<p>&#13;<\/p>\n<p align=\"justify\" class=\"text1noticias\">Jano,  ese Dios de la mitolog\u00eda griega era bueno y malo al mismo tiempo, y como pasa  con varios de los intelectuales que nacieron en los fulgores de la ca\u00edda de la  tiran\u00eda de Trujillo, son testigos\u00a0 del  desarrollo de los acontecimientos, en unas ocasiones como convidados de piedra,  en otros como juglares desfasados y en\u00a0\u00a0  algunas oportunidades, como sazonadores\u00a0  de las carro\u00f1as que se comen los pol\u00edticos.<br \/>&#13;<br \/>\n  <br \/>&#13;<br \/>\n  La  desgracia de nuestro pa\u00eds, es que no hemos podido erradicar a los pol\u00edticos que  se han hecho millonarios robando a los fondos p\u00fablicos, saciando sus deseos de  grandeza, jugando con la miseria y el hambre de los m\u00e1s despose\u00eddos. Los  pol\u00edticos carro\u00f1eros de nuestra sociedad, son\u00a0  los que se llevan el pan que debe llegar a los hambrientos, no los que  todav\u00eda tenemos esperanzas de que haya una renacer de las fuerzas de lucha por  reivindicaciones sociales.<\/p>\n<p>&#13;<\/p>\n<p align=\"justify\" class=\"text1noticias\">Es  f\u00e1cil escribir y hablar\u00a0 de hambre,  miseria, desempleo y desesperanza, pero sin tener la praxis de conocer el boh\u00edo  de piso de tierra, la familia que vive en casa sin sanitarios, teniendo que  hacer las necesidades en fundas para tirarlas en el solar mas cercano, o el v\u00eda  crucis de la familia que oculta con huesos y \u201csopa viva\u201d el hambre ancestral.<\/p>\n<p>&#13;<\/p>\n<p align=\"justify\" class=\"text1noticias\">Muchos  intelectuales son hijos predilectos de Jano, porque pueden hablar de Gualey, de  Guachupita, de los barrios marginados, mientras retozan con\u00a0 pedacitos de quesos o jamones, y toman vinos,  buenos o malos, creyendo que est\u00e1n en Saint German de Press, o los Campos  El\u00edseos, mientras se alejan de las masas irredentas por temor a que se le pegue  el grajo.<\/p>\n<p>&#13;<\/p>\n<p align=\"justify\" class=\"text1noticias\">Algunos  intelectuales creadores de imagen y maquilladores de la comunicaci\u00f3n son los  responsables de la existencia de los pol\u00edticos que se alimentan de carro\u00f1as y  de las desgracias del pueblo, los que son\u00a0responsables de la mala distribuci\u00f3n de las riquezas, de la miseria, la  ignorancia, el desempleo, la falta de institucionalidad y el desasosiego de la  inseguridad social.<br \/>&#13;<br \/>\n  <br \/>&#13;<br \/>\n  Tiene  que darse un gran movimiento de concertaci\u00f3n nacional para hacer frente a los  males que acogotan a los dominicanos, y ello ser\u00e1 posible cuando sean  desplazados los pol\u00edticos perversos, los que hacen labor de relevo para  mantener condiciones de vida injustas entre la gran mayor\u00eda de dominicanos.<\/p>\n<p>&#13;<\/p>\n<p align=\"justify\" class=\"text1noticias\">Es  una hipocres\u00eda de la intelectualidad que desde las calles El Conde, o\u00a0 la   Hostos, entre quesos, vinos y los humos emanados desde el  caf\u00e9 capuchino o expreso, creyendo que est\u00e1 en el Palacio de las Tuller\u00edas,  hable de desigualdades sociales, cuando ni siquiera se digna por ver como est\u00e1n  sus compatriotas al cruzar el r\u00edo, donde est\u00e1 la m\u00e1s atormentadora de las  miserias, y cometa el infortunio de criticar que una mujer pueda llevar su pelo  arreglado o que los gatos acaben con los ratones.<\/p>\n<p>&#13;<\/p>\n<p align=\"justify\" class=\"text1noticias\">Es  bueno hablar de males sociales, detr\u00e1s de la protecci\u00f3n de la computadora o  de\u00a0 los versos inspirados en tertulias, y  no conocer en carne viva los desequilibrios sicol\u00f3gicos y el da\u00f1o irreparable a  la familia que se produce cuando por su miseria, el estigma y el respeto  personal de la mujer desaparece, porque no tiene con que prodigarse su m\u00ednimo arreglo  personal.<\/p>\n<p>&#13;<\/p>\n<p align=\"justify\" class=\"text1noticias\">\u00bfEs  qu\u00e9 acaso estos intelectuales tambi\u00e9n padecen el pecado de la indiferencia,  todav\u00eda buscando escuchar el canto de los Joseses, porque han pasado toda su  existencia sentados en las tribunas esperando que el llano se llene de llamas?  \u00bfC\u00f3mo criticar al que quiere que los residentes en los barrios marginales no  sean virtualmente mutilados por las plagas de ratones, y como recurso necesario  y salvador comienza a repartir gatos?<br \/>&#13;<br \/>\n  <br \/>&#13;<br \/>\n  El  pecado de algunos intelectuales es que en el fondo rechazan a los que emprenden  un trabajo por los humildes, por los pobres, porque eso les hace recordar su  pasado, propio o generacional, cuando levantaban\u00a0 las consignas de libertad o muerte, o jugando  al verdinegro llevaron a uno de los\u00a0 m\u00e1s  noble\u00a0 y democr\u00e1tico de los l\u00edderes  sociales dominicanos, Manolo Tav\u00e1rez Justo,\u00a0  a respetar un juramento circunstancial, y tener que irse a unas monta\u00f1as  peladas o est\u00e9riles, para dar vida a la cr\u00f3nica anticipada de\u00a0 un suicidio pol\u00edtico.<\/p>\n<p>&#13;<\/p>\n<p align=\"justify\" class=\"text1noticias\">La  miseria nuestra es producto del clientelismo pol\u00edtico de personas perversas que  accionan en la vida social, pero hay muchos intelectuales que son los  maquilladores de esos carro\u00f1eros de ayer y de hoy, con uniforme o de civiles,  por tener la falsa percepci\u00f3n de que ser\u00e1n los juglares de la revoluci\u00f3n, que  para ellos se\u00a0 encarna ahora\u00a0 en Hugo Ch\u00e1vez, luego de la vejez de Fidel  Castro.<\/p>\n<p>&#13;<\/p>\n<p align=\"justify\" class=\"text1noticias\">Y  sobre la encarnaci\u00f3n de disc\u00edpulos\u00a0 de  Jano de intelectuales de nuestro tiempo, recordamos el tiempo fr\u00edo despu\u00e9s de  la revoluci\u00f3n, cuando muchos en las tertulias literarias levantaban la mano con  el pu\u00f1o cerrado gritando revoluci\u00f3n o muerte,\u00a0  pero en las noches, o en almuerzos del medio d\u00eda, comenzaban a prestar  su colaboraci\u00f3n para los estribillos de la Revoluci\u00f3n sin Sangre,  o negociar su entrada a programas privilegiados de Radio Santo Domingo, o  mercadear al cigarrillo de moda.<\/p>\n<p>&#13;<\/p>\n<p align=\"justify\" class=\"text1noticias\">Soy  un defensor de los marginados, de los humildes, y agotar\u00e9 mi \u00faltima gota de  sangre y energ\u00eda defendiendo a los m\u00e1s pobres de este pa\u00eds. No sufrir\u00e9 el  suplicio de los intelectuales, que tratando de alcanzar la gloria, le pidieron  prestadas las alas de cera a Icaro, pero por temor e inacci\u00f3n temieron  emprender el vuelo\u2026 <\/p>\n<p>&#13;<\/p>\n<h6> 2007-03-25 21:21:17 <\/h6>\n<p><!--\n<link rel=\"stylesheet\" href=\"css\/bootstrap.min.css\">\n\n\n<ul class=\"pagination\">\n\t    \n\t\n\n<li >\n\t<a href='?page_no=13135'>Previous<\/a>\n\t<\/li>\n\n\n       \n    \n\n<li><a href='?page_no=1'>1<\/a><\/li>\n\n\n\n<li><a href='?page_no=2'>2<\/a><\/li>\n\n\n\n<li><a>...<\/a><\/li>\n\n\n\n<li><a href='?page_no=13134'>13134<\/a><\/li>\n\n\n\n<li><a href='?page_no=13135'>13135<\/a><\/li>\n\n\n\n<li class='active'><a>13136<\/a><\/li>\n\n\n\n<li><a href='?page_no=13137'>13137<\/a><\/li>\n\n\n\n<li><a href='?page_no=13138'>13138<\/a><\/li>\n\n\n\n<li><a>...<\/a><\/li>\n\n\n\n<li><a href='?page_no=13611'>13611<\/a><\/li>\n\n\n\n<li><a href='?page_no=13612'>13612<\/a><\/li>\n\n    \n\t\n\n<li >\n\t<a href='?page_no=13137'>Next<\/a>\n\t<\/li>\n\n\n    \n\n<li><a href='?page_no=13612'>Last &rsaquo;&rsaquo;<\/a><\/li>\n\n<\/ul>\n\n\n--><br \/>\n<\/body><\/p>\n","protected":false},"excerpt":{"rendered":"<p>OPINION &#13; El complejo de Jano &#13; La desgracia de nuestro pa\u00eds, es que no hemos podido erradicar a los pol\u00edticos que se han hecho millonarios robando a los fondos p\u00fablicos, saciando sus deseos de grandeza, jugando con la miseria y el hambre de los m\u00e1s despose\u00eddos. &#13; Por Luis Acosta Moreta &#13; (Utilizo este [&hellip;]<\/p>\n","protected":false},"author":3,"featured_media":0,"comment_status":"open","ping_status":"open","sticky":false,"template":"","format":"standard","meta":{"footnotes":""},"categories":[16],"tags":[],"class_list":["post-37366","post","type-post","status-publish","format-standard","hentry","category-opiniones"],"_links":{"self":[{"href":"https:\/\/diariodominicano.com\/index.php?rest_route=\/wp\/v2\/posts\/37366","targetHints":{"allow":["GET"]}}],"collection":[{"href":"https:\/\/diariodominicano.com\/index.php?rest_route=\/wp\/v2\/posts"}],"about":[{"href":"https:\/\/diariodominicano.com\/index.php?rest_route=\/wp\/v2\/types\/post"}],"author":[{"embeddable":true,"href":"https:\/\/diariodominicano.com\/index.php?rest_route=\/wp\/v2\/users\/3"}],"replies":[{"embeddable":true,"href":"https:\/\/diariodominicano.com\/index.php?rest_route=%2Fwp%2Fv2%2Fcomments&post=37366"}],"version-history":[{"count":0,"href":"https:\/\/diariodominicano.com\/index.php?rest_route=\/wp\/v2\/posts\/37366\/revisions"}],"wp:attachment":[{"href":"https:\/\/diariodominicano.com\/index.php?rest_route=%2Fwp%2Fv2%2Fmedia&parent=37366"}],"wp:term":[{"taxonomy":"category","embeddable":true,"href":"https:\/\/diariodominicano.com\/index.php?rest_route=%2Fwp%2Fv2%2Fcategories&post=37366"},{"taxonomy":"post_tag","embeddable":true,"href":"https:\/\/diariodominicano.com\/index.php?rest_route=%2Fwp%2Fv2%2Ftags&post=37366"}],"curies":[{"name":"wp","href":"https:\/\/api.w.org\/{rel}","templated":true}]}}