{"id":37364,"date":"2007-03-28T16:33:45","date_gmt":"2007-03-28T16:33:45","guid":{"rendered":"http:\/\/diariodominicano.ddns.net\/?p=37364"},"modified":"2007-03-28T16:33:45","modified_gmt":"2007-03-28T16:33:45","slug":"invitado-en-teledebate-6","status":"publish","type":"post","link":"https:\/\/diariodominicano.com\/?p=37364","title":{"rendered":"INVITADO EN TELEDEBATE"},"content":{"rendered":"<p><body><\/p>\n<p align=\"center\"><span class=\"titulogrande1\"><em>INVITADO EN TELEDEBATE<\/em><\/span><br \/>&#13;<br \/>\n  <br \/>&#13;<br \/>\n    <span class=\"linksnoticias Estilo1\"><span class=\"Estilo6\">Dr.<\/span><\/span> <span class=\"textogrande\"><em>Juan Miguel Castillo Pantale\u00f3n<\/em><\/span><br \/>&#13;<br \/>\n  <br \/>&#13;<br \/>\n  <em><strong>Destacado jurista<\/strong><\/em><br \/>&#13;<br \/>\n  <br \/>&#13;<br \/>\n  <em><strong>Ex <\/strong><span class=\"text1noticias\">magistrado que conoci\u00f3 e instrument\u00f2<\/span><\/em><br \/>&#13;<br \/>\n  <br \/>&#13;<br \/>\n  <strong class=\"subtitulos\">En Instrucci\u00f3n el expediente por el asesinato de<\/strong>:<br \/>&#13;<br \/>\n  <br \/>&#13;<br \/>\n  <span class=\"textopq1\"><em>Orlando Mart\u00ecnez.<\/em><\/span><\/p>\n<p>&#13;<\/p>\n<p>\u00a0<\/p>\n<p>&#13;<\/p>\n<p class=\"titulogrande\"><em>Opiniones:<\/em><\/p>\n<p>&#13;<\/p>\n<div>&#13;<\/p>\n<p align=\"justify\" class=\"text1noticias\">Las cr\u00ecticas del doctor Rafael Luciano Pichardo al  C\u00f3digo Procesal Penal est\u00e0n m\u00e0s que justificadas. No olvidemos que se trata de  uno de los juristas de mayor solvencia de conocimientos con que cuenta el  pa\u00ecs.\u00a0 Otro destacado penalista, experto  en Derecho Procesal, como lo es el Dr. Juan Manuel Pellerano acaba de hacer  cr\u00ecticas similares.<\/p>\n<p>&#13;\n<\/p><\/div>\n<p>&#13;<\/p>\n<div>&#13;<\/p>\n<p align=\"justify\" class=\"text1noticias\">Definitivamente el C\u00f3digo Procesal nuestro se hizo  copiando de otras latitudes y culturas, sin tomar en consideraci\u00f2n nuestra  experiencia acumulada en material procesal y jur\u00eddica. Es un C\u00f3digo  pr\u00e1cticamente importado. Sus autores le agregaron muy poco de su cosecha.\u00a0 De ah\u00ec las fallas que presenta.<\/p>\n<p>&#13;\n<\/p><\/div>\n<p>&#13;<\/p>\n<div>&#13;<\/p>\n<p align=\"justify\" class=\"text1noticias\">Soy de los que entiende que hay que revisar el  C\u00f3digo y someterlo a confrontaci\u00f3n con nuestra experiencia.<br \/>&#13;<br \/>\n    <br \/>&#13;<br \/>\n   Presenta lagunas que es preciso  subsanar.\u00a0 Ahora mismo, el C\u00f3digo protege  m\u00e0s al presunto delincuente que a la sociedad.\u00a0  Una de las tantas paradojas de nuestro pa\u00ecs es que estamos pagando por  mantener abogados de oficio que ganan m\u00e0s que los ayudantes fiscales para  auxiliar a los reos que carecen de asistencia legal.\u00a0 En cambio no existen abogados para brindar  ese mismo servicio a las v\u00ecctimas si \u00e8stas carecen de recursos para pagar dicha  asistencia.<\/p>\n<p>&#13;\n<\/p><\/div>\n<p>&#13;<\/p>\n<div>&#13;<\/p>\n<p align=\"justify\" class=\"text1noticias\">Independientemente del C\u00f3digo, hay muchos jueces  que apelan a tecnicismos lo que no permite entrar en el fondo del proceso.\u00a0 Ya sea por desconocimiento real de su manejo  adecuado o por otra raz\u00f3n de menor justificaci\u00f3n, existen jueces que olvidan su  compromiso con la sociedad y la \u00e8tica del cargo para convertirse en abogados  defensores de los inculpados.De esta forma la v\u00ecctima lo es dos veces: primero  por el perjuicio que ha recibido y segundo por el estado de indefensi\u00f2n en que  queda frente al reo.<\/p>\n<p>&#13;\n<\/p><\/div>\n<p>&#13;<\/p>\n<div>&#13;<\/p>\n<p align=\"justify\" class=\"text1noticias\">Hace diez a\u00f1os el C\u00f3digo de Protecci\u00f3n a la mujer  result\u00f2 un gran avance.\u00a0 Hoy, sin  embargo, la cantidad de feminicios y abusos contra la mujer es de tal magnitud  que ha rebasado la capacidad de manejo de fiscales y tribunales.\u00a0 Es necesario repensar el C\u00f3digo y la  estructura creada para su aplicaci\u00f3n. Tambi\u00e8n necesitamos promover las casas de  albergue para las mujeres abusadas.<\/p>\n<p>&#13;\n<\/p><\/div>\n<p>&#13;<\/p>\n<div>&#13;<\/p>\n<p align=\"justify\" class=\"text1noticias\">El C\u00f3digo del Menor nos coloc\u00f2 un paso adelante en  esta materia.\u00a0 Es, sin dudas, una  excelente pieza.\u00a0 Pero lo que no pudo  preverse era el auge del pandillerismo juvenil.\u00a0  Es preciso tambi\u00e8n reflexionar sobre la situaci\u00f2n y tomar medidas de  ajuste.\u00a0 Ya hay otros pa\u00ecses donde  menores son juzgados como adultos dependiendo de la gravedad y caracter\u00edsticas  tanto del crimen como de los autores. Si \u00e8stos muestran trastornos  irrecuperables de personalidad, se les aisla de la sociedad no como castigo  sino como medida terap\u00e9utica.\u00a0 Aqu\u00ec  tambi\u00e8n tendremos que evaluar esta situaci\u00f2n para hacer los ajustes  correspondientes.\u00a0 Pero carecemos de  centros especializados para tratar estos casos, que casi siempre responden a un  componente de desintegraci\u00f3n familiar.<\/p>\n<p>&#13;\n<\/p><\/div>\n<p>&#13;<\/p>\n<div>&#13;<\/p>\n<p align=\"justify\" class=\"text1noticias\">Definitivamente soy opuesto a la pena de  muerte.\u00a0 Ella contraviene adem\u00e1s  convenciones internacionales de las que el pa\u00ecs es signatario.\u00a0 En cambio, pudiera pensarse en cadena  perpetua para aquellos casos definitivamente irrecuperables. <\/p>\n<p>&#13;\n<\/p><\/div>\n<p>&#13;<\/p>\n<h6> 2007-03-28 16:33:45 <\/h6>\n<p><!--\n<link rel=\"stylesheet\" href=\"css\/bootstrap.min.css\">\n\n\n<ul class=\"pagination\">\n\t    \n\t\n\n<li >\n\t<a href='?page_no=13133'>Previous<\/a>\n\t<\/li>\n\n\n       \n    \n\n<li><a href='?page_no=1'>1<\/a><\/li>\n\n\n\n<li><a href='?page_no=2'>2<\/a><\/li>\n\n\n\n<li><a>...<\/a><\/li>\n\n\n\n<li><a href='?page_no=13132'>13132<\/a><\/li>\n\n\n\n<li><a href='?page_no=13133'>13133<\/a><\/li>\n\n\n\n<li class='active'><a>13134<\/a><\/li>\n\n\n\n<li><a href='?page_no=13135'>13135<\/a><\/li>\n\n\n\n<li><a href='?page_no=13136'>13136<\/a><\/li>\n\n\n\n<li><a>...<\/a><\/li>\n\n\n\n<li><a href='?page_no=13611'>13611<\/a><\/li>\n\n\n\n<li><a href='?page_no=13612'>13612<\/a><\/li>\n\n    \n\t\n\n<li >\n\t<a href='?page_no=13135'>Next<\/a>\n\t<\/li>\n\n\n    \n\n<li><a href='?page_no=13612'>Last &rsaquo;&rsaquo;<\/a><\/li>\n\n<\/ul>\n\n\n--><br \/>\n<\/body><\/p>\n","protected":false},"excerpt":{"rendered":"<p>INVITADO EN TELEDEBATE&#13; &#13; Dr. Juan Miguel Castillo Pantale\u00f3n&#13; &#13; Destacado jurista&#13; &#13; Ex magistrado que conoci\u00f3 e instrument\u00f2&#13; &#13; En Instrucci\u00f3n el expediente por el asesinato de:&#13; &#13; Orlando Mart\u00ecnez. &#13; \u00a0 &#13; Opiniones: &#13; &#13; Las cr\u00ecticas del doctor Rafael Luciano Pichardo al C\u00f3digo Procesal Penal est\u00e0n m\u00e0s que justificadas. No olvidemos que [&hellip;]<\/p>\n","protected":false},"author":3,"featured_media":0,"comment_status":"open","ping_status":"open","sticky":false,"template":"","format":"standard","meta":{"footnotes":""},"categories":[16],"tags":[],"class_list":["post-37364","post","type-post","status-publish","format-standard","hentry","category-opiniones"],"_links":{"self":[{"href":"https:\/\/diariodominicano.com\/index.php?rest_route=\/wp\/v2\/posts\/37364","targetHints":{"allow":["GET"]}}],"collection":[{"href":"https:\/\/diariodominicano.com\/index.php?rest_route=\/wp\/v2\/posts"}],"about":[{"href":"https:\/\/diariodominicano.com\/index.php?rest_route=\/wp\/v2\/types\/post"}],"author":[{"embeddable":true,"href":"https:\/\/diariodominicano.com\/index.php?rest_route=\/wp\/v2\/users\/3"}],"replies":[{"embeddable":true,"href":"https:\/\/diariodominicano.com\/index.php?rest_route=%2Fwp%2Fv2%2Fcomments&post=37364"}],"version-history":[{"count":0,"href":"https:\/\/diariodominicano.com\/index.php?rest_route=\/wp\/v2\/posts\/37364\/revisions"}],"wp:attachment":[{"href":"https:\/\/diariodominicano.com\/index.php?rest_route=%2Fwp%2Fv2%2Fmedia&parent=37364"}],"wp:term":[{"taxonomy":"category","embeddable":true,"href":"https:\/\/diariodominicano.com\/index.php?rest_route=%2Fwp%2Fv2%2Fcategories&post=37364"},{"taxonomy":"post_tag","embeddable":true,"href":"https:\/\/diariodominicano.com\/index.php?rest_route=%2Fwp%2Fv2%2Ftags&post=37364"}],"curies":[{"name":"wp","href":"https:\/\/api.w.org\/{rel}","templated":true}]}}