{"id":37362,"date":"2007-03-28T16:50:26","date_gmt":"2007-03-28T16:50:26","guid":{"rendered":"http:\/\/diariodominicano.ddns.net\/?p=37362"},"modified":"2007-03-28T16:50:26","modified_gmt":"2007-03-28T16:50:26","slug":"politica-justicia12","status":"publish","type":"post","link":"https:\/\/diariodominicano.com\/?p=37362","title":{"rendered":"POLITICA &amp; JUSTICIA12"},"content":{"rendered":"<p><body><\/p>\n<p class=\"titulogrande1\"><em>POLITICA &amp; JUSTICIA12<\/em><\/p>\n<p>&#13;<\/p>\n<p><em><strong>\u00bfY si fuera Balaguer?<\/strong><\/em><\/p>\n<p>&#13;<\/p>\n<p><span class=\"linksnoticias\"><em>Por <\/em><\/span><span class=\"textogrande\"><em>Roberto Lebr\u00f3n<\/em><\/span><\/p>\n<p>&#13;<\/p>\n<p align=\"justify\"><span class=\"text1noticias\">Hace varios d\u00edas que esta columna estaba escrita, pero hab\u00eda olvidado  enviarla a los medios en que de manera habitual publico mis opiniones. En esta  entrega me refiero a la manera despiadada como un grupo de farsantes despotrica  a la Rep\u00fablica   Dominicana, sin que estos reciban una respuesta en\u00e9rgica y  contundente del gobierno.<br \/>&#13;<br \/>\n  <br \/>&#13;<br \/>\n Las  acusaciones van desde pa\u00eds racista y xen\u00f3fobo hasta esclavista frente a los  haitianos, imputaciones que forman parte de la retah\u00edla de reproches  patrocinados muchas veces por las grandes potencias, en especial EEUU, Francia  y Canad\u00e1. Aqu\u00ed encuentran eco en organizaciones que lo \u00fanico que reciben son  beneficios econ\u00f3micos.<br \/>&#13;<br \/>\n<br \/>&#13;<br \/>\n Me  pregunto, a veces, si fuera Joaqu\u00edn Balaguer el presidente de la Rep\u00fablica. S\u00ed, ese  mismo, me refiero al anciano caudillo que gobern\u00f3 el pa\u00eds hasta el 16 de agosto  de 1996, fecha en la que entreg\u00f3 las riendas del poder al doctor Leonel Fern\u00e1ndez.  Eso mismo habr\u00edan querido algunos para que ellos vieran qu\u00e9 significa \u2018canela  de la fina\u2019.<br \/>&#13;<br \/>\n<br \/>&#13;<br \/>\n Y  lo digo porque en la \u2018Era de Balaguer\u2019, como dicen en la calle cuando alguien  se refiere a los pasados gobiernos, porque cuando los farsantes locales iban a  foros internacionales a denunciar al pa\u00eds de esclavista y xen\u00f3fobo, Balaguer -para  algunos dictador y asesino- respond\u00eda con una orden de colocar de aquel lado de  la frontera al mayor n\u00famero de indocumentados.<br \/>&#13;<br \/>\n<br \/>&#13;<br \/>\nActuaba, como jefe de Estado, en la misma direcci\u00f3n que act\u00faa EEUU con  los ilegales que est\u00e1n en su territorio, incluidos los dominicanos. Ese es un  derecho inalienable que le asiste a ese pa\u00eds, facultad que tambi\u00e9n compete a  Rep\u00fablica Dominicana, ejerciendo con todo el rigor la autoridad suprema que  emana de la   Constituci\u00f3n.<br \/>&#13;<br \/>\n<br \/>&#13;<br \/>\n Lo  grande del caso es ninguna autoridad, llamase como se llame, le ha salido ha  salido al frente de manera responsable y en\u00e9rgica a toda esta andanada de  mentiras, cuyo \u00fanico prop\u00f3sito es colocar al pa\u00eds en una especie de pared\u00f3n.  Estoy en creer que las denuncias que desde hace a\u00f1os realiza el abogado Marino  Vinicio Castillo son reales.<br \/>&#13;<br \/>\n<br \/>&#13;<br \/>\n Y tambi\u00e9n creo que las que enarbola uno de sus hijos, el diputado Pelegr\u00edn  Castillo, tambi\u00e9n son reales. Nadie como se ha atrevido a decir tantas verdades  en pocas palabras, lo mismo que Pedro Manuel Casals Victoria. No se le ha  querido dar el frente a esa situaci\u00f3n con la pertinencia correspondiente.<br \/>&#13;<br \/>\n<br \/>&#13;<br \/>\nPor ejemplo, anda por una tal Solaine Pie, (creo que as\u00ed se escribe),  aunque ella prefiere llamarse Sonia Pierre, diciendo de todo de la Rep\u00fablica Dominicana, donde ella dice haber nacido, pero no admite que fue en este pa\u00eds donde ella y los suyos, cuyo gentilicio es conocido por todos, recibieron cobija. Solaine Pie puede defender a sus ascendientes, descendientes y coterr\u00e1neos, pero no debe acusar al pa\u00eds como lo hace. <br \/>&#13;<br \/>\n<br \/>&#13;<br \/>\nLa se\u00f1ora Pie es la que lleva la voz cantante en esa tenaz y perniciosa campa\u00f1a de difamaci\u00f3n, infamia de la que al parecer el gobierno no se sabe, o al menos no quiere, defenderse. Supongo que no quiere o no saber defenderse, porque no se ha escuchado una reacci\u00f3n en\u00e9rgica en ese sentido. Al contrario, hay funcionarios que prefieren agenciarle enemistades a esta administraci\u00f3n, en vez de pronunciarse al respecto, a juzgar por la forma magn\u00e1nima y generosa como es tratado el tema.<br \/>&#13;<br \/>\n<br \/>&#13;<br \/>\nAl director de Migraci\u00f3n no hay que decirle nada, lo mismo que a los jefes militares, o m\u00e1s bien al jefe del Ej\u00e9rcito. Si los dominicanos son tan malos, si aqu\u00ed se trata a los haitianos a patadas, si se los esclaviza, como pregona esta caterva de enemigos gratuitos que tiene este pa\u00eds, que busquen otro rumbo<br \/>&#13;<br \/>\n<br \/>&#13;<br \/>\nTodo el mundo sabe que a los haitianos en este pa\u00eds no se le trata como esclavos. Se los trata como ciudadanos cualquiera, nadie los molesta en las calles. Los representantes de entidades internacionales que han venido al pa\u00eds para reunir informaciones para luego rendir informes de marras no han sido llevados a los lugares donde trabajan los haitianos, espec\u00edficamente en la Capital y Santiago.<br \/>&#13;<br \/>\n<br \/>&#13;<br \/>\nLo m\u00e1s reciente es que Amnist\u00eda Internacional y la Oficina del Alcalde de Par\u00eds anunciaron una actividad para declarar a Rep\u00fablica Dominicana como \u2018Para\u00edso de la Esclavitud Contempor\u00e1nea\u201d. Eso, a todas luces, es inaceptable, pero parece que nadie saca la cabeza para poner a esta gente en su puesto, o m\u00e1s mandarla al carajo. <br \/>&#13;<br \/>\n<br \/>&#13;<br \/>\nEs al carajo, para no decir otra cosa, que deben irse.<br \/>&#13;<br \/>\n<br \/>&#13;<br \/>\nAmnist\u00eda Internacional no ha dicho nada del muro que levanta EEUU en la frontera con M\u00e9xico. Y se queja del supuesto \u2018Para\u00edso Esclavista\u2019, absurda imputaci\u00f3n apoyada por otras organizaciones europeas, naturalmente alimentadas por las ONGs locales que reciben grandes sumas de EEUU, de Francia, de Espa\u00f1a, Holanda y Canad\u00e1, entre otros pa\u00edses donde s\u00ed hay xenofobia.<br \/>&#13;<br \/>\n<br \/>&#13;<br \/>\nEl alcalde de la capital francesa, Bertrand Delance, es uno de los art\u00edfices de la inmoral y perversa campa\u00f1a para colocar nuestro pa\u00eds es una especie de pared\u00f3n internacional, pero ese malvado funcionario de una ciudad tan noble, que ha dado cobija  a tantos dominicanos, no sabe que probablemente antepasados suyos aniquilaron en Hait\u00ed a cientos de esclavos. Hait\u00ed, hasta 1804, era una colonia bajo el dominio de Francia.<br \/>&#13;<br \/>\n<br \/>&#13;<br \/>\nAl se\u00f1or Delance hay que hacerle llegar los textos de la historia haitiana que recogen las atrocidades cometidas por su gente en Hait\u00ed, al extremo que cuando los esclavos se revelaron hasta causar una especie de tierra arrasada. O que se lea los diarios de guerra escritos por la soldadesca francesa para que sepa donde estaba el verdadero \u2018para\u00edso de la esclavitud\u2019.<br \/>&#13;<br \/>\n<br \/>&#13;<br \/>\nYa est\u00e1 bueno de infamias, de acusaciones perversas que lo \u00fanico que procuran es provocar un distanciamiento que nunca ha existido entre haitianos y dominicanos. Como nativo de una comunidad muy pr\u00f3xima a la frontera he tenido, durante a\u00f1os, la oportunidad de tratar con haitianos de todos los niveles, y ellos mismos est\u00e1n convencidos de que eso de la supuesta pr\u00e1ctica esclavista es un asunto manejado.<br \/>&#13;<br \/>\n<br \/>&#13;<br \/>\nHay que concluir en que de lo que se trata, sin dudas, es de una trama internacional, pero los patrocinadores de la misma deben tener bien en cuenta que los dominicanos seguiremos siendo dominicanos y los haitianos seguir\u00e1n siendo haitianos. No es verdad, como estar\u00edan pensando algunos, que \u2018La isla es una e indivisible\u2019. La isla es una sola, pero estar\u00e1 siempre dividida en dos: Rep\u00fablica Dominicana y Hait\u00ed.<\/span><br \/>&#13;<br \/>\n<br \/>&#13;<br \/>\n<span class=\"ttmediao Estilo6\"><em><strong>Email:<\/strong> lebron2@hotmail.com<\/em><\/span><br \/>&#13;\n<\/p>\n<p>&#13;<\/p>\n<h6> 2007-03-28 16:50:26 <\/h6>\n<p><!--\n<link rel=\"stylesheet\" href=\"css\/bootstrap.min.css\">\n\n\n<ul class=\"pagination\">\n\t    \n\t\n\n<li >\n\t<a href='?page_no=13131'>Previous<\/a>\n\t<\/li>\n\n\n       \n    \n\n<li><a href='?page_no=1'>1<\/a><\/li>\n\n\n\n<li><a href='?page_no=2'>2<\/a><\/li>\n\n\n\n<li><a>...<\/a><\/li>\n\n\n\n<li><a href='?page_no=13130'>13130<\/a><\/li>\n\n\n\n<li><a href='?page_no=13131'>13131<\/a><\/li>\n\n\n\n<li class='active'><a>13132<\/a><\/li>\n\n\n\n<li><a href='?page_no=13133'>13133<\/a><\/li>\n\n\n\n<li><a href='?page_no=13134'>13134<\/a><\/li>\n\n\n\n<li><a>...<\/a><\/li>\n\n\n\n<li><a href='?page_no=13611'>13611<\/a><\/li>\n\n\n\n<li><a href='?page_no=13612'>13612<\/a><\/li>\n\n    \n\t\n\n<li >\n\t<a href='?page_no=13133'>Next<\/a>\n\t<\/li>\n\n\n    \n\n<li><a href='?page_no=13612'>Last &rsaquo;&rsaquo;<\/a><\/li>\n\n<\/ul>\n\n\n--><br \/>\n<\/body><\/p>\n","protected":false},"excerpt":{"rendered":"<p>POLITICA &amp; JUSTICIA12 &#13; \u00bfY si fuera Balaguer? &#13; Por Roberto Lebr\u00f3n &#13; Hace varios d\u00edas que esta columna estaba escrita, pero hab\u00eda olvidado enviarla a los medios en que de manera habitual publico mis opiniones. En esta entrega me refiero a la manera despiadada como un grupo de farsantes despotrica a la Rep\u00fablica Dominicana, [&hellip;]<\/p>\n","protected":false},"author":3,"featured_media":0,"comment_status":"open","ping_status":"open","sticky":false,"template":"","format":"standard","meta":{"footnotes":""},"categories":[16],"tags":[],"class_list":["post-37362","post","type-post","status-publish","format-standard","hentry","category-opiniones"],"_links":{"self":[{"href":"https:\/\/diariodominicano.com\/index.php?rest_route=\/wp\/v2\/posts\/37362","targetHints":{"allow":["GET"]}}],"collection":[{"href":"https:\/\/diariodominicano.com\/index.php?rest_route=\/wp\/v2\/posts"}],"about":[{"href":"https:\/\/diariodominicano.com\/index.php?rest_route=\/wp\/v2\/types\/post"}],"author":[{"embeddable":true,"href":"https:\/\/diariodominicano.com\/index.php?rest_route=\/wp\/v2\/users\/3"}],"replies":[{"embeddable":true,"href":"https:\/\/diariodominicano.com\/index.php?rest_route=%2Fwp%2Fv2%2Fcomments&post=37362"}],"version-history":[{"count":0,"href":"https:\/\/diariodominicano.com\/index.php?rest_route=\/wp\/v2\/posts\/37362\/revisions"}],"wp:attachment":[{"href":"https:\/\/diariodominicano.com\/index.php?rest_route=%2Fwp%2Fv2%2Fmedia&parent=37362"}],"wp:term":[{"taxonomy":"category","embeddable":true,"href":"https:\/\/diariodominicano.com\/index.php?rest_route=%2Fwp%2Fv2%2Fcategories&post=37362"},{"taxonomy":"post_tag","embeddable":true,"href":"https:\/\/diariodominicano.com\/index.php?rest_route=%2Fwp%2Fv2%2Ftags&post=37362"}],"curies":[{"name":"wp","href":"https:\/\/api.w.org\/{rel}","templated":true}]}}