{"id":37361,"date":"2007-03-28T17:00:02","date_gmt":"2007-03-28T17:00:02","guid":{"rendered":"http:\/\/diariodominicano.ddns.net\/?p=37361"},"modified":"2007-03-28T17:00:02","modified_gmt":"2007-03-28T17:00:02","slug":"veinte-anos-de-periodismo-honesto-y-responsable","status":"publish","type":"post","link":"https:\/\/diariodominicano.com\/?p=37361","title":{"rendered":"Veinte a\u00f1os de periodismo honesto y responsable"},"content":{"rendered":"<p><body><\/p>\n<p align=\"right\"><strong><img loading=\"lazy\" decoding=\"async\" width=\"67\" height=\"36\" src=\"http:\/\/10.0.0.82:8080\/formato_clip_image002_0048.gif\" \/><\/strong><br \/>&#13;<br \/>\n    <strong><img loading=\"lazy\" decoding=\"async\" width=\"177\" height=\"33\" src=\"http:\/\/10.0.0.82:8080\/formato_clip_image004_0021.gif\" \/><\/strong><\/p>\n<p>&#13;<\/p>\n<p align=\"right\"><strong class=\"titulogrande\"><em>Comentarios de Medios<\/em><\/strong><br \/>&#13;<br \/>\n  <br \/>&#13;<br \/>\n    <em class=\"textogrande\">27 de Marzo, 2007<\/em><\/p>\n<p>&#13;<\/p>\n<p align=\"right\"><strong><em>\u201cNo busquemos solemnes definiciones de la libertad. <\/em><br \/>&#13;<br \/>\n  <em>Ella es s\u00f3lo esto: Responsabilidad\u201d.<\/em><\/strong><br \/>&#13;<br \/>\n  <br \/>&#13;<br \/>\n    <span class=\"textopq1\"><em>George Bernard Shaw<\/em><\/span><em class=\"subtitulos\"> (1856-1950) <\/em><\/p>\n<p>&#13;<\/p>\n<p class=\"titulogrande1\"><em><strong>-Veinte a\u00f1os de periodismo honesto y  responsable<\/strong><\/em>&#8211;<\/p>\n<p>&#13;<\/p>\n<p align=\"justify\"><strong><em>La sociedad dominicana debe mucho al periodismo honesto y responsable.  Este periodismo ha sido muro de contenci\u00f3n de desmanes del poder pol\u00edtico y  econ\u00f3mico y ha sido, tambi\u00e9n, empuje de las mejores causas. En ese sentido,  reproducimos las palabras de Juan Bol\u00edvar D\u00edaz con motivo del 20 aniversario del  programa Uno+Uno, un s\u00edmbolo de periodismo honesto y responsable.<\/em><\/strong><br \/>&#13;<br \/>\n    <br \/>&#13;<br \/>\n  <span class=\"text1noticias\">Nos complace saludar a  todas y todos los que nos honran con su presencia en este encuentro  conmemorativo del vig\u00e9simo aniversario de uno m\u00e1s uno.<br \/>&#13;<br \/>\n  <br \/>&#13;<br \/>\n  De aquella hermosa canci\u00f3n de Alfredo Le Pera titulada Volver, que inmortaliz\u00f3  el legendario Alfredo Gardel, ha quedado en la memoria colectiva el verso que  proclama que veinte a\u00f1os no es nada.<br \/>&#13;<br \/>\n<br \/>&#13;<br \/>\nY efectivamente, es un lapso muy corto, apenas un suspiro cuando hacemos  conciencia de la inconmensurable dimensi\u00f3n del tiempo y el universo.<br \/>&#13;<br \/>\n<br \/>&#13;<br \/>\nVeinte a\u00f1os es poco tambi\u00e9n si pensamos en la vida de los pueblos y naciones,  en los que durante milenios se ha venido manifestando el esp\u00edritu gregario del  que fueron dotados los seres humanos.<br \/>&#13;<br \/>\n<br \/>&#13;<br \/>\nEste lapso es tan solo el 12 por ciento de la vida de la naci\u00f3n dominicana, a\u00fan  pendiente de alcanzar las dimensiones que le confirieron los sue\u00f1os de sus  fundadores, sostenidos contra toda adversidad por legiones de mujeres y hombres  que sin necesariamente despreciar los dones materiales han tenido como divisa  fundamental los espirituales y sociales.<br \/>&#13;<br \/>\n<br \/>&#13;<br \/>\nPero en la vida de un programa televisivo y en nuestras propias existencias  veinte a\u00f1os es mucho tiempo. Porque ciertamente es un soplo la vida y ya vamos  con la frente marchita, comprobando que las nieves del tiempo van plateando la  sien.<br \/>&#13;<br \/>\n<br \/>&#13;<br \/>\nEn retrospectiva estas dos d\u00e9cadas han significado un gran esfuerzo de todo un  colectivo, que siempre han integrado m\u00e1s de 50 personas, para mantener un  amplio espacio a la comunicaci\u00f3n, a la pluralidad y la diversidad, a la  expresi\u00f3n de los anhelos y sue\u00f1os de nuestro pueblo.<br \/>&#13;<br \/>\n<br \/>&#13;<br \/>\nPara muchos de nosotros Uno+Uno ha sido un medio de crecimiento y realizaci\u00f3n  profesional, una escuela donde se han forjado comunicadores que hoy son  fundamentales en otros espacios. Casi todos los que se fueron lo hicieron por  su propia voluntad. Algunos regresaron cuando quisieron. A todos los debemos  gratitud. Por cuatro de ellos: Mois\u00e9s Blanco Genao, Juli\u00e1n Cabrera, Daniel  Martich y Jaime Wilmore- rogamos a Dios por su dicha eterna.<br \/>&#13;<br \/>\n<br \/>&#13;<br \/>\nReconocimiento especial para los que han permanecido todo este tiempo,  sobreviviendo a los madrugonazos, como don Francis Moya, asumiendo mayores  cargas, como Adalberto Grull\u00f3n, o batallando contra la rutina como Roberto  Feli\u00fa. Muchos de la actual plantilla tienen cinco, diez y quince a\u00f1os haciendo  sus valiosos aportes. A todos ellos corresponden las felicitaciones y  reconocimientos que recibimos.<br \/>&#13;<br \/>\n<br \/>&#13;<br \/>\nNo podemos prescindir del testimonio de nuestra gratitud a los accionistas,  administradores, t\u00e9cnicos y ejecutivos de Teleantillas, sin cuyo esfuerzo y  respaldo de ninguna forma estar\u00edamos hoy aqu\u00ed.<br \/>&#13;<br \/>\n<br \/>&#13;<br \/>\nUn reconocimiento muy particular debemos a la familia Corripio, especialmente a  Pep\u00edn, cuyo apoyo en todas las circunstancias, a veces muy dif\u00edciles, ha sido  fundamental para la supervivencia de Uno+Uno. De \u00e9l, como de Manuel,  cotidianamente vinculado a Teleantillas, s\u00f3lo hemos recibido est\u00edmulos. Todos  los que permanecen o estuvieron alg\u00fan tiempo con nosotros, saben del respeto  por la profesionalidad, la libertad y la diversidad que hay en Teleantillas. Ning\u00fan comentarista o entrevistador recibi\u00f3  jam\u00e1s una llamada recriminatoria, ni se le aconsej\u00f3 sobre lo que deb\u00edan o no  decir.<br \/>&#13;<br \/>\n<br \/>&#13;<br \/>\nDesde sus inicios <em><strong>en Uno+Uno se ha  practicado un periodismo militantemente cr\u00edtico y hasta combativo. Pero siempre  con claros lineamientos profesionales. Sin ofender a las personas, ni al  patrimonio ling\u00fc\u00edstico y cultural, ni a nuestros televidentes. Con plena  conciencia de nuestras limitaciones, convencidos de que erramos, y por eso  estamos siempre abiertos a recibir cr\u00edticas y sugerencias, y a rectificar cada  vez que alguien, con raz\u00f3n, lo solicita. Porque eso es comunicaci\u00f3n, intercambio  de doble direcci\u00f3n, sin pontificar ni pretender aniquilar la disensi\u00f3n.<\/strong><\/em><br \/>&#13;<br \/>\n<br \/>&#13;<br \/>\n  <strong><em>Sin embargo, desde muy temprano proclamamos y seguimos sosteniendo que en  Uno+Uno no somos neutros. <br \/>&#13;<br \/>\n  <br \/>&#13;<br \/>\n  Militamos d\u00eda a d\u00eda con todos los esfuerzos  colectivos por la superaci\u00f3n de la sociedad dominicana. A plena conciencia  promovemos las mejores causas, combatimos las lacras y r\u00e9moras y defendemos  todos los derechos humanos, sociales e individuales. A\u00fan en casos en que vamos  contra una opini\u00f3n predominante. <\/em><\/strong><br \/>&#13;<br \/>\n  <br \/>&#13;<br \/>\n  <strong><em>Tratamos de ejercer un periodismo responsable por encima de los intereses  econ\u00f3micos, pol\u00edticos y hasta religiosos, sin reconocer ninguna discriminaci\u00f3n.  Pero tambi\u00e9n sin alquilar ni vender nuestras opiniones e informaciones.<\/em><\/strong><br \/>&#13;<br \/>\n  <br \/>&#13;<br \/>\nLa ocasi\u00f3n es propicia para agradecer tambi\u00e9n a las empresas que nos han  patrocinado, algunas desde nuestros inicios, y para reconocer a tantos  colaboradores que han estado siempre prestos a enriquecer nuestro espacio con  su participaci\u00f3n.<br \/>&#13;<br \/>\n<br \/>&#13;<br \/>\nCelebramos con gratitud y satisfacci\u00f3n el haber acompa\u00f1ado a nuestro pueblo en contribuido al debate y la promoci\u00f3n de m\u00faltiples reformas econ\u00f3micas, sociales  y pol\u00edticas ejecutadas en este lapso.<br \/>&#13;<br \/>\n<br \/>&#13;<br \/>\nPero cuando vemos todo lo que falta por hacer para fortalecer la institucionalidad  democr\u00e1tica, reducir dr\u00e1sticamente la pobreza y la corrupci\u00f3n, y para mejorar  la distribuci\u00f3n de los bienes, entonces nos damos cuenta de que, efectivamente,  veinte a\u00f1os no es nada.<br \/>&#13;<br \/>\n<br \/>&#13;<br \/>\nEstamos desafiados a \u00a0multiplicar estas dos d\u00e9cadas, con  mayores esfuerzos, combatiendo la tendencia al pesimismo y con plena conciencia  de que los procesos de cambios sociales son lentos\u00a0 y requieren  persistencia, con el alma aferrada al objetivo del bienestar colectivo.<br \/>&#13;<br \/>\n<br \/>&#13;<br \/>\nAgradecemos particularmente a todas y todos ustedes que nos han acompa\u00f1ado  en esta noche. Tengan la seguridad de que seguiremos haciendo honor al lema de  Uno+Uno, que es el principio y fin de la comunicaci\u00f3n.<br \/>&#13;<br \/>\n<br \/>&#13;<br \/>\n  <em>26 de Marzo del 2007.<\/em><\/span><\/p>\n<p>&#13;<\/p>\n<h6> 2007-03-28 17:00:02 <\/h6>\n<p><!--\n<link rel=\"stylesheet\" href=\"css\/bootstrap.min.css\">\n\n\n<ul class=\"pagination\">\n\t    \n\t\n\n<li >\n\t<a href='?page_no=13130'>Previous<\/a>\n\t<\/li>\n\n\n       \n    \n\n<li><a href='?page_no=1'>1<\/a><\/li>\n\n\n\n<li><a href='?page_no=2'>2<\/a><\/li>\n\n\n\n<li><a>...<\/a><\/li>\n\n\n\n<li><a href='?page_no=13129'>13129<\/a><\/li>\n\n\n\n<li><a href='?page_no=13130'>13130<\/a><\/li>\n\n\n\n<li class='active'><a>13131<\/a><\/li>\n\n\n\n<li><a href='?page_no=13132'>13132<\/a><\/li>\n\n\n\n<li><a href='?page_no=13133'>13133<\/a><\/li>\n\n\n\n<li><a>...<\/a><\/li>\n\n\n\n<li><a href='?page_no=13611'>13611<\/a><\/li>\n\n\n\n<li><a href='?page_no=13612'>13612<\/a><\/li>\n\n    \n\t\n\n<li >\n\t<a href='?page_no=13132'>Next<\/a>\n\t<\/li>\n\n\n    \n\n<li><a href='?page_no=13612'>Last &rsaquo;&rsaquo;<\/a><\/li>\n\n<\/ul>\n\n\n--><br \/>\n<\/body><\/p>\n","protected":false},"excerpt":{"rendered":"<p>&#13; &#13; Comentarios de Medios&#13; &#13; 27 de Marzo, 2007 &#13; \u201cNo busquemos solemnes definiciones de la libertad. &#13; Ella es s\u00f3lo esto: Responsabilidad\u201d.&#13; &#13; George Bernard Shaw (1856-1950) &#13; -Veinte a\u00f1os de periodismo honesto y responsable&#8211; &#13; La sociedad dominicana debe mucho al periodismo honesto y responsable. Este periodismo ha sido muro de contenci\u00f3n [&hellip;]<\/p>\n","protected":false},"author":3,"featured_media":0,"comment_status":"open","ping_status":"open","sticky":false,"template":"","format":"standard","meta":{"footnotes":""},"categories":[16],"tags":[],"class_list":["post-37361","post","type-post","status-publish","format-standard","hentry","category-opiniones"],"_links":{"self":[{"href":"https:\/\/diariodominicano.com\/index.php?rest_route=\/wp\/v2\/posts\/37361","targetHints":{"allow":["GET"]}}],"collection":[{"href":"https:\/\/diariodominicano.com\/index.php?rest_route=\/wp\/v2\/posts"}],"about":[{"href":"https:\/\/diariodominicano.com\/index.php?rest_route=\/wp\/v2\/types\/post"}],"author":[{"embeddable":true,"href":"https:\/\/diariodominicano.com\/index.php?rest_route=\/wp\/v2\/users\/3"}],"replies":[{"embeddable":true,"href":"https:\/\/diariodominicano.com\/index.php?rest_route=%2Fwp%2Fv2%2Fcomments&post=37361"}],"version-history":[{"count":0,"href":"https:\/\/diariodominicano.com\/index.php?rest_route=\/wp\/v2\/posts\/37361\/revisions"}],"wp:attachment":[{"href":"https:\/\/diariodominicano.com\/index.php?rest_route=%2Fwp%2Fv2%2Fmedia&parent=37361"}],"wp:term":[{"taxonomy":"category","embeddable":true,"href":"https:\/\/diariodominicano.com\/index.php?rest_route=%2Fwp%2Fv2%2Fcategories&post=37361"},{"taxonomy":"post_tag","embeddable":true,"href":"https:\/\/diariodominicano.com\/index.php?rest_route=%2Fwp%2Fv2%2Ftags&post=37361"}],"curies":[{"name":"wp","href":"https:\/\/api.w.org\/{rel}","templated":true}]}}