{"id":37358,"date":"2007-03-30T17:38:57","date_gmt":"2007-03-30T17:38:57","guid":{"rendered":"http:\/\/diariodominicano.ddns.net\/?p=37358"},"modified":"2007-03-30T17:38:57","modified_gmt":"2007-03-30T17:38:57","slug":"la-demanda-tcw-es-el-preludio-de-una-ola-de-demandas-que-nos-coloca-en-el-umbral-de-una-nacion-embargada","status":"publish","type":"post","link":"https:\/\/diariodominicano.com\/?p=37358","title":{"rendered":"La demanda TCW es el preludio de una  ola de demandas que nos coloca en el  umbral de  una Naci\u00f3n embargada"},"content":{"rendered":"<p><body><\/p>\n<p align=\"justify\" class=\"titulogrande1\"><em>La demanda TCW es el preludio de una\u00a0 ola de demandas que nos coloca en el\u00a0 umbral de\u00a0  una Naci\u00f3n embargada<\/em><\/p>\n<p>&#13;<\/p>\n<p><span class=\"linksnoticias\"><em>Por<\/em><\/span> <span class=\"textogrande\"><em>Guillermo Caram<\/em><\/span><\/p>\n<p>&#13;<\/p>\n<p align=\"justify\" class=\"text1noticias\">Las instancias responsables de la naci\u00f3n, especialmente sus  autoridades, deben ponderar con sumo cuidado las se\u00f1ales indicativas de  que una posible \u00a0ola de demandas se  cierna contra el Estado Dominicano, cuyo primer bot\u00f3n lo constituye el caso de la TCW; empresa que adquiri\u00f3 las  acciones de la AES  en \u00a0EDE Este.<\/p>\n<p>&#13;<\/p>\n<p align=\"justify\" class=\"text1noticias\">La demanda que fue objeto por violaci\u00f3n a los derechos  humanos relacionados \u00a0con la declaraci\u00f3n  de hijos de haitianos nacidos en el pa\u00eds y el debate \u00a0mismo sobre la embargabilidad del Estado que  se ha escenificado a trav\u00e9s de \u00a0medios,  constituyen proleg\u00f3menos de \u00e9sta posible ola.<\/p>\n<p>&#13;<\/p>\n<p align=\"justify\" class=\"text1noticias\">Aparentemente acicateado por la entrada en vigencia del DR  CAFTA parece que \u00a0le ha llegado el turno  a las demandas financieras derivadas de compromisos \u00a0asumidos por el Estado mediante contratos con  empresas extranjeras. A ello \u00a0se agrega  la reciente satisfacci\u00f3n mostrada por el FMI sobre el \u00a0comportamiento del sector el\u00e9ctrico,  nuevamente divorciado de la ciudadan\u00eda \u00a0y  los aut\u00e9nticos intereses econ\u00f3micos nacionales; puesto que, a contrapelo \u00a0de \u00e9sta satisfacci\u00f3n, \u00e9stas instancias siguen  manifestando insatisfacciones \u00a0por el  malo y caro servicio el\u00e9ctrico que disponemos, de apagones y tarifas \u00a0altas. Y de subsidios privilegiados a favor de  las empresas y no de los \u00a0consumidores<\/p>\n<p>&#13;<\/p>\n<p align=\"justify\" class=\"text1noticias\">Y como la demanda de marras, de la TCW al Estado Dominicano por  casi 600 \u00a0Millones de US$, es una  consecuencia directa de la lenidad, laxitud imprevisi\u00f3n y negligencia\u00a0  con que han actuado los funcionarios gubernamentales que participaron, y\u00a0 siguen participando en el negocio el\u00e9ctrico; nos sentimos atemorizados de que estamos siendo  colocados en el \u00a0umbral de una naci\u00f3n  embargada.<\/p>\n<p>&#13;<\/p>\n<p align=\"justify\" class=\"text1noticias\">Esto as\u00ed, porque con comportamientos como los citados  existen todas las posibilidades que la demanda prospere; justific\u00e1ndose as\u00ed el  p\u00e1nico de que una ola de demandas amenace las finanzas y soberan\u00eda  nacionales.<\/p>\n<p>&#13;<\/p>\n<p align=\"justify\" class=\"text1noticias\">Sobre todo ante los antecedentes que se iniciaron con el  proceso de capitalizaci\u00f3n de la   CDE que ha dado como resultado que en tres ocasiones las operaciones del negocio el\u00e9ctrico, han beneficiado a las  empresas extranjeras en perjuicio del Estado Dominicano, su poblaci\u00f3n  y econom\u00eda.<\/p>\n<p>&#13;<\/p>\n<p align=\"justify\" class=\"text1noticias\">La primera ocasi\u00f3n fue durante el inicio del proceso de  capitalizaci\u00f3n cuando, ignorando las advertencias que se hicieron sobre  imprevisiones originadas en la precipitaci\u00f3n e irregularidad de las  licitaciones y contrataciones del sistema de distribuci\u00f3n de electricidad,  se concertaron contratos con tal laxitud que la ciudadan\u00eda nunca qued\u00f3  convencida si en verdad se aportaron e invirtieron los 700 millones de US$  que correspond\u00eda a las empresas privadas  como contraparte de la capitalizaci\u00f3n. Recu\u00e9rdese que \u00a0en aquella ocasi\u00f3n se debati\u00f3 sobre la  pertinencia que dichos contratos fueron conocidos por el Congreso Nacional, poder del Estado  que nunca procedi\u00f3 a tales fines, entre otras razones, por la  renuencia del Gobierno a su sometimiento formal.<\/p>\n<p>&#13;<\/p>\n<p align=\"justify\" class=\"text1noticias\">La segunda ocasi\u00f3n sucedi\u00f3 al re estatizarse, durante el  gobierno anterior, parte del sistema de distribuci\u00f3n con la recompra de las  acciones de UNI\u00d3N \u00a0FENOSA en las EDES  norte y sur por parte del Estado Dominicano. Dicha operaci\u00f3n tambi\u00e9n efectuada por v\u00eda  administrativa, sin sanci\u00f3n \u00a0congresional,  devor\u00f3 tanto las finanzas p\u00fablicas al hipotecar los ingresos de la CDE, que provoc\u00f3 la ruptura  con el FMI. Esta operaci\u00f3n se concibi\u00f3 como una operaci\u00f3n entre dos empresas (  CDE y UNI\u00d3N FENOSA) que gener\u00f3 una deuda comercial.<\/p>\n<p>&#13;<\/p>\n<p align=\"justify\" class=\"text1noticias\">La tercera ocasi\u00f3n la protagoniz\u00f3 el presente gobierno al  convertir \u00e9sta simple deuda comercial y privada en p\u00fablica y soberana  mediante una ley en la que emiti\u00f3 bonos soberanos para saldar el valor de  recompra; despertando con ello el apetito de los accionistas extranjeros (AES)  de la \u00fanica empresa de distribuci\u00f3n que no fue recomprada (EDE Este).<\/p>\n<p>&#13;<\/p>\n<p align=\"justify\" class=\"text1noticias\">Como consecuencia de este inter\u00e9s despertado, es que AES  decide vender sus acciones de EDE Este a TCW; empresa que ahora demanda al  Estado Dominicano.<\/p>\n<p>&#13;<\/p>\n<p align=\"justify\" class=\"text1noticias\">Ahora pende un cuarto pago relacionado con el mismo negocio  sobre nuestras cabezas: la demanda de marras que har\u00eda pagar al Estado  Dominicano cuatro veces en el mismo negocio.<\/p>\n<p>&#13;<\/p>\n<p align=\"justify\" class=\"text1noticias\">Con estos antecedentes a la vista, existen razones para  temer que las autoridades actuar\u00e1n nuevamente con tal lenidad y sumisi\u00f3n  que pueda prosperar la demanda de marras de parte. Y hasta para  sospechar, ante algunas interrogantes sobre las actuaciones de las  autoridades que reflejan\u00a0 ingenuidad o complicidad:<\/p>\n<p>&#13;<\/p>\n<p align=\"justify\" class=\"text1noticias\">\u00bfCual fue la posici\u00f3n de la CDE, en su condici\u00f3n de accionista paritario (50% de las acciones y con iguales miembros en los  organismos de direcci\u00f3n) \u00a0con AES en la  propiedad de EDE Este ante \u00e9sta transferencia de acciones? Fue debidamente informada, toler\u00f3 la  desinformaci\u00f3n o tom\u00f3 las previsiones \u00a0correspondientes  de esa operaci\u00f3n concertada en Noviembre del 2004?<\/p>\n<p>&#13;<\/p>\n<p align=\"justify\" class=\"text1noticias\">\u00bfComo y por qu\u00e9 despu\u00e9s que AES vendi\u00f3 su participaci\u00f3n a  TCW, fue simult\u00e1neamente recontratada por EDE Este, donde la CDE es accionista paritaria, para operar la misma empresa que antes era co  propietaria, precisamente el mismo mes en que se produce la transferencia  de acciones?<\/p>\n<p>&#13;<\/p>\n<p align=\"justify\" class=\"text1noticias\">Pero la consideraci\u00f3n de \u00e9sta demanda va mas all\u00e1 del simple  negocio el\u00e9ctrico.<\/p>\n<p>&#13;<\/p>\n<p align=\"justify\" class=\"text1noticias\">Si dicha demanda prosperara, lo cual es lo previsible de  seguirse con la lenidad, sumisi\u00f3n o connivencia mostrada por el  funcionariado el\u00e9ctrico; el Estado se ver\u00e1 expuesto a encarar otras demandas millonarias  por incumplimiento de compromisos asumidos en contratos  suscritos tanto dentro \u00a0del sector  el\u00e9ctrico, como en otros sectores en los que se encuentren involucradas empresas extranjeras y haya asumido compromisos  que no ha cumplido.<\/p>\n<p>&#13;<\/p>\n<p align=\"justify\" class=\"text1noticias\">Exposici\u00f3n que pudiera concluir con un peligroso embargo  financiero que diera al traste con nuestra condici\u00f3n de naci\u00f3n libre y  soberana.<\/p>\n<p>&#13;<\/p>\n<p align=\"justify\" class=\"text1noticias\">Si esto finalmente sucediera, sobre el presente gobierno  recaer\u00eda esa gran responsabilidad frente a los dominicanos y frente a nuestra  historia.<\/p>\n<p>&#13;<\/p>\n<h6> 2007-03-30 17:38:57 <\/h6>\n<p><!--\n<link rel=\"stylesheet\" href=\"css\/bootstrap.min.css\">\n\n\n<ul class=\"pagination\">\n\t    \n\t\n\n<li >\n\t<a href='?page_no=13128'>Previous<\/a>\n\t<\/li>\n\n\n       \n    \n\n<li><a href='?page_no=1'>1<\/a><\/li>\n\n\n\n<li><a href='?page_no=2'>2<\/a><\/li>\n\n\n\n<li><a>...<\/a><\/li>\n\n\n\n<li><a href='?page_no=13127'>13127<\/a><\/li>\n\n\n\n<li><a href='?page_no=13128'>13128<\/a><\/li>\n\n\n\n<li class='active'><a>13129<\/a><\/li>\n\n\n\n<li><a href='?page_no=13130'>13130<\/a><\/li>\n\n\n\n<li><a href='?page_no=13131'>13131<\/a><\/li>\n\n\n\n<li><a>...<\/a><\/li>\n\n\n\n<li><a href='?page_no=13611'>13611<\/a><\/li>\n\n\n\n<li><a href='?page_no=13612'>13612<\/a><\/li>\n\n    \n\t\n\n<li >\n\t<a href='?page_no=13130'>Next<\/a>\n\t<\/li>\n\n\n    \n\n<li><a href='?page_no=13612'>Last &rsaquo;&rsaquo;<\/a><\/li>\n\n<\/ul>\n\n\n--><br \/>\n<\/body><\/p>\n","protected":false},"excerpt":{"rendered":"<p>La demanda TCW es el preludio de una\u00a0 ola de demandas que nos coloca en el\u00a0 umbral de\u00a0 una Naci\u00f3n embargada &#13; Por Guillermo Caram &#13; Las instancias responsables de la naci\u00f3n, especialmente sus autoridades, deben ponderar con sumo cuidado las se\u00f1ales indicativas de que una posible \u00a0ola de demandas se cierna contra el Estado [&hellip;]<\/p>\n","protected":false},"author":3,"featured_media":0,"comment_status":"open","ping_status":"open","sticky":false,"template":"","format":"standard","meta":{"footnotes":""},"categories":[16],"tags":[],"class_list":["post-37358","post","type-post","status-publish","format-standard","hentry","category-opiniones"],"_links":{"self":[{"href":"https:\/\/diariodominicano.com\/index.php?rest_route=\/wp\/v2\/posts\/37358","targetHints":{"allow":["GET"]}}],"collection":[{"href":"https:\/\/diariodominicano.com\/index.php?rest_route=\/wp\/v2\/posts"}],"about":[{"href":"https:\/\/diariodominicano.com\/index.php?rest_route=\/wp\/v2\/types\/post"}],"author":[{"embeddable":true,"href":"https:\/\/diariodominicano.com\/index.php?rest_route=\/wp\/v2\/users\/3"}],"replies":[{"embeddable":true,"href":"https:\/\/diariodominicano.com\/index.php?rest_route=%2Fwp%2Fv2%2Fcomments&post=37358"}],"version-history":[{"count":0,"href":"https:\/\/diariodominicano.com\/index.php?rest_route=\/wp\/v2\/posts\/37358\/revisions"}],"wp:attachment":[{"href":"https:\/\/diariodominicano.com\/index.php?rest_route=%2Fwp%2Fv2%2Fmedia&parent=37358"}],"wp:term":[{"taxonomy":"category","embeddable":true,"href":"https:\/\/diariodominicano.com\/index.php?rest_route=%2Fwp%2Fv2%2Fcategories&post=37358"},{"taxonomy":"post_tag","embeddable":true,"href":"https:\/\/diariodominicano.com\/index.php?rest_route=%2Fwp%2Fv2%2Ftags&post=37358"}],"curies":[{"name":"wp","href":"https:\/\/api.w.org\/{rel}","templated":true}]}}