{"id":37355,"date":"2007-03-30T18:53:36","date_gmt":"2007-03-30T18:53:36","guid":{"rendered":"http:\/\/diariodominicano.ddns.net\/?p=37355"},"modified":"2007-03-30T18:53:36","modified_gmt":"2007-03-30T18:53:36","slug":"el-tema-candelier-soto-jimenez","status":"publish","type":"post","link":"https:\/\/diariodominicano.com\/?p=37355","title":{"rendered":"El tema Candelier \u2013 Soto Jim\u00e9nez"},"content":{"rendered":"<p><body><\/p>\n<p align=\"justify\"><span class=\"titulogrande1\"><em>El tema Candelier \u2013 Soto Jim\u00e9nez<\/em><\/span><br \/>&#13;<br \/>\n    <br \/>&#13;<br \/>\n    <span class=\"linksnoticias\"><em>Por<\/em><\/span><span class=\"textogrande\"><em> Isidro  Castillo<\/em><\/span><br \/>&#13;<br \/>\n  <br \/>&#13;<br \/>\n  <span class=\"text1noticias\">Es frecuente y recurrente la presencia de Soto Jim\u00e9nez en los medios, es su  lugar favorito se desplaza con elegancia y se siente c\u00f3modo. Como pez en el  agua \u00a1!! Se hace acompa\u00f1ar de personalidades de los grupos minoritarios. Y de  ver simuladamente la posibilidad de enterar al ruedo pol\u00edtico\u2026. Cuando se  produzcan las circunstancias y la coyuntura favorable para ello \u2026..Dijo en su  \u00faltima en su entrevista al List\u00edn Diario.<br \/>&#13;<br \/>\n  <br \/>&#13;<br \/>\n  Pareciese que las grandes necesidades y calamidades por las que atraviesa la  naci\u00f3n dominicana no son suficientes para aspirar y alentar una motivaci\u00f3n  pol\u00edtica de cambio y renovaci\u00f3n. Soto Jim\u00e9nez utiliza la simulaci\u00f3n pol\u00edtica  como estrategia. Anda mesi\u00e1nicamente reinvidicando los pensamientos de los  padres de la patria con Fundaci\u00f3n su Quinta Rep\u00fablica la cual definimos como su  instrumento de la simulaci\u00f3n. Es conocida su la rivalidad pol\u00edtica y personal  con Pedro de Jes\u00fas Candelier.<br \/>&#13;<br \/>\n  <br \/>&#13;<br \/>\nSobre los or\u00edgenes de estas rivalidades s\u00f3lo  ellos pondr\u00e1n opinar. Su confrontaci\u00f3n tiene muchas interpretaciones y lecturas  m\u00e1s all\u00e1 del estrecho e especulativo margen de lo personal. <br \/>&#13;<br \/>\n  <br \/>&#13;<br \/>\n  Si podr\u00eda decir que entre militares activos e inactivos ambos son los que  suscitan m\u00e1s simpat\u00edas en las fuerzas armadas. Hoy en las filas de las fuerzas  armadas nacionales se escuchan voces t\u00edmidas y aun aisladas que reclaman su  inserci\u00f3n en el conjunto de las nacionales latinoamericanas donde los militares  participan en el sufragio nacional. <br \/>&#13;<br \/>\n  <br \/>&#13;<br \/>\n  De hecho lo hacen y tienen preferencias  pol\u00edticas. Reclaman el derecho al voto para participar de manera directa en el  prceso electoral.<br \/>&#13;<br \/>\n  <br \/>&#13;<br \/>\n  El liderazgo pol\u00edtico de Candelier es real y est\u00e1 en la calle. La poblaci\u00f3n lo  vincula y relaciona con el cambio y la renovaci\u00f3n,<br \/>&#13;<br \/>\n  <br \/>&#13;<br \/>\n  Se diferencia de los partidos tradicionales y el pueblo lo destaca y victorea  como l\u00edder de Las fuerzas emergentes. <br \/>&#13;<br \/>\n  <br \/>&#13;<br \/>\n  Con las potencialidades aglutinadoras de  un liderzazo de cohesi\u00f3n, impulsador de ejes y frentes libertarios.<br \/>&#13;<br \/>\n  <br \/>&#13;<br \/>\n  Su gran fuerza popular su solid\u00f3 liderazgo lo proyectan alcanzar la sinton\u00eda  con los grandes procesos de cambios que se est\u00e1n produciendo en Latinoam\u00e9rica.<br \/>&#13;<br \/>\n  <br \/>&#13;<br \/>\n  Las fuerzas de la reacci\u00f3n dominicana, saben que Candelier en el escenario  nacional conserva esta dimensi\u00f3n de trascender los limites de nuestras fronteras  y alcanzar la proyecci\u00f3n que en el pasado alcanzo el inmortal Francisco Alberto  Caama\u00f1o De\u00f1o. En Candelier no hay simulaci\u00f3n, solo hay compromiso con el pueblo  y la historia.<br \/>&#13;<br \/>\n  <br \/>&#13;<br \/>\nA diferencia de Soto Jim\u00e9nez que solo se activa vacilantemente en pol\u00edtica  cuando act\u00faa de contrapeso contra las iniciativas pol\u00edticas de Candelier. Va  detr\u00e1s de Candelier, va detr\u00e1s de todo el proceso hist\u00f3rico, por ello crea una  Fundaci\u00f3n a igual que el presidente de la Republica en vez de un partido, y evade  enfrentarse a los rigores y desaf\u00edos de crear su propio partido y opta el  camino infeliz de apoyarse en peque\u00f1as organizaciones que negociaron su  legalizaci\u00f3n para mantenerse en el sistema de partidos. El seguir\u00e1 haciendo lo  que sabe hacer, el trabajo de contra peso AL LIDERAZGO de Candelier y esforz\u00e1ndose  a cerrar espacios y caminos al l\u00edder de Alianza Popular. Y all\u00ed fracasar\u00e1 el y  su instrumento de hacer pol\u00edtica \u00a1La Simulaci\u00f3n!<\/span><\/p>\n<p>&#13;<\/p>\n<h6> 2007-03-30 18:53:36 <\/h6>\n<p><!--\n<link rel=\"stylesheet\" href=\"css\/bootstrap.min.css\">\n\n\n<ul class=\"pagination\">\n\t    \n\t\n\n<li >\n\t<a href='?page_no=13125'>Previous<\/a>\n\t<\/li>\n\n\n       \n    \n\n<li><a href='?page_no=1'>1<\/a><\/li>\n\n\n\n<li><a href='?page_no=2'>2<\/a><\/li>\n\n\n\n<li><a>...<\/a><\/li>\n\n\n\n<li><a href='?page_no=13124'>13124<\/a><\/li>\n\n\n\n<li><a href='?page_no=13125'>13125<\/a><\/li>\n\n\n\n<li class='active'><a>13126<\/a><\/li>\n\n\n\n<li><a href='?page_no=13127'>13127<\/a><\/li>\n\n\n\n<li><a href='?page_no=13128'>13128<\/a><\/li>\n\n\n\n<li><a>...<\/a><\/li>\n\n\n\n<li><a href='?page_no=13611'>13611<\/a><\/li>\n\n\n\n<li><a href='?page_no=13612'>13612<\/a><\/li>\n\n    \n\t\n\n<li >\n\t<a href='?page_no=13127'>Next<\/a>\n\t<\/li>\n\n\n    \n\n<li><a href='?page_no=13612'>Last &rsaquo;&rsaquo;<\/a><\/li>\n\n<\/ul>\n\n\n--><br \/>\n<\/body><\/p>\n","protected":false},"excerpt":{"rendered":"<p>El tema Candelier \u2013 Soto Jim\u00e9nez&#13; &#13; Por Isidro Castillo&#13; &#13; Es frecuente y recurrente la presencia de Soto Jim\u00e9nez en los medios, es su lugar favorito se desplaza con elegancia y se siente c\u00f3modo. Como pez en el agua \u00a1!! Se hace acompa\u00f1ar de personalidades de los grupos minoritarios. Y de ver simuladamente la [&hellip;]<\/p>\n","protected":false},"author":3,"featured_media":0,"comment_status":"open","ping_status":"open","sticky":false,"template":"","format":"standard","meta":{"footnotes":""},"categories":[16],"tags":[],"class_list":["post-37355","post","type-post","status-publish","format-standard","hentry","category-opiniones"],"_links":{"self":[{"href":"https:\/\/diariodominicano.com\/index.php?rest_route=\/wp\/v2\/posts\/37355","targetHints":{"allow":["GET"]}}],"collection":[{"href":"https:\/\/diariodominicano.com\/index.php?rest_route=\/wp\/v2\/posts"}],"about":[{"href":"https:\/\/diariodominicano.com\/index.php?rest_route=\/wp\/v2\/types\/post"}],"author":[{"embeddable":true,"href":"https:\/\/diariodominicano.com\/index.php?rest_route=\/wp\/v2\/users\/3"}],"replies":[{"embeddable":true,"href":"https:\/\/diariodominicano.com\/index.php?rest_route=%2Fwp%2Fv2%2Fcomments&post=37355"}],"version-history":[{"count":0,"href":"https:\/\/diariodominicano.com\/index.php?rest_route=\/wp\/v2\/posts\/37355\/revisions"}],"wp:attachment":[{"href":"https:\/\/diariodominicano.com\/index.php?rest_route=%2Fwp%2Fv2%2Fmedia&parent=37355"}],"wp:term":[{"taxonomy":"category","embeddable":true,"href":"https:\/\/diariodominicano.com\/index.php?rest_route=%2Fwp%2Fv2%2Fcategories&post=37355"},{"taxonomy":"post_tag","embeddable":true,"href":"https:\/\/diariodominicano.com\/index.php?rest_route=%2Fwp%2Fv2%2Ftags&post=37355"}],"curies":[{"name":"wp","href":"https:\/\/api.w.org\/{rel}","templated":true}]}}