{"id":373540,"date":"2022-08-04T00:15:33","date_gmt":"2022-08-04T04:15:33","guid":{"rendered":"http:\/\/diariodominicano.com\/?p=373540"},"modified":"2022-08-04T06:39:58","modified_gmt":"2022-08-04T10:39:58","slug":"crisis-economica-se-lleva-al-presidente-pedro-santana","status":"publish","type":"post","link":"https:\/\/diariodominicano.com\/?p=373540","title":{"rendered":"Crisis econ\u00f3mica se lleva al presidente Pedro Santana"},"content":{"rendered":"\n<p>SANTO DOMINGO, el 4 de agosto de 1848, se hizo p\u00fablica la renuncia del Presidente Pedro Santana, cuyo Gobierno hab\u00eda perdido cr\u00e9dito en la poblaci\u00f3n por los efectos de crisis econ\u00f3mica.<\/p>\n\n\n\n<p>&nbsp;&nbsp; Una versi\u00f3n hist\u00f3rica da cuenta de que la crisis econ\u00f3mica y la oposici\u00f3n parlamentaria provocaron en Pedro Santana una depresi\u00f3n&nbsp; y por en ello en febrero de 1848 se retir\u00f3 a su finca de El Seibo y dej\u00f3 el Poder Ejecutivo en manos&nbsp; del Consejo de Secretarios de Estado.<\/p>\n\n\n\n<p>&nbsp;&nbsp; El retiro del Presidente&nbsp; Santana cre\u00f3 una situaci\u00f3n en la que creci\u00f3 la oposici\u00f3n a su r\u00e9gimen y en el Congreso se produjeron manifestaciones de rechazo a su pol\u00edtica econ\u00f3mica.<\/p>\n\n\n\n<p>&nbsp;&nbsp; A mediados del a\u00f1o 1848, Pedro Santana no ten\u00eda ni siquiera el apoyo Militar, lo que qued\u00f3 evidenciado cuando trat\u00f3 junto al general Felipe Alfau, destituir al coronel Tom\u00e1s Troncoso, acus\u00e1ndolo de indecoroso, pero no encontraron militares que reforzaran sus acusaciones.<\/p>\n\n\n\n<p>&nbsp;&nbsp; Por ello, el Consejo de Guerra que juzg\u00f3 al militar lo declar\u00f3 inocente.<\/p>\n\n\n\n<p>&nbsp;&nbsp; El incidente le permiti\u00f3 comprobar a Santana y al general Alfau, que ni siquiera en el Ej\u00e9rcito gozaban de simpat\u00eda.<\/p>\n\n\n\n<figure class=\"wp-block-image size-large\"><img loading=\"lazy\" decoding=\"async\" width=\"1024\" height=\"526\" src=\"https:\/\/diariodominicano.com\/wp-content\/uploads\/2021\/05\/13-de-Mayo-del-ano-1849-Congreso-participa-en-plan-para-derrocar-al-presidente-Manuel-Jimenes-1024x526.jpg\" alt=\"\" class=\"wp-image-276344\" srcset=\"https:\/\/diariodominicano.com\/wp-content\/uploads\/2021\/05\/13-de-Mayo-del-ano-1849-Congreso-participa-en-plan-para-derrocar-al-presidente-Manuel-Jimenes-1024x526.jpg 1024w, https:\/\/diariodominicano.com\/wp-content\/uploads\/2021\/05\/13-de-Mayo-del-ano-1849-Congreso-participa-en-plan-para-derrocar-al-presidente-Manuel-Jimenes-300x154.jpg 300w, https:\/\/diariodominicano.com\/wp-content\/uploads\/2021\/05\/13-de-Mayo-del-ano-1849-Congreso-participa-en-plan-para-derrocar-al-presidente-Manuel-Jimenes-768x395.jpg 768w, https:\/\/diariodominicano.com\/wp-content\/uploads\/2021\/05\/13-de-Mayo-del-ano-1849-Congreso-participa-en-plan-para-derrocar-al-presidente-Manuel-Jimenes-1536x789.jpg 1536w, https:\/\/diariodominicano.com\/wp-content\/uploads\/2021\/05\/13-de-Mayo-del-ano-1849-Congreso-participa-en-plan-para-derrocar-al-presidente-Manuel-Jimenes-2048x1052.jpg 2048w, https:\/\/diariodominicano.com\/wp-content\/uploads\/2021\/05\/13-de-Mayo-del-ano-1849-Congreso-participa-en-plan-para-derrocar-al-presidente-Manuel-Jimenes-816x419.jpg 816w\" sizes=\"auto, (max-width: 1024px) 100vw, 1024px\" \/><figcaption>Manuel Jimenes<\/figcaption><\/figure>\n\n\n\n<p>&nbsp;&nbsp;&nbsp; La realidad llev\u00f3 al Presidente Pedro Santana a renunciar a su cargo el 4 de agosto de 1848, ante su Consejo de Secretarios, que asumi\u00f3 el Gobierno hasta el 8 de septiembre de 1848, cuando tom\u00f3 posesi\u00f3n de la Presidencia el general Manuel Jimenes, quien era el ministro de Guerra y Marina.<\/p>\n\n\n\n<p>&nbsp;&nbsp;&nbsp;&nbsp; En el momento en Rep\u00fablica Dominicana&nbsp; exist\u00edan expectativas de que el general Manuel Jimenes, pudiera constituir un Gobierno liberal diferente a lo que fue la administraci\u00f3n del general&nbsp; Santana.<\/p>\n\n\n\n<p>&nbsp;&nbsp;&nbsp; Se estimaba que&nbsp; Jimenes,&nbsp; podr\u00eda dirigir un Gobierno liberal porque hab\u00eda tenido afiliaci\u00f3n trinitaria.<\/p>\n\n\n\n<p>&nbsp;&nbsp;&nbsp; Sin embargo, los acontecimientos no se tornaron como pensaba la gente. Surgieron hechos&nbsp; que debilitaron al Presidente Jimenes y&nbsp; Santana volvi\u00f3 al poder el 30 de mayo de 1849.<\/p>\n\n\n\n<p>&nbsp;&nbsp;&nbsp; Su destacada participaci\u00f3n en la lucha contra las nuevas invasiones haitianas de 1849, le permitieron recobrar su poder pol\u00edtico y militar.<\/p>\n","protected":false},"excerpt":{"rendered":"<p>SANTO DOMINGO, el 4 de agosto de 1848, se hizo p\u00fablica la renuncia del Presidente Pedro Santana, cuyo Gobierno hab\u00eda perdido cr\u00e9dito en la poblaci\u00f3n por los efectos de crisis econ\u00f3mica. &nbsp;&nbsp; Una versi\u00f3n hist\u00f3rica da cuenta de que la crisis econ\u00f3mica y la oposici\u00f3n parlamentaria provocaron en Pedro Santana una depresi\u00f3n&nbsp; y por en [&hellip;]<\/p>\n","protected":false},"author":28,"featured_media":263669,"comment_status":"closed","ping_status":"","sticky":true,"template":"","format":"standard","meta":{"footnotes":""},"categories":[26,27],"tags":[],"class_list":["post-373540","post","type-post","status-publish","format-standard","has-post-thumbnail","hentry","category-efemerides","category-portada"],"_links":{"self":[{"href":"https:\/\/diariodominicano.com\/index.php?rest_route=\/wp\/v2\/posts\/373540","targetHints":{"allow":["GET"]}}],"collection":[{"href":"https:\/\/diariodominicano.com\/index.php?rest_route=\/wp\/v2\/posts"}],"about":[{"href":"https:\/\/diariodominicano.com\/index.php?rest_route=\/wp\/v2\/types\/post"}],"author":[{"embeddable":true,"href":"https:\/\/diariodominicano.com\/index.php?rest_route=\/wp\/v2\/users\/28"}],"replies":[{"embeddable":true,"href":"https:\/\/diariodominicano.com\/index.php?rest_route=%2Fwp%2Fv2%2Fcomments&post=373540"}],"version-history":[{"count":2,"href":"https:\/\/diariodominicano.com\/index.php?rest_route=\/wp\/v2\/posts\/373540\/revisions"}],"predecessor-version":[{"id":373544,"href":"https:\/\/diariodominicano.com\/index.php?rest_route=\/wp\/v2\/posts\/373540\/revisions\/373544"}],"wp:featuredmedia":[{"embeddable":true,"href":"https:\/\/diariodominicano.com\/index.php?rest_route=\/wp\/v2\/media\/263669"}],"wp:attachment":[{"href":"https:\/\/diariodominicano.com\/index.php?rest_route=%2Fwp%2Fv2%2Fmedia&parent=373540"}],"wp:term":[{"taxonomy":"category","embeddable":true,"href":"https:\/\/diariodominicano.com\/index.php?rest_route=%2Fwp%2Fv2%2Fcategories&post=373540"},{"taxonomy":"post_tag","embeddable":true,"href":"https:\/\/diariodominicano.com\/index.php?rest_route=%2Fwp%2Fv2%2Ftags&post=373540"}],"curies":[{"name":"wp","href":"https:\/\/api.w.org\/{rel}","templated":true}]}}