{"id":37354,"date":"2007-03-30T19:02:59","date_gmt":"2007-03-30T19:02:59","guid":{"rendered":"http:\/\/diariodominicano.ddns.net\/?p=37354"},"modified":"2007-03-30T19:02:59","modified_gmt":"2007-03-30T19:02:59","slug":"en-un-tris-a-goyito-in-memorian","status":"publish","type":"post","link":"https:\/\/diariodominicano.com\/?p=37354","title":{"rendered":"En un tris\u2026 (a Goyito\/in memorian)"},"content":{"rendered":"<p><body><\/p>\n<p align=\"justify\"><strong class=\"titulogrande1\"><em>En un tris\u2026 (a Goyito\/in memorian)<\/em><\/strong> <br \/>&#13;<br \/>\n  <br \/>&#13;<br \/>\n    <span class=\"linksnoticias\"><em>Por<\/em><\/span><strong class=\"textogrande\"><em> LEO HERNANDEZ*<\/em><\/strong><br \/>&#13;<br \/>\n    <br \/>&#13;<br \/>\n    <span class=\"text1noticias\">-\u201cPich\u00f3n,  \u00bfqui\u00e9n hace esas notas que siempre me traes?\u201d, son\u00f3 como un disparo la\u00a0 pregunta.<br \/>&#13;<br \/>\n  <br \/>&#13;<br \/>\n  -\u201cEeeh\u2026 yo mismo\u201d, fue la respuesta nerviosa del mozalbete, que interpret\u00f3  la interrogante como el preludio de un reproche.<br \/>&#13;<br \/>\n  <br \/>&#13;<br \/>\n  -\u201cSi es verdad eso, ven todas las tardes aqu\u00ed, que te voy a hacer  periodista\u201d, dijo aquel hombre desde su escritorio, al fondo del peque\u00f1o sal\u00f3n. <br \/>&#13;<br \/>\n  <br \/>&#13;<br \/>\n  -\u201c\u00bfPeriodista yo?\u201d, se pregunt\u00f3 para sus adentros el mozalbete, cuyas  aspiraciones de la pubertad eran las de ser arquitecto, talvez porque era bueno  en las matem\u00e1ticas. A\u00fan con dudas, el muchacho recibi\u00f3 aquellas palabras como  un aluvi\u00f3n de energ\u00eda positiva. Casi no pod\u00eda creerlo(\u201c\u00bfYo periodista?\u201d, se  repet\u00eda a s\u00ed mismo) pero viniendo de esa persona, que percib\u00eda ten\u00eda alg\u00fan  mando all\u00ed, acogi\u00f3 la sugerencia.<br \/>&#13;<br \/>\n  <br \/>&#13;<br \/>\n  El de ese llamado para que el periodismo tuviera un nuevo oficiante era  Gregorio Garc\u00eda Castro (Goyito). El mozalbete era yo.<br \/>&#13;<br \/>\n  <br \/>&#13;<br \/>\n  De aquel hombre hiperactivo, conservo como imagen aquella con el  auricular de la centralita telef\u00f3nica gris entre el hombro y su oreja derecha  escribiendo con inusual rapidez en una m\u00e1quina Facit, de suave carro que dejaba  escapar un sonido de campana al t\u00e9rmino de cada l\u00ednea. Era el jefe de redacci\u00f3n  del peri\u00f3dico, gustaba de ofrecer conferencias sobre periodismo en el interior,  pero daba ejemplo de sencillez y humildad rese\u00f1\u00e1ndolas siempre identific\u00e1ndose  simplemente como \u201credactor de Ultima Hora\u201d.<br \/>&#13;<br \/>\n  <br \/>&#13;<br \/>\n  Cada d\u00eda, daba seguimiento a las noticias que dominaban la actualidad, recib\u00eda  por la v\u00eda telef\u00f3nica datos sueltos de cualquier reportero y\/o corresponsal, escrib\u00eda  y chequeaba su columna En un Tris\u2026 y verificaba \u2013antes que lo hicieran Virgilio  Alc\u00e1ntara y Mois\u00e9s Pellerano- el pegado de las p\u00e1ginas. Cerrada la edici\u00f3n del  d\u00eda, escrib\u00eda un comentario para el m\u00e1s popular programa televisivo del  mediod\u00eda, redactaba el editorial de un noticiero radial, distribu\u00eda notas en la  redacci\u00f3n, adelantaba asignaciones para los reporteros y recib\u00eda una que otra  visita.<br \/>&#13;<br \/>\n  <br \/>&#13;<br \/>\n  Para su \u00e9poca, era de los periodistas que ganaba m\u00e1s dinero por su  pr\u00e1ctica del pluriempleo. No obstante, fue peat\u00f3n hasta semanas antes de aquel  fat\u00eddico 28 de marzo, ya que no amaba tanto las cosas materiales y con  facilidad hac\u00eda suyos los problemas econ\u00f3micos de los dem\u00e1s.<br \/>&#13;<br \/>\n  <br \/>&#13;<br \/>\n  Era peque\u00f1a entonces la redacci\u00f3n de Ultima Hora, en la mezanina del  edificio, siempre pintado de verde, de la calle 19 de Marzo con Salom\u00e9 Ure\u00f1a.  La direcci\u00f3n estaba detr\u00e1s de la redacci\u00f3n, publicidad y contabilidad en el  primer piso, y enfrente, administraci\u00f3n y talleres, los mismos del List\u00edn  Diario.<br \/>&#13;<br \/>\n  <br \/>&#13;<br \/>\nDe all\u00ed sali\u00f3 Goyito a su cita con la muerte la noche del 28 de marzo de  1973, har\u00e1 hoy 34 a\u00f1os. Su recuerdo y admiraci\u00f3n siempre estar\u00e1n en el  mozalbete que \u00e9l llev\u00f3 al periodismo sustray\u00e9ndolo de la arquitectura y que  escribe estos p\u00e1rrafos sin poder evitar las l\u00e1grimas.<\/span><\/p>\n<p>&#13;<\/p>\n<ul>&#13;<\/p>\n<ul>&#13;<\/p>\n<li><em><strong>El autor es periodista y consultor de  comunicaci\u00f3n. <\/strong><\/em><\/li>\n<p>&#13;\n<\/ul>\n<p>&#13;<\/p>\n<ul>&#13;<\/p>\n<ul>&#13;<\/p>\n<ul>&#13;<\/p>\n<ul>&#13;<\/p>\n<ul>&#13;<\/p>\n<ul>&#13;<\/p>\n<ul>&#13;<\/p>\n<ul>&#13;<\/p>\n<li><em><strong><a href=\"mailto:leohernandez@indes.org\">leohernandez@indes.org<\/a><\/strong><\/em><\/li>\n<p>&#13;\n<\/ul>\n<p>&#13;<\/p>\n<h6> 2007-03-30 19:02:59 <\/h6>\n<p><!--\n<link rel=\"stylesheet\" href=\"css\/bootstrap.min.css\">\n\n\n<ul class=\"pagination\">\n\t    \n\t\n\n<li >\n\t<a href='?page_no=13124'>Previous<\/a>\n\t<\/li>\n\n\n       \n    \n\n<li><a href='?page_no=1'>1<\/a><\/li>\n\n\n\n<li><a href='?page_no=2'>2<\/a><\/li>\n\n\n\n<li><a>...<\/a><\/li>\n\n\n\n<li><a href='?page_no=13123'>13123<\/a><\/li>\n\n\n\n<li><a href='?page_no=13124'>13124<\/a><\/li>\n\n\n\n<li class='active'><a>13125<\/a><\/li>\n\n\n\n<li><a href='?page_no=13126'>13126<\/a><\/li>\n\n\n\n<li><a href='?page_no=13127'>13127<\/a><\/li>\n\n\n\n<li><a>...<\/a><\/li>\n\n\n\n<li><a href='?page_no=13611'>13611<\/a><\/li>\n\n\n\n<li><a href='?page_no=13612'>13612<\/a><\/li>\n\n    \n\t\n\n<li >\n\t<a href='?page_no=13126'>Next<\/a>\n\t<\/li>\n\n\n    \n\n<li><a href='?page_no=13612'>Last &rsaquo;&rsaquo;<\/a><\/li>\n\n<\/ul>\n\n\n-->\n<\/ul>\n<\/ul>\n<\/ul>\n<\/ul>\n<\/ul>\n<\/ul>\n<\/ul>\n<\/ul>\n<p><\/body><\/p>\n","protected":false},"excerpt":{"rendered":"<p>En un tris\u2026 (a Goyito\/in memorian) &#13; &#13; Por LEO HERNANDEZ*&#13; &#13; -\u201cPich\u00f3n, \u00bfqui\u00e9n hace esas notas que siempre me traes?\u201d, son\u00f3 como un disparo la\u00a0 pregunta.&#13; &#13; -\u201cEeeh\u2026 yo mismo\u201d, fue la respuesta nerviosa del mozalbete, que interpret\u00f3 la interrogante como el preludio de un reproche.&#13; &#13; -\u201cSi es verdad eso, ven todas las [&hellip;]<\/p>\n","protected":false},"author":3,"featured_media":0,"comment_status":"open","ping_status":"open","sticky":false,"template":"","format":"standard","meta":{"footnotes":""},"categories":[16],"tags":[],"class_list":["post-37354","post","type-post","status-publish","format-standard","hentry","category-opiniones"],"_links":{"self":[{"href":"https:\/\/diariodominicano.com\/index.php?rest_route=\/wp\/v2\/posts\/37354","targetHints":{"allow":["GET"]}}],"collection":[{"href":"https:\/\/diariodominicano.com\/index.php?rest_route=\/wp\/v2\/posts"}],"about":[{"href":"https:\/\/diariodominicano.com\/index.php?rest_route=\/wp\/v2\/types\/post"}],"author":[{"embeddable":true,"href":"https:\/\/diariodominicano.com\/index.php?rest_route=\/wp\/v2\/users\/3"}],"replies":[{"embeddable":true,"href":"https:\/\/diariodominicano.com\/index.php?rest_route=%2Fwp%2Fv2%2Fcomments&post=37354"}],"version-history":[{"count":0,"href":"https:\/\/diariodominicano.com\/index.php?rest_route=\/wp\/v2\/posts\/37354\/revisions"}],"wp:attachment":[{"href":"https:\/\/diariodominicano.com\/index.php?rest_route=%2Fwp%2Fv2%2Fmedia&parent=37354"}],"wp:term":[{"taxonomy":"category","embeddable":true,"href":"https:\/\/diariodominicano.com\/index.php?rest_route=%2Fwp%2Fv2%2Fcategories&post=37354"},{"taxonomy":"post_tag","embeddable":true,"href":"https:\/\/diariodominicano.com\/index.php?rest_route=%2Fwp%2Fv2%2Ftags&post=37354"}],"curies":[{"name":"wp","href":"https:\/\/api.w.org\/{rel}","templated":true}]}}