{"id":373535,"date":"2022-08-04T00:03:38","date_gmt":"2022-08-04T04:03:38","guid":{"rendered":"http:\/\/diariodominicano.com\/?p=373535"},"modified":"2022-08-04T00:09:47","modified_gmt":"2022-08-04T04:09:47","slug":"el-adelantado-bartolome-colon-fundo-ciudad-santo-domingo","status":"publish","type":"post","link":"https:\/\/diariodominicano.com\/?p=373535","title":{"rendered":"El Adelantado Bartolom\u00e9 Col\u00f3n fund\u00f3 ciudad Santo Domingo"},"content":{"rendered":"\n<p><strong>Por H\u00e9ctor Tineo Nolasco<\/strong><\/p>\n\n\n\n<p><strong>Diariodominicano.com<\/strong><\/p>\n\n\n\n<p>SANTO DOMINGO, el 4 de agosto de 1496, el Adelantado Bartolom\u00e9 Col\u00f3n fund\u00f3 la ciudad Santo Domingo, en la margen oriental del r\u00edo Ozama. Luego fue establecida en la margen occidental del r\u00edo Ozama.<\/p>\n\n\n\n<p>&nbsp;&nbsp; &nbsp;El 4 de agosto de 1496, cuando Bartolom\u00e9 Col\u00f3n coloc\u00f3 la primera piedra de la ciudad, la bautiz\u00f3 con el nombre de Nueva Isabela, en honor a Isabel la Cat\u00f3lica, la reina protectora de la expedici\u00f3n de&nbsp; Crist\u00f3bal Col\u00f3n.<\/p>\n\n\n\n<p>&nbsp;&nbsp; M\u00e1s&nbsp; tarde el nombre de Nueva Isabela,&nbsp; fue sustituido por el de Santo Domingo de Guzm\u00e1n, en honor al Santo del mismo nombre, seg\u00fan&nbsp; una versi\u00f3n de la \u00e9poca.<\/p>\n\n\n\n<figure class=\"wp-block-image size-full\"><img loading=\"lazy\" decoding=\"async\" width=\"196\" height=\"257\" src=\"https:\/\/diariodominicano.com\/wp-content\/uploads\/2021\/12\/Balaguer00.jpg\" alt=\"\" class=\"wp-image-320626\"\/><figcaption>Joaqu\u00edn Balaguer<\/figcaption><\/figure>\n\n\n\n<p>&nbsp;&nbsp;&nbsp; <strong>En su obra \u201cGu\u00eda Emocional de la Ciudad Rom\u00e1ntica\u201d, el doctor Joaqu\u00edn Balaguer anota que \u201cLa antigua ciudad de Santo Domingo de Guzm\u00e1n, fundada el 4 de agosto de 1496 por el Adelantado Bartolom\u00e9 Col\u00f3n, fue destruida por el violento meteoro de 1502. Poco despu\u00e9s, fue levantada de nuevo en el sitio en que hoy se encuentra por el f\u00e9rreo comendador Frey Nicol\u00e1s de Ovando que la reconstruy\u00f3 a su imagen: con monumentos adustos como sus costumbres y con calles rectil\u00edneas como su car\u00e1cter de acero\u201d.<\/strong><\/p>\n\n\n\n<figure class=\"wp-block-image size-large\"><img loading=\"lazy\" decoding=\"async\" width=\"1024\" height=\"526\" src=\"https:\/\/diariodominicano.com\/wp-content\/uploads\/2022\/01\/Jose-Gabriel-Garcia-1024x526.jpg\" alt=\"\" class=\"wp-image-323764\" srcset=\"https:\/\/diariodominicano.com\/wp-content\/uploads\/2022\/01\/Jose-Gabriel-Garcia-1024x526.jpg 1024w, https:\/\/diariodominicano.com\/wp-content\/uploads\/2022\/01\/Jose-Gabriel-Garcia-300x154.jpg 300w, https:\/\/diariodominicano.com\/wp-content\/uploads\/2022\/01\/Jose-Gabriel-Garcia-768x395.jpg 768w, https:\/\/diariodominicano.com\/wp-content\/uploads\/2022\/01\/Jose-Gabriel-Garcia-1536x789.jpg 1536w, https:\/\/diariodominicano.com\/wp-content\/uploads\/2022\/01\/Jose-Gabriel-Garcia-2048x1052.jpg 2048w, https:\/\/diariodominicano.com\/wp-content\/uploads\/2022\/01\/Jose-Gabriel-Garcia-816x419.jpg 816w\" sizes=\"auto, (max-width: 1024px) 100vw, 1024px\" \/><figcaption>Jos\u00e9 Gabriel Garc\u00eda<\/figcaption><\/figure>\n\n\n\n<p>&nbsp;&nbsp;&nbsp; El historiador Jos\u00e9 Gabriel Garc\u00eda, en el&nbsp; primer tomo de su obra&nbsp; \u201cCompendio de la Historia de Santo Domingo\u201d,&nbsp; apunta que \u201cdespu\u00e9s de erigida oficialmente&nbsp; la Nueva Isabela y construida de mamposter\u00eda&nbsp; y maderas fuertes la Fortaleza que se llam\u00f3 La Torrecilla, tom\u00f3 el adelantado la determinaci\u00f3n de dejar en ella una guarnici\u00f3n de 20 hombres escojidos, y emprender con el resto de sus tropas la esploraci\u00f3n de la provincia de Jaragua,&nbsp; en la que entr\u00f3 con buen pi\u00e9, obteniendo como triunfo de Bohech\u00edo y Anacaona, que si bien al principio manifestaron repugnancia&nbsp; y se prepararon&nbsp; para hacer la guerra, luego reconocieron sumisos la soberan\u00eda de los&nbsp; Reyes de Espa\u00f1a, y se obligaron al pago&nbsp; del tributo, no en oro de que manifestaron carecer&nbsp; en absoluto, sino en algod\u00f3n,&nbsp; c\u00e1\u00f1amo y casabe, con cuyo motivo dieron \u00f3rdenes terminantes&nbsp; \u00e1 todos los caciques subalternos&nbsp; de que sembraran en&nbsp; abundancia las plantas&nbsp; de que deb\u00edan cosechar&nbsp; los productos mencionados\u201d. (sic)<\/p>\n\n\n\n<p>&nbsp;&nbsp;&nbsp; En el momento que Bartolom\u00e9 Col\u00f3n fund\u00f3 la nueva ciudad&nbsp; se encontraba en funciones de Gobernador en representaci\u00f3n de&nbsp; Crist\u00f3bal Col\u00f3n, quien hab\u00eda viajado a Espa\u00f1a, el 10 de marzo de 1496.&nbsp; Por ello ten\u00eda el t\u00edtulo de Adelantado.<\/p>\n\n\n\n<p>&nbsp;&nbsp; En tanto, su hermano Diego Col\u00f3n ten\u00eda la misi\u00f3n de sucederle en caso de muerte; \u201cPero sujetos ambos \u00e1 instrucciones terminantes, encaminadas \u00e1 sostener las conquistas hechas, y \u00e1 ensanchar la colonizaci\u00f3n en la banda sur, ocup\u00e1ndola militarmente tambi\u00e9n\u201d.<\/p>\n\n\n\n<p>&nbsp;&nbsp;&nbsp; En el viaje del 10 de marzo&nbsp; Crist\u00f3bal Col\u00f3n se llev\u00f3 a espa\u00f1oles descontentos que fueron calificados como una turba de facciosos, as\u00ed como al Cacique&nbsp; Caonabo con todos sus hermanos y sobrinos.<\/p>\n\n\n\n<p>&nbsp;&nbsp;&nbsp; El Adelantado Bartolom\u00e9 Col\u00f3n encarg\u00f3 a su hermano Diego, de La Isabela, que fue la primera ciudad que erigieron los colonizadores en el Continente Americano.<\/p>\n\n\n\n<p>&nbsp;&nbsp; Respecto a Santo Domingo de Guzm\u00e1n, es la primera Capital de Am\u00e9rica. Durante la \u00e9poca de la colonizaci\u00f3n fue el centro de Occidente.<\/p>\n\n\n\n<p><strong>&nbsp;&nbsp; Entre las obras coloniales de la Ciudad Primada se incluyen:<\/strong><strong><\/strong><\/p>\n\n\n\n<p><strong>&nbsp;&nbsp; -El Alc\u00e1zar de Col\u00f3n,<\/strong> erigido en 1510 por Diego Col\u00f3n, segundo Almirante de las indias y Gobernador de la Espa\u00f1ola.<\/p>\n\n\n\n<p><strong>&nbsp;&nbsp; -La Catedral de Santo Domingo,<\/strong> \u201cSu construcci\u00f3n, de acuerdo con las \u00faltimas investigaciones, particularmente las realizadas por Fray Cipriano de Utrera, se comenz\u00f3 probablemente en 1521. El Papa Paulo III la erigi\u00f3, en el a\u00f1o 1546,&nbsp; Catedral Metropolitana y&nbsp; Primada de las Indias.<\/p>\n\n\n\n<p><strong>&nbsp;&nbsp; -La Torre del Homenaje, <\/strong>&nbsp;construida a partir de 1503 por Nicol\u00e1s de Ovando.<\/p>\n\n\n\n<p><strong>&nbsp; -El Imperial Convento de Santo Domingo<\/strong>, asiento de la Real y Pontificia Universidad de Santo Tom\u00e1s de Aquino, se empez\u00f3 a construir en 1511, as\u00ed como la Iglesia de San Nicol\u00e1s, primer templo de piedra erigido en el continente Americano, edificado por Nicol\u00e1s de Ovando&nbsp; del a\u00f1o 1506 al 1508.<\/p>\n","protected":false},"excerpt":{"rendered":"<p>Por H\u00e9ctor Tineo Nolasco Diariodominicano.com SANTO DOMINGO, el 4 de agosto de 1496, el Adelantado Bartolom\u00e9 Col\u00f3n fund\u00f3 la ciudad Santo Domingo, en la margen oriental del r\u00edo Ozama. Luego fue establecida en la margen occidental del r\u00edo Ozama. &nbsp;&nbsp; &nbsp;El 4 de agosto de 1496, cuando Bartolom\u00e9 Col\u00f3n coloc\u00f3 la primera piedra de la [&hellip;]<\/p>\n","protected":false},"author":28,"featured_media":266973,"comment_status":"closed","ping_status":"","sticky":true,"template":"","format":"standard","meta":{"footnotes":""},"categories":[26,27],"tags":[],"class_list":["post-373535","post","type-post","status-publish","format-standard","has-post-thumbnail","hentry","category-efemerides","category-portada"],"_links":{"self":[{"href":"https:\/\/diariodominicano.com\/index.php?rest_route=\/wp\/v2\/posts\/373535","targetHints":{"allow":["GET"]}}],"collection":[{"href":"https:\/\/diariodominicano.com\/index.php?rest_route=\/wp\/v2\/posts"}],"about":[{"href":"https:\/\/diariodominicano.com\/index.php?rest_route=\/wp\/v2\/types\/post"}],"author":[{"embeddable":true,"href":"https:\/\/diariodominicano.com\/index.php?rest_route=\/wp\/v2\/users\/28"}],"replies":[{"embeddable":true,"href":"https:\/\/diariodominicano.com\/index.php?rest_route=%2Fwp%2Fv2%2Fcomments&post=373535"}],"version-history":[{"count":4,"href":"https:\/\/diariodominicano.com\/index.php?rest_route=\/wp\/v2\/posts\/373535\/revisions"}],"predecessor-version":[{"id":373568,"href":"https:\/\/diariodominicano.com\/index.php?rest_route=\/wp\/v2\/posts\/373535\/revisions\/373568"}],"wp:featuredmedia":[{"embeddable":true,"href":"https:\/\/diariodominicano.com\/index.php?rest_route=\/wp\/v2\/media\/266973"}],"wp:attachment":[{"href":"https:\/\/diariodominicano.com\/index.php?rest_route=%2Fwp%2Fv2%2Fmedia&parent=373535"}],"wp:term":[{"taxonomy":"category","embeddable":true,"href":"https:\/\/diariodominicano.com\/index.php?rest_route=%2Fwp%2Fv2%2Fcategories&post=373535"},{"taxonomy":"post_tag","embeddable":true,"href":"https:\/\/diariodominicano.com\/index.php?rest_route=%2Fwp%2Fv2%2Ftags&post=373535"}],"curies":[{"name":"wp","href":"https:\/\/api.w.org\/{rel}","templated":true}]}}