{"id":37351,"date":"2007-03-30T20:22:39","date_gmt":"2007-03-30T20:22:39","guid":{"rendered":"http:\/\/diariodominicano.ddns.net\/?p=37351"},"modified":"2007-03-30T20:22:39","modified_gmt":"2007-03-30T20:22:39","slug":"las-principales-en-teledebate-102","status":"publish","type":"post","link":"https:\/\/diariodominicano.com\/?p=37351","title":{"rendered":"LAS PRINCIPALES EN TELEDEBATE"},"content":{"rendered":"<p><body><\/p>\n<p><span class=\"titulogrande1\"><em>LAS PRINCIPALES EN TELEDEBATE<\/em><\/span><br \/>&#13;<br \/>\n  <br \/>&#13;<br \/>\n    <span class=\"ttmediao\"><em>Mi\u00e9rcoles  28,03,07<\/em><\/span><\/p>\n<p>&#13;<\/p>\n<p align=\"justify\"><em><strong>CRIMEN IMPUNE<\/strong><\/em>. <span class=\"text1noticias\">Hoy se cumplen 34 a\u00f1os del alevoso  asesinato del periodista Gregorio Garc\u00eca Castro, el le\u00ecdo y pol\u00e9mico autor de  \u201cEn un tris&#8230;\u201d que fuera popular columna del todav\u00eca reci\u00e8n estrenado vespertino  Ultima Hora. El crimen contin\u00f9a envuelto en una nebulosa que arropa la  impunidad de los responsables intelectuales y materiales del mismo.\u00a0 Ojal\u00e0 el expediente sea despertado de su  prolongado letargo para que se haga justicia aqu\u00ec o en la Corte Interamericana  como plantean algunos juristas.<\/span><\/p>\n<p>&#13;<\/p>\n<p align=\"justify\"><span class=\"titulogrande\"><em>EDEESTE: <\/em><\/span><em><strong>BUEN EJEMPLO.<\/strong><\/em> <span class=\"text1noticias\">Edeeste  despliega a bombos y platillos la informaci\u00f3n de que es la pionera entre las  distribuidoras en dar luz las 24 horas del d\u00eca. Mencionan como sitios  beneficiados la barriada de Villa Juana y las ciudades de El Seibo y Hato  Mayor,\u00a0 Un buen ejemplo de que es posible  contar con un servicio estable cuando la gente paga por el mismo y se encarga  de denunciar las conexiones ilegales.<\/span><\/p>\n<p>&#13;<\/p>\n<p align=\"justify\"><span class=\"titulogrande\"><em>EDEESTE<\/em>:<\/span> <em><strong>MAL EJEMPLO.<\/strong><\/em>\u00a0<span class=\"text1noticias\">Queda sin embargo pendiente de explicar al  pa\u00ecs c\u00f2mo se realiz\u00f2 la operaci\u00f3n de venta del 50 porciento del capital  accionario de la empresa a una compa\u00f1\u00eca extranjera por parte de AES Dominicana,  si hubo ganancia de capital y si se pagan los impuestos correspondientes.\u00a0 Tambi\u00e8n si el Estado Dominicano, poseedor de  la otra mitad del capital,\u00a0 particip\u00f2 en  la contrataci\u00f2n de la propia AES para que continuara administrando a  EDEESTE.\u00a0 Un mal ejemplo de negociaciones  aparentemente clandestinas.<\/span><\/p>\n<p>&#13;<\/p>\n<p align=\"justify\"><em><strong>BUENA DECISI\u00d3N.<\/strong><\/em>\u00a0<span class=\"text1noticias\">Bien ha hecho el gobierno en convocar al  Comit\u00e8 Nacional de Salarios. A \u00e8ste es al que corresponde por ley establecer  los sueldos m\u00ednimos en las tres escalas existentes dependiendo del capital  accionario de las empresas.\u00a0 Y bien  igualmente el sector sindical en obtemperar al llamado del Vicepresidente  Rafael Albuquerque para reintegrarse al di\u00e0logo con los empresarios.<\/span><\/p>\n<p>&#13;<\/p>\n<p align=\"justify\"><em><strong>UN PLANTEAMIENTO POCO  VIABLE.<\/strong><\/em>\u00a0<span class=\"text1noticias\">Luce dif\u00eccil sin embargo que  pueda arribarse a un acuerdo en base a un aumento general de salarios hasta 30  mil pesos como plantean los sindicalistas.\u00a0  As\u00ec como existen tres categor\u00edas para el sueldo m\u00ednimo dependiendo del  capital de la empresa contratante, no parece posible establecer una norma de  aumento general que si en unos casos pudiera resultar viable, en otros, sobre  todo si se trata de micro, peque\u00f1as y medianas pudieran llevarlas a la quiebra  o a despedir personal.<\/span><\/p>\n<p>&#13;<\/p>\n<p align=\"justify\"><em><strong>CRUZADA CONTRA EL DENGUE.\u00a0<\/strong><\/em><span class=\"text1noticias\">El Secretario de Salud P\u00f9blica, quien ayer  recibi\u00f2 nada menos que un refuerzo de 45 ambulancias adquiridas a un costo de  116 millones de pesos, anunci\u00f2 que a partir del 11 de Abril dar\u00e0 inicio una  gran campa\u00f1a nacional contra el dengue.\u00a0  Hasta ahora se han reportado tres muertes y m\u00e0s de mil casos.\u00a0 <br \/>&#13;<br \/>\n  <br \/>&#13;<br \/>\nPero conforme avance el verano, si no se  toman las medidas sanitarias de lugar, la situaci\u00f2n pudiera ser igual o peor a  la registrada en el 2006. La campa\u00f1a debe ser una sostenida cruzada.<\/span><\/p>\n<p>&#13;<\/p>\n<p align=\"justify\"><em><strong>HONRAR, HONRA&#8230;CUANDO ES  MERECIDO<\/strong><\/em>. <span class=\"text1noticias\">Dos premiaciones justas.\u00a0 La  del Soberano del Casandra que ayer recibi\u00f2 Charityn Goico como merecido  reconocimiento a su larga y exitosa trayectoria art\u00edstica.\u00a0 Y la de don Francisco Comarazamy, al ser  distinguido, tambi\u00e8n con sobrados m\u00e8ritos, con el preciado galard\u00f3n del Premio  Nacional de Periodismo 2007.\u00a0 En ambos  casos, los respectivos jurados decidieron de manera sabia y apropiada.<\/span><\/p>\n<p>&#13;<\/p>\n<p align=\"justify\"><em><strong>DOS AMENAZAS<\/strong><\/em>.\u00a0<span class=\"text1noticias\"> La actualidad internacional en caliente. Tony  Blair, el controversial pero bien posicionado Primer Ministro Brit\u00e1nico reclama  nuevamente de Ir\u00e0n la liberaci\u00f3n de 15 marinos ingleses capturados en el Golfo,  bajo advertencia de que en caso contrario el proceso entrar\u00e0 en una \u201cetapa  diferente\u201d. Mientras,\u00a0 ayer en la ONU hubo tensi\u00f3n y hasta corre  corre cuando fue necesario reforzar la vigilancia policial ante una llamada  telef\u00f3nica an\u00f3nima con amenaza de bomba. Por suerte, no hubo ni humo.<\/span><\/p>\n<p>&#13;<\/p>\n<p align=\"justify\"><em><strong>UNA EXCELENTE OBRA.<\/strong><\/em><span class=\"text1noticias\"> Hoy qued\u00f2 formalmente inaugurado el Parque  Metropolitano Las Praderas, en la   N\u00fa\u00f1ez de C\u00e1ceres. La pestilente laguna que por muchos a\u00f1os  afe\u00f2 el entorno y contamin\u00f2 el ambiente ha pasado a ser un recuerdo para dar  paso a una obra de recreaci\u00f2n familiar y moderno dise\u00f1o que cubre 16 mil metros  cuadrados y fue realizada a un costo de 350 millones de pesos.\u00a0 Falta ahora que se le de mantenimiento bajo  este gobierno y los que vengan despu\u00e8s.<\/span><\/p>\n<p>&#13;<\/p>\n<p align=\"justify\"><em><strong>NO MAS PALABRAS&#8230;<\/strong><\/em> <span class=\"text1noticias\">Otra cr\u00ectica  m\u00e0s para la justicia. El Fiscal del Distrito Nacional acusa a jueces de los  tribunales inferiores de desobedecer las directrices emanadas de la Suprema Corte de  Justicia. Seg\u00f9n el doctor Hern\u00e1ndez Peguero se est\u00e0n violando los derechos de  la sociedad en beneficio de presuntos delincuentes y poniendo en jaque la  efectividad del C\u00f3digo Procesal Penal.\u00a0  Aqu\u00ec cabe repetir aquello de \u201cno m\u00e0s palabras, magistrado\u201d.<\/span><\/p>\n<p>&#13;<\/p>\n<p align=\"justify\"><em><strong>VIOLENCIA CRIMINAL.\u00a0<\/strong><\/em><span class=\"text1noticias\">Y la violencia criminal contin\u00f9a cosechando  v\u00ecctimas.\u00a0 Ayer tres hombres fueron  encontrados muertos, ultimados a balazos y pu\u00f1aladas, en hechos separados  ocurridos en lugares tan distantes como Santiago, Pedernales y Tamayo.\u00a0 En esta \u00f9ltima localidad, un motoconchista  result\u00f2 asesinado de un balazo para robarle su modesto veh\u00edculo. El de Santiago  fue estrangulado a m\u00e0s de recibir una veintena de heridas de punz\u00f2n. <\/span><\/p>\n<p>&#13;<\/p>\n<h6> 2007-03-30 20:22:39 <\/h6>\n<p><!--\n<link rel=\"stylesheet\" href=\"css\/bootstrap.min.css\">\n\n\n<ul class=\"pagination\">\n\t    \n\t\n\n<li >\n\t<a href='?page_no=13121'>Previous<\/a>\n\t<\/li>\n\n\n       \n    \n\n<li><a href='?page_no=1'>1<\/a><\/li>\n\n\n\n<li><a href='?page_no=2'>2<\/a><\/li>\n\n\n\n<li><a>...<\/a><\/li>\n\n\n\n<li><a href='?page_no=13120'>13120<\/a><\/li>\n\n\n\n<li><a href='?page_no=13121'>13121<\/a><\/li>\n\n\n\n<li class='active'><a>13122<\/a><\/li>\n\n\n\n<li><a href='?page_no=13123'>13123<\/a><\/li>\n\n\n\n<li><a href='?page_no=13124'>13124<\/a><\/li>\n\n\n\n<li><a>...<\/a><\/li>\n\n\n\n<li><a href='?page_no=13611'>13611<\/a><\/li>\n\n\n\n<li><a href='?page_no=13612'>13612<\/a><\/li>\n\n    \n\t\n\n<li >\n\t<a href='?page_no=13123'>Next<\/a>\n\t<\/li>\n\n\n    \n\n<li><a href='?page_no=13612'>Last &rsaquo;&rsaquo;<\/a><\/li>\n\n<\/ul>\n\n\n--><br \/>\n<\/body><\/p>\n","protected":false},"excerpt":{"rendered":"<p>LAS PRINCIPALES EN TELEDEBATE&#13; &#13; Mi\u00e9rcoles 28,03,07 &#13; CRIMEN IMPUNE. Hoy se cumplen 34 a\u00f1os del alevoso asesinato del periodista Gregorio Garc\u00eca Castro, el le\u00ecdo y pol\u00e9mico autor de \u201cEn un tris&#8230;\u201d que fuera popular columna del todav\u00eca reci\u00e8n estrenado vespertino Ultima Hora. El crimen contin\u00f9a envuelto en una nebulosa que arropa la impunidad de [&hellip;]<\/p>\n","protected":false},"author":3,"featured_media":0,"comment_status":"open","ping_status":"open","sticky":false,"template":"","format":"standard","meta":{"footnotes":""},"categories":[16],"tags":[],"class_list":["post-37351","post","type-post","status-publish","format-standard","hentry","category-opiniones"],"_links":{"self":[{"href":"https:\/\/diariodominicano.com\/index.php?rest_route=\/wp\/v2\/posts\/37351","targetHints":{"allow":["GET"]}}],"collection":[{"href":"https:\/\/diariodominicano.com\/index.php?rest_route=\/wp\/v2\/posts"}],"about":[{"href":"https:\/\/diariodominicano.com\/index.php?rest_route=\/wp\/v2\/types\/post"}],"author":[{"embeddable":true,"href":"https:\/\/diariodominicano.com\/index.php?rest_route=\/wp\/v2\/users\/3"}],"replies":[{"embeddable":true,"href":"https:\/\/diariodominicano.com\/index.php?rest_route=%2Fwp%2Fv2%2Fcomments&post=37351"}],"version-history":[{"count":0,"href":"https:\/\/diariodominicano.com\/index.php?rest_route=\/wp\/v2\/posts\/37351\/revisions"}],"wp:attachment":[{"href":"https:\/\/diariodominicano.com\/index.php?rest_route=%2Fwp%2Fv2%2Fmedia&parent=37351"}],"wp:term":[{"taxonomy":"category","embeddable":true,"href":"https:\/\/diariodominicano.com\/index.php?rest_route=%2Fwp%2Fv2%2Fcategories&post=37351"},{"taxonomy":"post_tag","embeddable":true,"href":"https:\/\/diariodominicano.com\/index.php?rest_route=%2Fwp%2Fv2%2Ftags&post=37351"}],"curies":[{"name":"wp","href":"https:\/\/api.w.org\/{rel}","templated":true}]}}